{"id":210901,"date":"2022-08-22T10:05:17","date_gmt":"2022-08-22T09:05:17","guid":{"rendered":"https:\/\/www.elche.es\/2022\/08\/la-policia-local-dete-un-home-acusat-de-sostraure-diversos-objectes-a-la-platja-de-laltet\/"},"modified":"2022-08-22T10:05:17","modified_gmt":"2022-08-22T09:05:17","slug":"la-policia-local-dete-un-home-acusat-de-sostraure-diversos-objectes-a-la-platja-de-laltet","status":"publish","type":"post","link":"https:\/\/www.elche.es\/va\/2022\/08\/la-policia-local-dete-un-home-acusat-de-sostraure-diversos-objectes-a-la-platja-de-laltet\/","title":{"rendered":"La Policia Local det\u00e9 un home acusat de sostraure diversos objectes a la platja de l&#8217;Altet"},"content":{"rendered":"<div class=\"wpb-content-wrapper\"><p>[vc_row el_id=&#8221;SUBTITULAR_NOTICIA&#8221;][vc_column][vc_column_text]<\/p>\n<hr \/>\n<h4>Els agents realitzaven la vigil\u00e0ncia habitual del p\u00e0rquing quan van detectar l&#8217;actitud sospitosa d&#8217;una persona, que portava entre les seues pertinences una clau anglesa, un c\u00fater, una llima de metalls, llanterna i tres fundes d&#8217;ulleres de sol<\/h4>\n<hr \/>\n<p>[\/vc_column_text][\/vc_column][\/vc_row][vc_row el_id=&#8221;TEXTO_NOTICIA&#8221;][vc_column][vc_column_text]La Policia Local va detindre el passat 18 d&#8217;agost un home acusat de sostraure diversos objectes a la platja de l&#8217;Altet. Sobre les 16.00 hores una dotaci\u00f3, que realitzava l&#8217;habitual vigil\u00e0ncia de la zona d&#8217;estacionaments de la platja, va observar <strong>un individu en actitud sospitosa mirant vehicles<\/strong>, canviant bruscament de direcci\u00f3 en adonar-se de la pres\u00e8ncia policial i fent veure que rebia una telefonada al m\u00f2bil.<\/p>\n<p>Segons va indicar als agents, <strong>es trobava all\u00ed per a passar el dia a la platja, malgrat que la seua indument\u00e0ria no era l&#8217;habitual per a eixa finalitat<\/strong>, ja que portava entre les seues pertinences una clau anglesa, un c\u00fater, una llima de metalls, llanterna i diversos objectes sense relaci\u00f3 amb l&#8217;oci estival, al costat de tres fundes d&#8217;ulleres de sol.[\/vc_column_text][\/vc_column][\/vc_row][vc_row el_id=&#8221;DESTACADO_NOTICIA&#8221;][vc_column][vc_column_text el_class=&#8221;cuadronoticia&#8221;]<\/p>\n<h5>Durant la intervenci\u00f3, una turista estrangera va afirmar que l&#8217;implicat li hauria robat la seua bossa, amb unes ulleres de sol, claus de casa i el seu tel\u00e8fon m\u00f2bil<\/h5>\n<p>[\/vc_column_text][\/vc_column][\/vc_row][vc_row el_id=&#8221;TEXTO_FIN_NOTICIA&#8221;][vc_column][vc_column_text]Durant la intervenci\u00f3, <strong>una turista estrangera va afirmar que l&#8217;implicat li hauria sostret la seua bossa<\/strong>, amb unes ulleres de sol, claus de casa i el seu tel\u00e8fon m\u00f2bil. En identificar una de les fundes d&#8217;ulleres amb les quals els agents van trobar l&#8217;implicat, es va inspeccionar minuciosament la zona on se l&#8217;havia vist inicialment i es va localitzar l&#8217;esmentada bossa sota un vehicle i el tel\u00e8fon intel\u00b7ligent a la roda d&#8217;un altre.<\/p>\n<p>L&#8217;home va ser detingut i traslladat a depend\u00e8ncies policials, on va mostrar un comportament violent fins al seu final <strong>ingr\u00e9s en el dep\u00f2sit carcerari<\/strong>.<\/p>\n<hr \/>\n<p>[\/vc_column_text][\/vc_column][\/vc_row][vc_row][vc_column width=&#8221;1\/6&#8243;][\/vc_column][vc_column width=&#8221;2\/3&#8243;]<audio class=\"sc_audio\" src=\"\" width=\"\" height=\"\"><\/audio>[\/vc_column][vc_column width=&#8221;1\/6&#8243;][\/vc_column][\/vc_row]<\/p>\n<\/div>","protected":false},"excerpt":{"rendered":"<p>[vc_row el_id=&#8221;SUBTITULAR_NOTICIA&#8221;][vc_column][vc_column_text] Els agents realitzaven la vigil\u00e0ncia habitual del p\u00e0rquing quan van detectar l&#8217;actitud sospitosa d&#8217;una persona, que portava entre les seues pertinences una clau anglesa, un c\u00fater, una llima [&hellip;]<\/p>\n","protected":false},"author":131,"featured_media":210892,"comment_status":"closed","ping_status":"closed","sticky":false,"template":"","format":"standard","meta":{"footnotes":""},"categories":[2864,238],"tags":[],"class_list":["post-210901","post","type-post","status-publish","format-standard","has-post-thumbnail","hentry","category-breus","category-policia-local-va"],"_links":{"self":[{"href":"https:\/\/www.elche.es\/va\/wp-json\/wp\/v2\/posts\/210901","targetHints":{"allow":["GET"]}}],"collection":[{"href":"https:\/\/www.elche.es\/va\/wp-json\/wp\/v2\/posts"}],"about":[{"href":"https:\/\/www.elche.es\/va\/wp-json\/wp\/v2\/types\/post"}],"author":[{"embeddable":true,"href":"https:\/\/www.elche.es\/va\/wp-json\/wp\/v2\/users\/131"}],"replies":[{"embeddable":true,"href":"https:\/\/www.elche.es\/va\/wp-json\/wp\/v2\/comments?post=210901"}],"version-history":[{"count":0,"href":"https:\/\/www.elche.es\/va\/wp-json\/wp\/v2\/posts\/210901\/revisions"}],"wp:featuredmedia":[{"embeddable":true,"href":"https:\/\/www.elche.es\/va\/wp-json\/wp\/v2\/media\/210892"}],"wp:attachment":[{"href":"https:\/\/www.elche.es\/va\/wp-json\/wp\/v2\/media?parent=210901"}],"wp:term":[{"taxonomy":"category","embeddable":true,"href":"https:\/\/www.elche.es\/va\/wp-json\/wp\/v2\/categories?post=210901"},{"taxonomy":"post_tag","embeddable":true,"href":"https:\/\/www.elche.es\/va\/wp-json\/wp\/v2\/tags?post=210901"}],"curies":[{"name":"wp","href":"https:\/\/api.w.org\/{rel}","templated":true}]}}