{"id":211156,"date":"2022-08-26T11:30:36","date_gmt":"2022-08-26T10:30:36","guid":{"rendered":"https:\/\/www.elche.es\/2022\/08\/maria-jose-martinez-posa-en-valor-el-talent-de-15-joves-promeses-del-flamenc-delx-que-disputaran-una-final-europea-el-2-de-setembre-a-paris\/"},"modified":"2022-08-26T11:30:37","modified_gmt":"2022-08-26T10:30:37","slug":"maria-jose-martinez-posa-en-valor-el-talent-de-15-joves-promeses-del-flamenc-delx-que-disputaran-una-final-europea-el-2-de-setembre-a-paris","status":"publish","type":"post","link":"https:\/\/www.elche.es\/va\/2022\/08\/maria-jose-martinez-posa-en-valor-el-talent-de-15-joves-promeses-del-flamenc-delx-que-disputaran-una-final-europea-el-2-de-setembre-a-paris\/","title":{"rendered":"Mar\u00eda Jos\u00e9 Mart\u00ednez posa en valor el talent de 15 joves promeses del flamenc d&#8217;Elx que disputaran una final europea el 2 de setembre a Par\u00eds"},"content":{"rendered":"<div class=\"wpb-content-wrapper\"><p>[vc_row el_id=&#8221;SUBTITULAR_NOTICIA&#8221;][vc_column][vc_column_text]<\/p>\n<hr \/>\n<h4>Mar\u00eda Jos\u00e9 Mart\u00ednez rep Al Sal\u00f3 de Plens les components del grup &#8220;The Queens of Moles&#8221; i la seua professora, Ana Bel\u00e9n Guzm\u00e1n, que han sigut campiones d&#8217;Espanya en la competici\u00f3 &#8220;Vive tu sue\u00f1o&#8221; impulsada per la prestigiosa companyia Dancing Star<\/h4>\n<hr \/>\n<p>[\/vc_column_text][\/vc_column][\/vc_row][vc_row el_id=&#8221;TEXTO_NOTICIA&#8221;][vc_column][vc_column_text]L&#8217;alcaldessa en funcions, Mar\u00eda Jos\u00e9 Mart\u00ednez, ha posat en valor el talent de <strong>15 joves promeses del flamenc d&#8217;Elx<\/strong> que disputaran una final europea el pr\u00f2xim 2 de setembre a Par\u00eds.<\/p>\n<p>Mart\u00ednez ha rebut al Sal\u00f3 de Plens les components del grup &#8220;<strong>The Queen of Moles<\/strong>&#8220;, totes elles amb edats compreses entre sis i onze anys, i la seua professora, Ana Bel\u00e9n Guzm\u00e1n.[\/vc_column_text][\/vc_column][\/vc_row][vc_row type=&#8221;flexslider_slide&#8221; interval=&#8221;5&#8243; source=&#8221;media_library&#8221; images=&#8221;&#8221; img_size=&#8221;full&#8221; external_img_size=&#8221;&#8221; onclick=&#8221;link_image&#8221; custom_links_target=&#8221;_self&#8221; el_class=&#8221;galerianoticia&#8221; title=&#8221;&#8221; custom_srcs=&#8221;&#8221; custom_links=&#8221;&#8221;][vc_column][vc_gallery type=&#8221;flexslider_slide&#8221; interval=&#8221;5&#8243; images=&#8221;211149,211147,211145&#8243; img_size=&#8221;full&#8221; el_class=&#8221;galerianoticia&#8221;][\/vc_column][\/vc_row][vc_row el_id=&#8221;TEXTO_FIN_NOTICIA&#8221;][vc_column][vc_column_text]Les 15 joves i la seua professora van disputar al desembre de 2020 una final nacional en l\u00ednia, adaptada a les circumst\u00e0ncies sanit\u00e0ries del moment, on les xiquetes van gravar un v\u00eddeo per a aquesta final i van ser premiades com a &#8220;Campiones d&#8217;Espanya&#8221; en categoria Babies-nivell intermedi i, per aix\u00f2, <strong>acudiran al &#8220;Theatre du Blanc Mesnil&#8221; de Par\u00eds a disputar la final europea en la disciplina de flamen<\/strong>c.<\/p>\n<p>Aquesta competici\u00f3 est\u00e0 impulsada per l&#8217;empresa <strong>Dancing Star<\/strong> sobre el m\u00f3n de l&#8217;art i la cultura i especialitzada en esdeveniments de ball. \u00c9s una <strong>entitat pionera en esdeveniments de dansa d&#8217;\u00e0mbit nacional i internacional<\/strong> i creadora de diversos formats de concursos internacionals que treballa a Fran\u00e7a, It\u00e0lia, Portugal i Anglaterra.<\/p>\n<p>Mart\u00ednez ha felicitat el grup per la seua traject\u00f2ria des de la seua creaci\u00f3 en 2018 i pels recents \u00e8xits aconseguits i ha mostrat els seus millors desitjos de cara a la <strong>final europea de Par\u00eds el pr\u00f2xim 2 de setembre<\/strong>.<\/p>\n<hr \/>\n<p>[\/vc_column_text][\/vc_column][\/vc_row]<\/p>\n<\/div>","protected":false},"excerpt":{"rendered":"<p>[vc_row el_id=&#8221;SUBTITULAR_NOTICIA&#8221;][vc_column][vc_column_text] Mar\u00eda Jos\u00e9 Mart\u00ednez rep Al Sal\u00f3 de Plens les components del grup &#8220;The Queens of Moles&#8221; i la seua professora, Ana Bel\u00e9n Guzm\u00e1n, que han sigut campiones d&#8217;Espanya [&hellip;]<\/p>\n","protected":false},"author":131,"featured_media":211144,"comment_status":"closed","ping_status":"closed","sticky":false,"template":"","format":"standard","meta":{"footnotes":""},"categories":[391,1312],"tags":[],"class_list":["post-211156","post","type-post","status-publish","format-standard","has-post-thumbnail","hentry","category-home-va","category-noticias-va"],"_links":{"self":[{"href":"https:\/\/www.elche.es\/va\/wp-json\/wp\/v2\/posts\/211156","targetHints":{"allow":["GET"]}}],"collection":[{"href":"https:\/\/www.elche.es\/va\/wp-json\/wp\/v2\/posts"}],"about":[{"href":"https:\/\/www.elche.es\/va\/wp-json\/wp\/v2\/types\/post"}],"author":[{"embeddable":true,"href":"https:\/\/www.elche.es\/va\/wp-json\/wp\/v2\/users\/131"}],"replies":[{"embeddable":true,"href":"https:\/\/www.elche.es\/va\/wp-json\/wp\/v2\/comments?post=211156"}],"version-history":[{"count":0,"href":"https:\/\/www.elche.es\/va\/wp-json\/wp\/v2\/posts\/211156\/revisions"}],"wp:featuredmedia":[{"embeddable":true,"href":"https:\/\/www.elche.es\/va\/wp-json\/wp\/v2\/media\/211144"}],"wp:attachment":[{"href":"https:\/\/www.elche.es\/va\/wp-json\/wp\/v2\/media?parent=211156"}],"wp:term":[{"taxonomy":"category","embeddable":true,"href":"https:\/\/www.elche.es\/va\/wp-json\/wp\/v2\/categories?post=211156"},{"taxonomy":"post_tag","embeddable":true,"href":"https:\/\/www.elche.es\/va\/wp-json\/wp\/v2\/tags?post=211156"}],"curies":[{"name":"wp","href":"https:\/\/api.w.org\/{rel}","templated":true}]}}