{"id":211486,"date":"2022-08-30T15:43:18","date_gmt":"2022-08-30T14:43:18","guid":{"rendered":"https:\/\/www.elche.es\/2022\/08\/lunica-contrarellotge-individual-de-la-volta-ciclista-a-espanya-2022-converteix-elx-en-capital-del-ciclisme-internacional\/"},"modified":"2022-08-30T15:43:19","modified_gmt":"2022-08-30T14:43:19","slug":"lunica-contrarellotge-individual-de-la-volta-ciclista-a-espanya-2022-converteix-elx-en-capital-del-ciclisme-internacional","status":"publish","type":"post","link":"https:\/\/www.elche.es\/va\/2022\/08\/lunica-contrarellotge-individual-de-la-volta-ciclista-a-espanya-2022-converteix-elx-en-capital-del-ciclisme-internacional\/","title":{"rendered":"L&#8217;\u00fanica contrarellotge individual de la Volta Ciclista a Espanya 2022 converteix Elx en capital del ciclisme internacional"},"content":{"rendered":"<div class=\"wpb-content-wrapper\"><p>[vc_row el_id=&#8221;SUBTITULAR_NOTICIA&#8221;][vc_column][vc_column_text]<\/p>\n<hr \/>\n<h4>L&#8217;alcalde, Carlos Gonz\u00e1lez, acompanyat de l&#8217;edil d&#8217;Esports, Vicente Alberola, del director general de tr\u00e0nsit, Pere Navarro; de la subdelegada del Govern a Alacant, Araceli Poblador; del president de la Diputaci\u00f3, Carlos Maz\u00f3n; i del director de la prova, Javier Guill\u00e9n, afirma que l&#8217;Ajuntament continuar\u00e0 posicionant el municipi com a escenari de grans esdeveniments esportius<\/h4>\n<hr \/>\n<p>[\/vc_column_text][\/vc_column][\/vc_row][vc_row el_id=&#8221;TEXTO_NOTICIA&#8221;][vc_column][vc_column_text]L&#8217;\u00fanica contrarellotge individual de la Volta Ciclista 2022 a Espanya converteix Elx en capital del ciclisme mundial. La veterana prova, que durant el present any compleix la seua setantena setena edici\u00f3, ha tingut la seua eixida al c\u00e8ntric Palau d&#8217;Altamira, seu del Museu Arqueol\u00f2gic i d&#8217;Hist\u00f2ria (MAHE) \u2014que va albergar la Dama d&#8217;Elx en 2006\u2014, i la meta a l&#8217;avinguda de l&#8217;Estaci\u00f3 d&#8217;Alacant, en <strong>un vist\u00f3s recorregut de 30,9 quil\u00f2metres en el qual han participat 164 velocistes de 23 equips i que pot ser determinant en l\u2019esport<\/strong>.<\/p>\n<p>L&#8217;alcalde, <strong>Carlos Gonz\u00e1lez<\/strong>, acompanyat de l&#8217;edil d&#8217;Esports, <strong>Vicente Alberola<\/strong>; del director general de tr\u00e0nsit del Ministeri de l&#8217;Interior, <strong>Pere Navarro<\/strong>; de la subdelegada del Govern a Alacant, <strong>Araceli Poblador<\/strong>; del president de la Diputaci\u00f3, <strong>Carlos Maz\u00f3n<\/strong>; del director de la Volta, <strong>Javier Guill\u00e9n<\/strong>; del president de l&#8217;Elx C.F., <strong>Javier Buitrago<\/strong>, de membres de l&#8217;Equip de Govern il\u00b7licit\u00e0 i de milers de ciutadans i visitants que han volgut abrigallar els participants, <strong>ha tallat la cinta inaugural d&#8217;un recorregut que al terme municipal d&#8217;Elx ha comptat amb 17,5 quil\u00f2metres<\/strong>.<\/p>\n<p>\u201c<strong>Elx \u00e9s la capital mundial del ciclisme, la qual cosa \u00e9s una immensa alegria per als il\u00b7licitans i les il\u00b7licitanes\u201d, ha manifestat Gonz\u00e1lez, que ha subratllat que la capital del Baix Vinalop\u00f3 \u201cassocia el seu nom a l&#8217;esport i als seus valors\u201d, com a \u201cesfor\u00e7, sacrifici i determinaci\u00f3<\/strong>\u201d, encarnats en els ciclistes que han competit en la contrarellotge individual, ha dit. \u201cL&#8217;experi\u00e8ncia est\u00e0 sent enormement positiva i fruct\u00edfera, d&#8217;envergadura internacional, i el fet que el focus estiga posat en una etapa decisiva \u00e9s enormement positiu per a Elx\u201d, ha reiterat i ha destacat l&#8217;aposta del Govern local pels grans esdeveniments esportius. \u201cEstem treballant amb serietat per a posicionar Elx en aquest \u00e0mbit i la Volta \u00e9s, sens dubte, un dels m\u00e9s importants\u201d, ha afegit.<\/p>\n<p>El regidor ha assenyalat que, <strong>a m\u00e9s de l&#8217;impacte econ\u00f2mic i social, la Volta significa \u201cun gran aparador nacional i internacional per a un municipi que \u00e9s una ciutat tur\u00edstica i que compta amb grans valors patrimonials<\/strong>\u201d. En eixe sentit, i en eixir la desena etapa des del MAHE, Gonz\u00e1lez ha reivindicat l&#8217;any del 125 Aniversari de la Troballa del Bust Iber que el millor lloc en el qual pot estar la pe\u00e7a arqueol\u00f2gica \u00e9s a Elx, \u201cel lloc en el qual es va esculpir, en el qual es va trobar i que anhela tindre-la\u201d, ja que \u00e9s un \u201celement clau\u201d del ric patrimoni il\u00b7licit\u00e0. \u201cHui volem projectar eixos valors patrimonials i culturals a Espanya i a la resta del m\u00f3n; <strong>llan\u00e7ar el missatge que som la ciutat de la Dama i que aspirem al fet que torne cedida temporalment i es trobe entre nosaltres<\/strong>\u201d, ha manifestat.[\/vc_column_text][\/vc_column][\/vc_row][vc_row type=&#8221;flexslider_slide&#8221; interval=&#8221;5&#8243; source=&#8221;media_library&#8221; images=&#8221;&#8221; img_size=&#8221;full&#8221; external_img_size=&#8221;&#8221; onclick=&#8221;link_image&#8221; custom_links_target=&#8221;_self&#8221; el_class=&#8221;galerianoticia&#8221; title=&#8221;&#8221; custom_srcs=&#8221;&#8221; custom_links=&#8221;&#8221;][vc_column][vc_gallery type=&#8221;flexslider_slide&#8221; interval=&#8221;5&#8243; images=&#8221;211423,211425,211427,211429,211431,211433,211435,211437,211439,211441,211443,211445,211447,211451,211453,211455,211457,211459,211461,211463,211465,211467,211469,211471,211473,211475,211477,211479,211481&#8243; img_size=&#8221;full&#8221; el_class=&#8221;galerianoticia&#8221;][\/vc_column][\/vc_row][vc_row][vc_column][vc_column_text]\u201c\u00c9s un gust estar hui a Elx per a gaudir de la seua hospitalitat\u201d, ha expressat Navarro, que ha felicitat els organitzadors de la Volta; una prova singular que \u00fanicament troba similituds amb el Tour de Fran\u00e7a i el Giro d&#8217;It\u00e0lia. <strong>\u201cSom referents, perqu\u00e8 a la Volta participen equips de tots els pa\u00efsos i centra l&#8217;atenci\u00f3 dels aficionats al ciclisme del m\u00f3n sencer, la qual cosa posa en valor la prova\u201d<\/strong>.<\/p>\n<p>Per part seua, Poblador ha declarat que \u201cElx \u00e9s un referent a la prov\u00edncia i la tercera ciutat de la Comunitat Valenciana\u201d, m\u00e8rits suficients per a justificar que la desena etapa de la Volta isca des de la ciutat. <strong>\u201cPosa en valor la rellev\u00e0ncia esportiva i el potencial econ\u00f2mic i tur\u00edstic d&#8217;Elx, que hui estar\u00e0 en el mapa del m\u00f3n al costat de la seua gent\u201d<\/strong>, ha afegit i ha donat les gr\u00e0cies a l&#8217;Ajuntament i al seu alcalde pel suport que des de la instituci\u00f3 s&#8217;est\u00e0 prestant a l&#8217;organitzaci\u00f3.<\/p>\n<p>Maz\u00f3n ha accentuat el car\u00e0cter \u201cobert i internacional\u201d d&#8217;un recorregut que suposa un agermanament entre les dues ciutats principals urbs alacantines. Per aix\u00f2, el president de la Diputaci\u00f3 ha agra\u00eft Guill\u00e9n per tornar a comptar amb la prov\u00edncia, ja que \u00e9s <strong>\u201cl&#8217;esdeveniment que m\u00e9s repercussi\u00f3 internacional t\u00e9\u201d i \u00e9s una nova ocasi\u00f3 per a \u201crecordar les bondats d&#8217;Elx amb els seus patrimonis de la humanitat i d&#8217;Alacant amb el seu castell i l&#8217;Esplanada\u201d<\/strong>. Igualment, s&#8217;ha referit a les \u201coportunitats de promoci\u00f3\u201d que suposa la Volta, perqu\u00e8 a la prov\u00edncia \u00e9s on estar\u00e0 m\u00e9s temps en 2022, \u201ctres dies\u201d, segons ha remarcat.[\/vc_column_text][\/vc_column][\/vc_row][vc_row el_id=&#8221;DESTACADO_NOTICIA&#8221;][vc_column][vc_column_text el_class=&#8221;cuadronoticia&#8221;]<\/p>\n<h5>La setantena setena edici\u00f3 de la cita t\u00e9 la seua eixida al c\u00e8ntric Palau d&#8217;Altamira, seu del Museu Arqueol\u00f2gic i d&#8217;Hist\u00f2ria d&#8217;Elx (MAHE) i la meta a l&#8217;avinguda de l&#8217;Estaci\u00f3 d&#8217;Alacant, en un vist\u00f3s recorregut de 30,9 quil\u00f2metres en el qual participen 164 ciclistes de 23 equips, en una jornada que pot ser determinant en l&#8217;esport<\/h5>\n<p>[\/vc_column_text][\/vc_column][\/vc_row][vc_row][vc_column][vc_column_text]Els ciclistes han intentat batre les seues millors marques partint des del Palau d&#8217;Altamira i transitant per vies del nucli urb\u00e0 com la pla\u00e7a del Parc, els carrers Mestre Alb\u00e9niz, Lu\u00eds Gonzaga Llorente i Candalix, la pla\u00e7a de Benidorm, l&#8217;avinguda d&#8217;Alacant, els carrers Barxell, Jos\u00e9 Esquitino Sempere o el cam\u00ed d&#8217;Alacant. <strong>M\u00e9s endavant han pres la carretera d&#8217;Elx-l&#8217;Altet, la CV-849, i, en la pedania, les avingudes Sant Francesc d&#8217;Ass\u00eds, Dama d&#8217;Elx, Sinus Ilicitanus i la carretera d&#8217;Urbanova a Arenals<\/strong>, on finalment han pres l&#8217;adre\u00e7a cap a Alacant.<\/p>\n<h5>Dues ciutats germanades per l&#8217;esport<\/h5>\n<p>La desena etapa de la Volta, que va donar el seu tret d&#8217;eixida el passat 19 d&#8217;agost a Utrecht (Pa\u00efsos Baixos) i que conclour\u00e0 l&#8217;11 de setembre a Madrid,<strong> s&#8217;ha retransm\u00e9s per televisi\u00f3 durant tres hores en 190 pa\u00efsos amb una mitjana de 4,5 milions d&#8217;espectadors, mostrant Elx i l&#8217;Altet, i tamb\u00e9 part del camp i litoral il\u00b7licit\u00e0<\/strong>. Per a l&#8217;organitzaci\u00f3 de l&#8217;esdeveniment, s&#8217;ha s\u2019han desplegat prop de 2.000 homes i dones entre personal d&#8217;equip, policies locals i nacionals, gu\u00e0rdies civils, sanitaris o log\u00edstics, que mobilitzen a m\u00e9s de 870 vehicles acreditats que desplacen m\u00e9s de 400 tones de material cada dia de l&#8217;esdeveniment.<\/p>\n<p>\u201cAquesta \u00e9s una etapa molt especial, perqu\u00e8 a <strong>la Volta li agrada contar hist\u00f2ries boniques, i des del punt de vista provincial \u00e9s rellevant unir Elx i Alacant, ja que s\u00f3n les localitats ic\u00f2niques, cadascuna amb la seua idiosincr\u00e0sia a m\u00e9s de motors del pa\u00eds\u201d<\/strong>, ha valorat Guill\u00e9n, que ha xifrat l&#8217;impacte de la Volta a la prov\u00edncia en quasi un mili\u00f3 d&#8217;euros i s\u2019ha congratulat tamb\u00e9 per tindre d\u2019amfitriona la Dama d&#8217;Elx, fent refer\u00e8ncia a l&#8217;escultura gegant de la pe\u00e7a ibera que presideix l&#8217;eixida al Palau d&#8217;Altamira.[\/vc_column_text][\/vc_column][\/vc_row][vc_row link=&#8221;https:\/\/vimeo.com\/51589652&#8243; el_width=&#8221;100&#8243; el_aspect=&#8221;169&#8243; align=&#8221;left&#8221; el_class=&#8221;videonoticia&#8221; title=&#8221;&#8221;][vc_column][vc_video link=&#8221;https:\/\/www.youtube.com\/watch?v=m5rmGrPJJ3I&#8221; el_class=&#8221;videonoticia&#8221;][\/vc_column][\/vc_row][vc_row el_id=&#8221;TEXTO_FIN_NOTICIA&#8221;][vc_column][vc_column_text]<strong>El director general de la Volta a Espanya ha assegurat que l&#8217;efecte televisiu de la prova per on passa \u201cno t\u00e9 preu\u201d, amb una gran cobertura de RTVE i un <em>share<\/em> del 14%, la qual cosa converteix l&#8217;esdeveniment en \u201cmolt seguit\u201d<\/strong>. En l\u2019\u00e0mbit esportiu, ha dit que fins ara \u201cest\u00e0 molt competida, amb un l\u00edder s\u00f2lid com Evenepoel que \u201ccontinuar\u00e0 creixent\u201d, a m\u00e9s de lloar Roglic com a \u201cgran contrarellotgista\u201d i veure \u201ccom responen Carlos Rodr\u00edguez i Ayuso, que ens tenen molt il\u00b7lusionats\u201d.<\/p>\n<p>Finalment, <strong>les autoritats han agra\u00eft les forces i cossos de seguretat de l&#8217;Estat la labor que han realitzat per a garantir el desenvolupament de la Volta sense incidents, especialment als efectius de la Gu\u00e0rdia Civil de Tr\u00e0nsit<\/strong> que acompanyen la competici\u00f3 i que els seus integrants, representats pel comandant de la Unitat de Mobilitat i Seguretat Vi\u00e0ria, \u00d3scar R\u00faa, l&#8217;edil de Participaci\u00f3 Ciutadana, Puri Vives, ha entregat pins de la Dama d&#8217;Elx com a obsequi. Aix\u00ed mateix, Pere Navarro ha posat \u00e8mfasi en la gran faena de la Benem\u00e8rita durant els incendis d&#8217;aquest estiu.<\/p>\n<p>En un altre ordre de coses, l&#8217;alcalde, els directors generals de tr\u00e0nsit i de la Volta, la subdelegada del Govern a Alacant, i els presidents de la Diputaci\u00f3 i de l&#8217;Elx C.F., entre altres personalitats, han demanat abans de l&#8217;inici de l&#8217;etapa m\u00e9s investigaci\u00f3 per a tractar el c\u00e0ncer infantil. Aix\u00ed mateix, amb l&#8217;edil d&#8217;Efici\u00e8ncia Energ\u00e8tica, Felip S\u00e0nchez, <strong>han escenificat el reciclatge de bombetes per a conscienciar sobre aix\u00f2, en una iniciativa conjunta entre Ecovidrio i Unipublic, aquesta \u00faltima entitat organitzadora de la Vuelta<\/strong>.<\/p>\n<hr \/>\n<p>&nbsp;<\/p>\n<p>[\/vc_column_text][\/vc_column][\/vc_row][vc_row link=&#8221;https:\/\/vimeo.com\/51589652&#8243; el_width=&#8221;100&#8243; el_aspect=&#8221;169&#8243; align=&#8221;left&#8221; el_class=&#8221;videonoticia&#8221; title=&#8221;&#8221;][vc_column][vc_video link=&#8221;https:\/\/www.youtube.com\/watch?v=rGO6F9IZehw&#8221; el_class=&#8221;videonoticia&#8221;][\/vc_column][\/vc_row][vc_row][vc_column width=&#8221;1\/2&#8243;]<audio class=\"sc_audio\" src=\"https:\/\/soundcloud.com\/ayuntamiento-de-elche\/etapa-10-de-la-vuelta-ciclista-a-espana?si=b1d05f61016446879c709cdc64377eb5&#038;utm_source=clipboard&#038;utm_medium=text&#038;utm_campaign=social_sharing\" width=\"\" height=\"\"><\/audio>[\/vc_column][vc_column width=&#8221;1\/2&#8243;]<audio class=\"sc_audio\" src=\"https:\/\/soundcloud.com\/ayuntamiento-de-elche\/etapa-diez-de-la-vuelta?si=b1d05f61016446879c709cdc64377eb5&#038;utm_source=clipboard&#038;utm_medium=text&#038;utm_campaign=social_sharing\" width=\"\" height=\"\"><\/audio>[\/vc_column][\/vc_row]<\/p>\n<\/div>","protected":false},"excerpt":{"rendered":"<p>[vc_row el_id=&#8221;SUBTITULAR_NOTICIA&#8221;][vc_column][vc_column_text] L&#8217;alcalde, Carlos Gonz\u00e1lez, acompanyat de l&#8217;edil d&#8217;Esports, Vicente Alberola, del director general de tr\u00e0nsit, Pere Navarro; de la subdelegada del Govern a Alacant, Araceli Poblador; del president de [&hellip;]<\/p>\n","protected":false},"author":131,"featured_media":211452,"comment_status":"closed","ping_status":"closed","sticky":false,"template":"","format":"standard","meta":{"footnotes":""},"categories":[187,391,1312],"tags":[],"class_list":["post-211486","post","type-post","status-publish","format-standard","has-post-thumbnail","hentry","category-esports","category-home-va","category-noticias-va"],"_links":{"self":[{"href":"https:\/\/www.elche.es\/va\/wp-json\/wp\/v2\/posts\/211486","targetHints":{"allow":["GET"]}}],"collection":[{"href":"https:\/\/www.elche.es\/va\/wp-json\/wp\/v2\/posts"}],"about":[{"href":"https:\/\/www.elche.es\/va\/wp-json\/wp\/v2\/types\/post"}],"author":[{"embeddable":true,"href":"https:\/\/www.elche.es\/va\/wp-json\/wp\/v2\/users\/131"}],"replies":[{"embeddable":true,"href":"https:\/\/www.elche.es\/va\/wp-json\/wp\/v2\/comments?post=211486"}],"version-history":[{"count":0,"href":"https:\/\/www.elche.es\/va\/wp-json\/wp\/v2\/posts\/211486\/revisions"}],"wp:featuredmedia":[{"embeddable":true,"href":"https:\/\/www.elche.es\/va\/wp-json\/wp\/v2\/media\/211452"}],"wp:attachment":[{"href":"https:\/\/www.elche.es\/va\/wp-json\/wp\/v2\/media?parent=211486"}],"wp:term":[{"taxonomy":"category","embeddable":true,"href":"https:\/\/www.elche.es\/va\/wp-json\/wp\/v2\/categories?post=211486"},{"taxonomy":"post_tag","embeddable":true,"href":"https:\/\/www.elche.es\/va\/wp-json\/wp\/v2\/tags?post=211486"}],"curies":[{"name":"wp","href":"https:\/\/api.w.org\/{rel}","templated":true}]}}