{"id":211894,"date":"2022-09-06T14:00:02","date_gmt":"2022-09-06T13:00:02","guid":{"rendered":"https:\/\/www.elche.es\/2022\/09\/el-govern-local-afronta-la-recta-final-del-mandat-amb-la-prioritat-datenuar-la-pujada-de-preus-i-finalitzar-els-projectes-que-afavoreixen-la-reactivacio-economica\/"},"modified":"2022-09-06T14:11:58","modified_gmt":"2022-09-06T13:11:58","slug":"el-govern-local-afronta-la-recta-final-del-mandat-amb-la-prioritat-datenuar-la-pujada-de-preus-i-finalitzar-els-projectes-que-afavoreixen-la-reactivacio-economica","status":"publish","type":"post","link":"https:\/\/www.elche.es\/va\/2022\/09\/el-govern-local-afronta-la-recta-final-del-mandat-amb-la-prioritat-datenuar-la-pujada-de-preus-i-finalitzar-els-projectes-que-afavoreixen-la-reactivacio-economica\/","title":{"rendered":"El Govern Local afronta la recta final del mandat amb la prioritat d&#8217;atenuar la pujada de preus i finalitzar els projectes que afavoreixen la reactivaci\u00f3 econ\u00f2mica"},"content":{"rendered":"<div class=\"wpb-content-wrapper\"><p>[vc_row el_id=&#8221;SUBTITULAR_NOTICIA&#8221;][vc_column][vc_column_text]<\/p>\n<hr \/>\n<h4>Carlos Gonz\u00e1lez explica que \u201cmalgrat els condicionants externs adversos, hem sigut capa\u00e7os de conjugar eixe treball d&#8217;afrontar les conseq\u00fc\u00e8ncies econ\u00f2miques de la pand\u00e8mia i de la guerra amb una intensa activitat de transformaci\u00f3 i modernitzaci\u00f3 de la ciutat\u201d<\/h4>\n<hr \/>\n<p>[\/vc_column_text][\/vc_column][\/vc_row][vc_row el_id=&#8221;TEXTO_NOTICIA&#8221;][vc_column][vc_column_text]L&#8217;Equip de Govern Local d&#8217;Elx afronta els \u00faltims mesos del seu mandat amb <strong>\u201cla prioritat absoluta\u201d d&#8217;atenuar l&#8217;impacte de la pujada de preus, de l&#8217;al\u00e7a de l&#8217;IPC, en les fam\u00edlies i en les empreses<\/strong>, i concretar les pol\u00edtiques empreses al llarg del mandat encaminades a reduir la bretxa social, a modernitzar la ciutat i a millorar la qualitat de vida dels il\u00b7licitans i les il\u00b7licitanes.<\/p>\n<p>L&#8217;alcalde i els regidors han mantingut una reuni\u00f3 amb la finalitat <strong>d&#8217;establir les l\u00ednies de treball i les prioritats de cara a la recta final del mandat<\/strong>. Quatre anys de mandat que han estat marcats per les conseq\u00fc\u00e8ncies de la pand\u00e8mia i per la guerra d&#8217;Ucra\u00efna i la crisi energ\u00e8tica que est\u00e0 generant amb la conseg\u00fcent al\u00e7a constant dels preus, \u201cque \u00e9s la principal preocupaci\u00f3 dels ciutadans i, per tant, de l&#8217;Equip de Govern\u201d.<\/p>\n<p>Aix\u00ed ho ha explicat l&#8217;alcalde, Carlos Gonz\u00e1lez, que ha comparegut juntament amb els regidors Esther D\u00edez, H\u00e9ctor D\u00edez, Ram\u00f3n Abad i Felip S\u00e0nchez, i que ha destacat que el Govern Local afronta el final de mandat \u201ccohesionat\u201d, amb il\u00b7lusi\u00f3 i amb la determinaci\u00f3 de<strong> continuar treballant per a dur a terme els projectes que milloren la ciutat fins a l&#8217;\u00faltim dia<\/strong>\u201d.<\/p>\n<p>Segons el regidor \u201caquest \u00e9s un govern que, malgrat els condicionants externs adversos, ha sigut capa\u00e7 de conjugar eixe treball <strong>d&#8217;afrontar les conseq\u00fc\u00e8ncies econ\u00f2miques de la pand\u00e8mia i de la guerra, amb una intensa activitat de transformaci\u00f3 i modernitzaci\u00f3 de la ciutat<\/strong>\u201d.<\/p>\n<p>L&#8217;alcalde explica que entre les prioritats actuals es troben tots aquells <strong>projectes que impulsen l&#8217;economia i l&#8217;ocupaci\u00f3 i que atrauen la inversi\u00f3 p\u00fablica i privada, alhora que contribueixen a afavorir l&#8217;activitat<\/strong>, el dinamisme econ\u00f2mic i l&#8217;ocupaci\u00f3.<\/p>\n<p>Entre aquests ha destacat l&#8217;<strong>expropiaci\u00f3 dels terrenys del Palau de Congressos<\/strong>, \u201cun projecte vinculat a l&#8217;impuls de l&#8217;activitat tur\u00edstica que considerem fonamental i que hem d&#8217;accelerar en la part que correspon al Govern Municipal\u201d.<\/p>\n<p>\u201cEn directa relaci\u00f3 amb aix\u00f2, considerem que \u00e9s tamb\u00e9 fonamental el que producte de la cooperaci\u00f3 amb la Generalitat Valenciana <strong>avancem en el projecte territorial estrat\u00e8gic de l&#8217;entorn de la Instituci\u00f3 Firal Alacantina<\/strong>, un projecte que est\u00e0 impulsant el Consell que propiciar\u00e0 la ubicaci\u00f3 d&#8217;empreses capdavanteres en una zona que t\u00e9 un alt valor estrat\u00e8gic i que al final contribuir\u00e0 a eixe objectiu del dinamisme econ\u00f2mic i de l&#8217;ocupaci\u00f3 al nostre municipi\u201d.[\/vc_column_text][\/vc_column][\/vc_row][vc_row el_id=&#8221;DESTACADO_NOTICIA&#8221;][vc_column][vc_column_text el_class=&#8221;cuadronoticia&#8221;]<\/p>\n<h5>L&#8217;edil Esther D\u00edez afirma que l&#8217;Executiu Municipal ha sigut capa\u00e7 de convertir l&#8217;emerg\u00e8ncia clim\u00e0tica \u201cen una oportunitat que ens ha servit per a modernitzar barris i pedanies i fer d&#8217;Elx una ciutat m\u00e9s competitiva\u201d<\/h5>\n<p>[\/vc_column_text][\/vc_column][\/vc_row][vc_row][vc_column][vc_column_text]Quant a la pol\u00edtica social, \u201cles <strong>pol\u00edtiques dirigides a pal\u00b7liar les desigualtats i a reduir la bretxa social i les conseq\u00fc\u00e8ncies socioecon\u00f2miques de la guerra i de la pand\u00e8mia<\/strong>. Continuarem mantenint aquestes pol\u00edtiques i fent un esfor\u00e7 perqu\u00e8 contribu\u00efsquen a reduir les desigualtats i ajudar les persones que tenen m\u00e9s dificultats\u201d.<\/p>\n<p>I amb la finalitat de pal\u00b7liar l&#8217;escalada de preus l&#8217;alcalde ha recordat que <strong>l&#8217;Ajuntament se sumar\u00e0 a l&#8217;alian\u00e7a proposada pel president de la Generalitat<\/strong>, Ximo Puig, per a fer front a la crisi derivada de la guerra.<\/p>\n<p>L&#8217;alcalde ha indicat que un <strong>altre dels objectius \u00e9s finalitzar els projectes que ja estan en marxa<\/strong> i que \u201cen aquests moments s\u00f3n m\u00e9s d&#8217;una dotzena d&#8217;actuacions a l&#8217;espai p\u00fablic, en equipaments col\u00b7lectius, que volem finalitzar immediatament per a convertir en realitats els nostres compromisos\u201d.<\/p>\n<h5>Pr\u00f2xims projectes<\/h5>\n<p>\u201cS\u00f3n tamb\u00e9 fonamentals els <strong>projectes que llan\u00e7arem en aquest pr\u00f2xim quadrimestre en relaci\u00f3 amb la consolidaci\u00f3 del nou mercat central<\/strong>, la licitaci\u00f3 del projecte del Mercat Gastron\u00f2mic Cultural a l&#8217;entorn de l&#8217;antic Mercat Central i considerem tamb\u00e9 fonamental i traurem a licitaci\u00f3 l&#8217;avantprojecte immediatament del projecte del Palau dels Art Esc\u00e8niques a Carr\u00fas a l&#8217;antic solar de Jayton\u201d, ha assenyalat.<\/p>\n<p>Al costat d&#8217;aquests tamb\u00e9 hi ha el m\u00e0xim inter\u00e9s per part del Govern a continuar avan\u00e7ant en la <strong>regeneraci\u00f3 urbana del barri de Sant Antoni, Palmerars i Porfiri Pasqual.<\/strong><\/p>\n<p>Una altra de les prioritats t\u00e9 a veure amb les infraestructures. \u201cConcretarem <strong>l&#8217;acord aconseguit amb la Generalitat entorn de la Ronda Sud<\/strong>. Un altre dels objectius \u00e9s aconseguir que els grans projectes vinculats a les infraestructures ferrovi\u00e0ries estiguen contemplats en els Pressupostos Generals de l&#8217;Estat\u201d.<\/p>\n<p>Quant a la millora d&#8217;equipaments, l&#8217;alcalde ha dit que hi ha prioritats com el <strong>centre de salut del Traval\u00f3, els centres socials de les pedanies o els nous projectes d&#8217;Edificant II<\/strong>, entre aquests el nou Conservatori.<\/p>\n<p>\u201cI al costat d&#8217;aquests elements hem de ser capa\u00e7os de concretar immediatament l&#8217;anunci de fa unes setmanes de <strong>posar en marxa 1.000 noves places de p\u00e0rquing gratu\u00eftes als barris i a l&#8217;entorn del centre hist\u00f2ric<\/strong>\u201d, ha assenyalat.[\/vc_column_text][\/vc_column][\/vc_row][vc_row el_id=&#8221;TEXTO_FIN_NOTICIA&#8221;][vc_column][vc_column_text]<\/p>\n<h5>Serveis p\u00fablics blindats en el Pressupost de 2023<\/h5>\n<p>L&#8217;edil Esther D\u00edez ha recordat que s&#8217;ha de reclamar a la resta d&#8217;administracions les <strong>inversions pendents com el Palau de Congressos a la Diputaci\u00f3 o la modernitzaci\u00f3 de la l\u00ednia de Rodalia i la connexi\u00f3 ferrovi\u00e0ria amb l&#8217;aeroport per part de l&#8217;Executiu<\/strong>. Quant al Consell, ha dit que \u201c\u00e9s una prioritat que se signe el protocol del pagament del deute hist\u00f2ric que posseeix la Generalitat Valenciana amb Elx i que eixos diners els posem a la disposici\u00f3 de les fam\u00edlies il\u00b7licitanes per a millorar el seu dia a dia\u201d.<\/p>\n<p>D&#8217;altra banda, l&#8217;edil ha destacat la intenci\u00f3 d&#8217;actuacions de rellev\u00e0ncia en la recta final de l&#8217;onz\u00e9 mandat, com el <strong>Pla Especial del Palmerar, l&#8217;Oficina de l&#8217;Energia, els Pressupostos Participatius, el Cat\u00e0leg de B\u00e9ns Protegits<\/strong>, intervindre a Les Clarisses o culminar els processos vinculats als Fons Europeus i culminar el Campus Tecnol\u00f2gic. Tot aix\u00f2 sense oblidar l&#8217;apartat social, per la qual cosa ha confirmat que en el Pressupost Municipal del 2023 es blindaran els serveis p\u00fablics en nom de la cohesi\u00f3 social, per a continuar aplicant pol\u00edtiques contra la pujada de preus i les crisi energ\u00e8tica i clim\u00e0tica.<\/p>\n<p>\u201cArranquem aquest mes de setembre executant el <strong>Pla d&#8217;Ajuda a les Fam\u00edlies de 7 milions d&#8217;euros<\/strong>. I amb aquesta perspectiva, els mesos que resten fins a maig\u201d, ha avan\u00e7at i ha assegurat que els problemes globals, des de l&#8217;\u00e0mbit municipal, es pot alleujar la situaci\u00f3 de les fam\u00edlies i les petites empreses. D\u00edez ha destacat el treball realitzat fins ara en serveis clau com ara educaci\u00f3, sanitat i benestar social. I ha reflexionat com s&#8217;enfrontarien les fam\u00edlies il\u00b7licitanes a les dificultats econ\u00f2miques en aquest inici de curs sense les ajudes en el rebut de la llum, de l&#8217;aigua i de l&#8217;IBI, la reducci\u00f3 del preu del transport p\u00fablic i el Bus Lliure, el programa de gratu\u00eftat de llibres de text Xarxa Llibres, la Renda Valenciana d&#8217;Inclusi\u00f3 o les ajudes d&#8217;Emerg\u00e8ncia, aquestes triplicades en els \u00faltims mesos, segons l&#8217;edil. Quant a les empreses, <strong>ha valorat positivament les exempcions fiscals aplicades tamb\u00e9 en els \u00faltims mesos i els Bons de Consum Elx que \u201chan perm\u00e9s reactivar el comer\u00e7 local<\/strong>\u201d.<\/p>\n<p>En el cap\u00edtol de l&#8217;emerg\u00e8ncia clim\u00e0tica, ha assenyalat que \u201caquest Govern ha sigut capa\u00e7 de convertir aquest repte en una <strong>oportunitat que ens ha servit per a modernitzar barris i pedanies<\/strong> i fer d&#8217;Elx una ciutat m\u00e9s competitiva.<\/p>\n<p>\u201cEn aquest mandat especialment complex, en les circumst\u00e0ncies adverses, hem sigut capa\u00e7os, amb una situaci\u00f3 econ\u00f2mica m\u00e9s que sanejada, d\u2019<strong>atendre les urg\u00e8ncies i transformar la ciutat perqu\u00e8 puga afrontar els reptes de les pr\u00f2ximes d\u00e8cades<\/strong>\u201d, ha manifestat D\u00edez.<\/p>\n<hr \/>\n<p>&nbsp;<\/p>\n<p>[\/vc_column_text][\/vc_column][\/vc_row][vc_row][vc_column width=&#8221;1\/6&#8243;][\/vc_column][vc_column width=&#8221;2\/3&#8243;]<audio class=\"sc_audio\" src=\"https:\/\/soundcloud.com\/ayuntamiento-de-elche\/rueda-de-prensa-del-equipo-de-gobierno-del-6-de-septiembre?si=728ceecab5684e9d844ead6354720635&#038;utm_source=clipboard&#038;utm_medium=text&#038;utm_campaign=social_sharing\" width=\"\" height=\"\"><\/audio>[\/vc_column][vc_column width=&#8221;1\/6&#8243;][\/vc_column][\/vc_row]<\/p>\n<\/div>","protected":false},"excerpt":{"rendered":"<p>[vc_row el_id=&#8221;SUBTITULAR_NOTICIA&#8221;][vc_column][vc_column_text] Carlos Gonz\u00e1lez explica que \u201cmalgrat els condicionants externs adversos, hem sigut capa\u00e7os de conjugar eixe treball d&#8217;afrontar les conseq\u00fc\u00e8ncies econ\u00f2miques de la pand\u00e8mia i de la guerra amb [&hellip;]<\/p>\n","protected":false},"author":131,"featured_media":211885,"comment_status":"closed","ping_status":"closed","sticky":false,"template":"","format":"standard","meta":{"footnotes":""},"categories":[391,1312],"tags":[],"class_list":["post-211894","post","type-post","status-publish","format-standard","has-post-thumbnail","hentry","category-home-va","category-noticias-va"],"_links":{"self":[{"href":"https:\/\/www.elche.es\/va\/wp-json\/wp\/v2\/posts\/211894","targetHints":{"allow":["GET"]}}],"collection":[{"href":"https:\/\/www.elche.es\/va\/wp-json\/wp\/v2\/posts"}],"about":[{"href":"https:\/\/www.elche.es\/va\/wp-json\/wp\/v2\/types\/post"}],"author":[{"embeddable":true,"href":"https:\/\/www.elche.es\/va\/wp-json\/wp\/v2\/users\/131"}],"replies":[{"embeddable":true,"href":"https:\/\/www.elche.es\/va\/wp-json\/wp\/v2\/comments?post=211894"}],"version-history":[{"count":0,"href":"https:\/\/www.elche.es\/va\/wp-json\/wp\/v2\/posts\/211894\/revisions"}],"wp:featuredmedia":[{"embeddable":true,"href":"https:\/\/www.elche.es\/va\/wp-json\/wp\/v2\/media\/211885"}],"wp:attachment":[{"href":"https:\/\/www.elche.es\/va\/wp-json\/wp\/v2\/media?parent=211894"}],"wp:term":[{"taxonomy":"category","embeddable":true,"href":"https:\/\/www.elche.es\/va\/wp-json\/wp\/v2\/categories?post=211894"},{"taxonomy":"post_tag","embeddable":true,"href":"https:\/\/www.elche.es\/va\/wp-json\/wp\/v2\/tags?post=211894"}],"curies":[{"name":"wp","href":"https:\/\/api.w.org\/{rel}","templated":true}]}}