{"id":211972,"date":"2022-09-07T14:26:56","date_gmt":"2022-09-07T13:26:56","guid":{"rendered":"https:\/\/www.elche.es\/2022\/09\/la-policia-local-dete-un-home-a-torrellano-per-intentar-robar-li-la-bossa-a-la-seua-parella-i-causar-li-lesions\/"},"modified":"2022-09-07T14:26:56","modified_gmt":"2022-09-07T13:26:56","slug":"la-policia-local-dete-un-home-a-torrellano-per-intentar-robar-li-la-bossa-a-la-seua-parella-i-causar-li-lesions","status":"publish","type":"post","link":"https:\/\/www.elche.es\/va\/2022\/09\/la-policia-local-dete-un-home-a-torrellano-per-intentar-robar-li-la-bossa-a-la-seua-parella-i-causar-li-lesions\/","title":{"rendered":"La Policia Local det\u00e9 un home a Torrellano per intentar robar-li la bossa a la seua parella i causar-li lesions"},"content":{"rendered":"<div class=\"wpb-content-wrapper\"><p>[vc_row el_id=&#8221;SUBTITULAR_NOTICIA&#8221;][vc_column][vc_column_text]<\/p>\n<hr \/>\n<h4>El presumpte agressor, de 53 anys, va confirmar els fets als agents despr\u00e9s de marxar-se del lloc amb la motocicleta de la v\u00edctima<\/h4>\n<hr \/>\n<p>[\/vc_column_text][\/vc_column][\/vc_row][vc_row el_id=&#8221;TEXTO_FIN_NOTICIA&#8221;][vc_column][vc_column_text]La Policia Local d&#8217;Elx va detindre dimecres passat 31 d&#8217;agost al migdia a Torrellano un home de 53 anys per intentar robar-li la bossa a la seua parella i causar-li lesions. Segons la persona que va alertar del succ\u00e9s mentre efectuava treballs d&#8217;obra de paleta en un pis, va sentir una<strong> forta discussi\u00f3 a crits entre un home i dues dones en un altre dels habitatges de l&#8217;edifici<\/strong>.<\/p>\n<p>Quan la patrulla municipal va arribar a la porta de l&#8217;immoble on provenien les veus, <strong>va apreciar una taca de sang al costat de les dues dones i una d&#8217;elles va indicar que la seua parella sentimental havia tractat de sostraure-li la bossa on guardava diners<\/strong>, per la qual cosa van iniciar un forcejament en el qual va resultar ferida. L&#8217;home, a continuaci\u00f3, va escapar en la motocicleta de la v\u00edctima. Per part seua, la germana de l&#8217;agressor, present en la disputa, va corroborar els fets als policies.<\/p>\n<p>De manera immediata, els agents van contactar per tel\u00e8fon amb el fugit i van acordar una trobada per a aclarir el succe\u00eft. Finalment, <strong>el sospit\u00f3s va recon\u00e9ixer haver discutit amb la seua parella i que va exercir la viol\u00e8ncia sobre ella amb la finalitat d&#8217;emportar-se la bossa<\/strong>. Per aix\u00f2, va ser detingut i traslladat a depend\u00e8ncies policials.<\/p>\n<hr \/>\n<p>[\/vc_column_text][\/vc_column][\/vc_row][vc_row][vc_column width=&#8221;1\/6&#8243;][\/vc_column][vc_column width=&#8221;2\/3&#8243;]<audio class=\"sc_audio\" src=\"\" width=\"\" height=\"\"><\/audio>[\/vc_column][vc_column width=&#8221;1\/6&#8243;][\/vc_column][\/vc_row]<\/p>\n<\/div>","protected":false},"excerpt":{"rendered":"<p>[vc_row el_id=&#8221;SUBTITULAR_NOTICIA&#8221;][vc_column][vc_column_text] El presumpte agressor, de 53 anys, va confirmar els fets als agents despr\u00e9s de marxar-se del lloc amb la motocicleta de la v\u00edctima [\/vc_column_text][\/vc_column][\/vc_row][vc_row el_id=&#8221;TEXTO_FIN_NOTICIA&#8221;][vc_column][vc_column_text]La Policia Local d&#8217;Elx [&hellip;]<\/p>\n","protected":false},"author":145,"featured_media":185286,"comment_status":"closed","ping_status":"closed","sticky":false,"template":"","format":"standard","meta":{"footnotes":""},"categories":[2864,238],"tags":[],"class_list":["post-211972","post","type-post","status-publish","format-standard","has-post-thumbnail","hentry","category-breus","category-policia-local-va"],"_links":{"self":[{"href":"https:\/\/www.elche.es\/va\/wp-json\/wp\/v2\/posts\/211972","targetHints":{"allow":["GET"]}}],"collection":[{"href":"https:\/\/www.elche.es\/va\/wp-json\/wp\/v2\/posts"}],"about":[{"href":"https:\/\/www.elche.es\/va\/wp-json\/wp\/v2\/types\/post"}],"author":[{"embeddable":true,"href":"https:\/\/www.elche.es\/va\/wp-json\/wp\/v2\/users\/145"}],"replies":[{"embeddable":true,"href":"https:\/\/www.elche.es\/va\/wp-json\/wp\/v2\/comments?post=211972"}],"version-history":[{"count":0,"href":"https:\/\/www.elche.es\/va\/wp-json\/wp\/v2\/posts\/211972\/revisions"}],"wp:featuredmedia":[{"embeddable":true,"href":"https:\/\/www.elche.es\/va\/wp-json\/wp\/v2\/media\/185286"}],"wp:attachment":[{"href":"https:\/\/www.elche.es\/va\/wp-json\/wp\/v2\/media?parent=211972"}],"wp:term":[{"taxonomy":"category","embeddable":true,"href":"https:\/\/www.elche.es\/va\/wp-json\/wp\/v2\/categories?post=211972"},{"taxonomy":"post_tag","embeddable":true,"href":"https:\/\/www.elche.es\/va\/wp-json\/wp\/v2\/tags?post=211972"}],"curies":[{"name":"wp","href":"https:\/\/api.w.org\/{rel}","templated":true}]}}