{"id":212868,"date":"2022-09-15T10:11:30","date_gmt":"2022-09-15T09:11:30","guid":{"rendered":"https:\/\/www.elche.es\/?p=212868"},"modified":"2022-09-15T10:13:57","modified_gmt":"2022-09-15T09:13:57","slug":"el-centre-de-congressos-acull-el-27-i-28-de-setembre-una-nova-edicio-de-nada-trivial-per-a-fomentar-els-objectius-de-desenvolupament-sostenible-entre-les-persones-majors","status":"publish","type":"post","link":"https:\/\/www.elche.es\/va\/2022\/09\/el-centre-de-congressos-acull-el-27-i-28-de-setembre-una-nova-edicio-de-nada-trivial-per-a-fomentar-els-objectius-de-desenvolupament-sostenible-entre-les-persones-majors\/","title":{"rendered":"El Centre de Congressos acull el 27 i 28 de setembre una nova edici\u00f3 de \u2018Nada Trivial\u2019 per a fomentar els Objectius de Desenvolupament Sostenible entre les persones majors"},"content":{"rendered":"<div class=\"wpb-content-wrapper\"><p>[vc_row el_id=&#8221;SUBTITULAR_NOTICIA&#8221;][vc_column][vc_column_text]<\/p>\n<hr \/>\n<h4>L&#8217;edil de l&#8217;\u00e0rea, Puri Vives, destaca que les sessions s\u00f3n gratu\u00eftes per a les persones assistents i recorda que les inscripcions es poden realitzar enviant un WhatsApp amb el text ALTA+NOM al 685 96 22 51 o telefonant al mateix n\u00famero de tel\u00e8fon<\/h4>\n<hr \/>\n<p>[\/vc_column_text][\/vc_column][\/vc_row][vc_row el_id=&#8221;TEXTO_NOTICIA&#8221;][vc_column][vc_column_text]La <strong>Regidoria de Pol\u00edtiques de Majors, en col\u00b7laboraci\u00f3 amb l&#8217;associaci\u00f3 Joves\u00f3lides i amb el suport de la Generalitat Valenciana<\/strong>, ha posat en marxa una nova edici\u00f3 de <strong>\u2018Nada Trivial\u2019<\/strong>, que se <strong>celebrar\u00e0 el 27 i 28 de setembre al Centre de Congressos a partir de les 10.00 hores<\/strong>, per a promoure el canvi social i fomentar la implicaci\u00f3 de les persones majors en els Objectius de Desenvolupament Sostenible amb la finalitat d&#8217;aconseguir que les ciutats siguen m\u00e9s inclusives, segures i sostenibles.<\/p>\n<p>Aquesta activitat, basada en el conegut joc de taula per a <strong>treballar els 17 objectius de desenvolupament sostenible de l&#8217;Agenda 2030<\/strong>, es dur\u00e0 a terme en <strong>dues sessions espec\u00edfiques d&#8217;una hora de duraci\u00f3 aproximada<\/strong> en les quals s&#8217;implementaran diferents din\u00e0miques participatives dirigides a adquirir nocions generals sobre el marc d&#8217;acci\u00f3 dels Objectius de Desenvolupament Sostenible.<\/p>\n<p>A m\u00e9s, mitjan\u00e7ant el joc es pret\u00e9n <strong>que els participants reflexionen i reivindiquen la seua necess\u00e0ria participaci\u00f3 en la societat<\/strong>.[\/vc_column_text][\/vc_column][\/vc_row][vc_row el_id=&#8221;DESTACADO_NOTICIA&#8221;][vc_column][vc_column_text el_class=&#8221;cuadronoticia&#8221;]<\/p>\n<h5>L&#8217;activitat, basada en el conegut joc de taula, es dur\u00e0 a terme en dues sessions espec\u00edfiques d&#8217;una hora de duraci\u00f3 en les quals s&#8217;implementaran diferents din\u00e0miques participatives<\/h5>\n<p>[\/vc_column_text][\/vc_column][\/vc_row][vc_row el_id=&#8221;TEXTO_FIN_NOTICIA&#8221;][vc_column][vc_column_text]L&#8217;<strong>edil de l&#8217;\u00e0rea, Puri Vives<\/strong>, ha destacat que <strong>les sessions s\u00f3n gratu\u00eftes<\/strong> per a les persones assistents i ha recordat que les inscripcions es poden realitzar enviant un <strong>Whatsapp amb el text ALTA+NOM al 685 96 22 51 o telefonant al mateix n\u00famero de tel\u00e8fon<\/strong>.<\/p>\n<p>Per a la inscripci\u00f3, les persones interessades han de tindre<strong> 60 anys o m\u00e9s i estar empadronades a Elx<\/strong>. Aix\u00ed mateix, el grup es conformar\u00e0 per rigor\u00f3s ordre d&#8217;inscripci\u00f3. Davant qualsevol dubte, es pot acudir a la Regidoria de Pol\u00edtiques de Majors (Plaza Men\u00e9ndez Pelayo, 2) o contactar al 96 665 82 63 o pel correu electr\u00f2nic <a href=\"mailto:mayores@elche.es\">mayores@elche.es<\/a>.<\/p>\n<hr \/>\n<p>[\/vc_column_text][\/vc_column][\/vc_row][vc_row][vc_column width=&#8221;1\/6&#8243;][\/vc_column][vc_column width=&#8221;2\/3&#8243;]<audio class=\"sc_audio\" src=\"\" width=\"\" height=\"\"><\/audio>[\/vc_column][vc_column width=&#8221;1\/6&#8243;][\/vc_column][\/vc_row]<\/p>\n<\/div>","protected":false},"excerpt":{"rendered":"<p>[vc_row el_id=&#8221;SUBTITULAR_NOTICIA&#8221;][vc_column][vc_column_text] L&#8217;edil de l&#8217;\u00e0rea, Puri Vives, destaca que les sessions s\u00f3n gratu\u00eftes per a les persones assistents i recorda que les inscripcions es poden realitzar enviant un WhatsApp amb [&hellip;]<\/p>\n","protected":false},"author":131,"featured_media":212872,"comment_status":"closed","ping_status":"closed","sticky":false,"template":"","format":"standard","meta":{"footnotes":""},"categories":[391,890,1312],"tags":[],"class_list":["post-212868","post","type-post","status-publish","format-standard","has-post-thumbnail","hentry","category-home-va","category-mayores-va","category-noticias-va"],"_links":{"self":[{"href":"https:\/\/www.elche.es\/va\/wp-json\/wp\/v2\/posts\/212868","targetHints":{"allow":["GET"]}}],"collection":[{"href":"https:\/\/www.elche.es\/va\/wp-json\/wp\/v2\/posts"}],"about":[{"href":"https:\/\/www.elche.es\/va\/wp-json\/wp\/v2\/types\/post"}],"author":[{"embeddable":true,"href":"https:\/\/www.elche.es\/va\/wp-json\/wp\/v2\/users\/131"}],"replies":[{"embeddable":true,"href":"https:\/\/www.elche.es\/va\/wp-json\/wp\/v2\/comments?post=212868"}],"version-history":[{"count":0,"href":"https:\/\/www.elche.es\/va\/wp-json\/wp\/v2\/posts\/212868\/revisions"}],"wp:featuredmedia":[{"embeddable":true,"href":"https:\/\/www.elche.es\/va\/wp-json\/wp\/v2\/media\/212872"}],"wp:attachment":[{"href":"https:\/\/www.elche.es\/va\/wp-json\/wp\/v2\/media?parent=212868"}],"wp:term":[{"taxonomy":"category","embeddable":true,"href":"https:\/\/www.elche.es\/va\/wp-json\/wp\/v2\/categories?post=212868"},{"taxonomy":"post_tag","embeddable":true,"href":"https:\/\/www.elche.es\/va\/wp-json\/wp\/v2\/tags?post=212868"}],"curies":[{"name":"wp","href":"https:\/\/api.w.org\/{rel}","templated":true}]}}