{"id":213404,"date":"2022-09-20T12:01:12","date_gmt":"2022-09-20T11:01:12","guid":{"rendered":"https:\/\/www.elche.es\/2022\/09\/elx-comptara-amb-lecoparc-mes-modern-de-la-provincia-gracies-a-lampliacio-del-punt-net-del-parc-agroalimentari-lalcudia\/"},"modified":"2022-09-20T14:43:48","modified_gmt":"2022-09-20T13:43:48","slug":"elx-comptara-amb-lecoparc-mes-modern-de-la-provincia-gracies-a-lampliacio-del-punt-net-del-parc-agroalimentari-lalcudia","status":"publish","type":"post","link":"https:\/\/www.elche.es\/va\/2022\/09\/elx-comptara-amb-lecoparc-mes-modern-de-la-provincia-gracies-a-lampliacio-del-punt-net-del-parc-agroalimentari-lalcudia\/","title":{"rendered":"Elx comptar\u00e0 amb l&#8217;ecoparc m\u00e9s modern de la prov\u00edncia gr\u00e0cies a l&#8217;ampliaci\u00f3 del Punt Net del Parc Agroalimentari L&#8217;Alc\u00fadia"},"content":{"rendered":"<div class=\"wpb-content-wrapper\"><p>[vc_row el_id=&#8221;SUBTITULAR_NOTICIA&#8221;][vc_column][vc_column_text]<\/p>\n<hr \/>\n<h4>L&#8217;edil de l&#8217;\u00e0rea, H\u00e9ctor D\u00edez, explica que s&#8217;invertiran m\u00e9s de 540.000 euros en la renovaci\u00f3 del recinte, que comptar\u00e0 amb 3.600 metres quadrats i doblegar\u00e0 el nombre de contenidors fins a arribar als 45, dedicats cadascun d&#8217;ells a la recollida selectiva de diferents fraccions de residus<\/h4>\n<hr \/>\n<p>[\/vc_column_text][\/vc_column][\/vc_row][vc_row el_id=&#8221;TEXTO_NOTICIA&#8221;][vc_column][vc_column_text]Elx comptar\u00e0 amb l&#8217;ecoparc m\u00e9s modern de la prov\u00edncia gr\u00e0cies a ampliaci\u00f3 del Punt Net del Parc Agroalimentari L&#8217;Alc\u00fadia; una <strong>inversi\u00f3 de m\u00e9s de 540.000 euros a executar en quatre mesos que permetr\u00e0 comptar amb una superf\u00edcie superior als 3.600 metres quadrats<\/strong> \u2014900 d&#8217;aquests dedicats a zones verdes per a assegurar la integraci\u00f3 paisatg\u00edstica al Camp d\u2019Elx\u2014 i aix\u00ed passar de 25 contenidors a 45, cadascun destinat a la recollida selectiva de diferents fraccions de residus.<\/p>\n<p>Tal com ha informat el regidor de Neteja, H\u00e9ctor D\u00edez, aquest espai, que conclour\u00e0 la seua <strong>renovaci\u00f3 a finals de gener o principis de febrer de 2023<\/strong>, apostar\u00e0 per l&#8217;efici\u00e8ncia energ\u00e8tica amb il\u00b7luminaci\u00f3 led i quatre punts de rec\u00e0rrega per a vehicles de la UTE Elx. A m\u00e9s, segons ha assenyalat, servir\u00e0 per a continuar avan\u00e7ant en el compliment del Pla de Residus de la Comunitat Valenciana i continuar implementant les millores de la nova contracta de neteja, en vigor des de maig de 2021.[\/vc_column_text][\/vc_column][\/vc_row][vc_row type=&#8221;flexslider_slide&#8221; interval=&#8221;5&#8243; source=&#8221;media_library&#8221; images=&#8221;&#8221; img_size=&#8221;full&#8221; external_img_size=&#8221;&#8221; onclick=&#8221;link_image&#8221; custom_links_target=&#8221;_self&#8221; el_class=&#8221;galerianoticia&#8221; title=&#8221;&#8221; custom_srcs=&#8221;&#8221; custom_links=&#8221;&#8221;][vc_column][vc_gallery type=&#8221;flexslider_slide&#8221; interval=&#8221;5&#8243; images=&#8221;213380,213382,213384&#8243; img_size=&#8221;full&#8221; el_class=&#8221;galerianoticia&#8221;][\/vc_column][\/vc_row][vc_row][vc_column][vc_column_text]D\u00edez ha explicat que <strong>la Junta de Govern Local del divendres 9 de setembre va aprovar la llic\u00e8ncia d&#8217;obra major per a escometre els treballs amb els quals aquest Punt Net<\/strong>, a m\u00e9s de la seua remodelaci\u00f3 integral guanyar\u00e0 1.200 metres quadrats \u2014ara mateix t\u00e9 2.326\u2014 m\u00e9s, ja que s&#8217;expandir\u00e0 per una parcel\u00b7la situada al sud de l&#8217;actual recinte en la qual, en els pr\u00f2xims dies, s&#8217;escometr\u00e0 el desbrossament i el trasllat d&#8217;una estaci\u00f3 meteorol\u00f2gica present al terreny per a, posteriorment, comen\u00e7ar durant tres setmanes a les necess\u00e0ries excavacions arqueol\u00f2giques.<\/p>\n<p>\u201c<strong>Aquesta actuaci\u00f3 donar\u00e0 lloc a l&#8217;ecoparc m\u00e9s avan\u00e7at i modern de la prov\u00edncia<\/strong>\u201d, ha manifestat el responsable municipal, la qual cosa, ha agregat, \u201csituar\u00e0 Elx en l&#8217;avantguarda de la recollida selectiva de residus\u201d. No en va, amb aquesta intervenci\u00f3, a m\u00e9s de l&#8217;esmentada modernitzaci\u00f3, aquesta infraestructura s&#8217;homologar\u00e0 segons la normativa vigent i obtindr\u00e0 la \u201cCategoria D\u201d, els m\u00e9s grans i els que m\u00e9s categories de residus poden rebre, ha recalcat l&#8217;edil. En l&#8217;actualitat, aquest ecoparc \u00e9s depositari de 500 tones de residus, sobretot enderrocs, fustes i poda, i que amb l&#8217;ampliaci\u00f3 s&#8217;espera incrementa el nombre de tones.[\/vc_column_text][\/vc_column][\/vc_row][vc_row el_id=&#8221;DESTACADO_NOTICIA&#8221;][vc_column][vc_column_text el_class=&#8221;cuadronoticia&#8221;]<\/p>\n<h5>D\u00edez afirma que amb aquest projecte el municipi se situa aix\u00ed en l&#8217;avantguarda en aquests serveis, i que, a m\u00e9s, servir\u00e0 per a continuar avan\u00e7ant en el compliment del Pla de Residus de la Comunitat Valenciana i continuar implementant les millores de la nova contracta de neteja<\/h5>\n<p>[\/vc_column_text][\/vc_column][\/vc_row][vc_row el_id=&#8221;TEXTO_FIN_NOTICIA&#8221;][vc_column][vc_column_text]En eixe sentit, ha assenyalat que, una vegada finalitzada la remodelaci\u00f3, el Punt Net del Parc Agroalimentari L&#8217;Alc\u00fadia, <strong>una de les novetats a destacar ser\u00e0 els 14 contenidors de 26 metres c\u00fabics de capacitat per a aquelles deixalles m\u00e9s voluminoses<\/strong>. Aix\u00ed mateix, l&#8217;espai comptar\u00e0 amb control d&#8217;acc\u00e9s digitalitzat i un punt d&#8217;informaci\u00f3 i conscienciaci\u00f3 per a informar els usuaris de les campanyes de la UTE Elx i regirar qualsevol dubte quant a la gesti\u00f3 de residus. Quant a l&#8217;organitzaci\u00f3 interna de l&#8217;espai, estar\u00e0 dividit en dues plataformes a les quals es podr\u00e0 accedir mitjan\u00e7ant autom\u00f2bil: una inferior en la qual es trobaran els 14 contenidors per a grans residus, i una altra superior que tindr\u00e0 28 contenidors diferents.<\/p>\n<p><strong>Amb dos ecoparcs fixos, el del Parc Agroalimentari, nou punts nets de proximitat, dos punts nets m\u00f2bils, cinc miniecoparcs i altres cinc microecoparcs en mupis publicitaris<\/strong>, H\u00e9ctor D\u00edez ha afirmat que \u201cElx \u00e9s sens dubte i objectivament, comparant-nos amb la resta de localitats i de contractes de neteja, la que t\u00e9 un ventall m\u00e9s ampli d&#8217;ecoparcs i punts nets al servei de la ciutadania en barris i pedanies\u201d. Tamb\u00e9 ha recordat que, en principi, l&#8217;ecoparc del Parc Agroalimentari continuar\u00e0 prestant servei fins que les obres d&#8217;ampliaci\u00f3 ho permeten.<\/p>\n<hr \/>\n<p>[\/vc_column_text][\/vc_column][\/vc_row][vc_row][vc_column width=&#8221;1\/6&#8243;][\/vc_column][vc_column width=&#8221;2\/3&#8243;]<audio class=\"sc_audio\" src=\"https:\/\/soundcloud.com\/ayuntamiento-de-elche\/elche-contara-con-el-ecoparque-mas-moderno-de-la-provincia?si=96396c3cb6dc4e0581d02ab19dc1ba40&#038;utm_source=clipboard&#038;utm_medium=text&#038;utm_campaign=social_sharing\" width=\"\" height=\"\"><\/audio>[\/vc_column][vc_column width=&#8221;1\/6&#8243;][\/vc_column][\/vc_row]<\/p>\n<\/div>","protected":false},"excerpt":{"rendered":"<p>[vc_row el_id=&#8221;SUBTITULAR_NOTICIA&#8221;][vc_column][vc_column_text] L&#8217;edil de l&#8217;\u00e0rea, H\u00e9ctor D\u00edez, explica que s&#8217;invertiran m\u00e9s de 540.000 euros en la renovaci\u00f3 del recinte, que comptar\u00e0 amb 3.600 metres quadrats i doblegar\u00e0 el nombre de [&hellip;]<\/p>\n","protected":false},"author":131,"featured_media":213387,"comment_status":"closed","ping_status":"closed","sticky":false,"template":"","format":"standard","meta":{"footnotes":""},"categories":[391,2783,1312],"tags":[],"class_list":["post-213404","post","type-post","status-publish","format-standard","has-post-thumbnail","hentry","category-home-va","category-limpieza-va","category-noticias-va"],"_links":{"self":[{"href":"https:\/\/www.elche.es\/va\/wp-json\/wp\/v2\/posts\/213404","targetHints":{"allow":["GET"]}}],"collection":[{"href":"https:\/\/www.elche.es\/va\/wp-json\/wp\/v2\/posts"}],"about":[{"href":"https:\/\/www.elche.es\/va\/wp-json\/wp\/v2\/types\/post"}],"author":[{"embeddable":true,"href":"https:\/\/www.elche.es\/va\/wp-json\/wp\/v2\/users\/131"}],"replies":[{"embeddable":true,"href":"https:\/\/www.elche.es\/va\/wp-json\/wp\/v2\/comments?post=213404"}],"version-history":[{"count":0,"href":"https:\/\/www.elche.es\/va\/wp-json\/wp\/v2\/posts\/213404\/revisions"}],"wp:featuredmedia":[{"embeddable":true,"href":"https:\/\/www.elche.es\/va\/wp-json\/wp\/v2\/media\/213387"}],"wp:attachment":[{"href":"https:\/\/www.elche.es\/va\/wp-json\/wp\/v2\/media?parent=213404"}],"wp:term":[{"taxonomy":"category","embeddable":true,"href":"https:\/\/www.elche.es\/va\/wp-json\/wp\/v2\/categories?post=213404"},{"taxonomy":"post_tag","embeddable":true,"href":"https:\/\/www.elche.es\/va\/wp-json\/wp\/v2\/tags?post=213404"}],"curies":[{"name":"wp","href":"https:\/\/api.w.org\/{rel}","templated":true}]}}