{"id":213941,"date":"2022-09-22T13:15:08","date_gmt":"2022-09-22T12:15:08","guid":{"rendered":"https:\/\/www.elche.es\/2022\/09\/la-regidoria-de-joventut-presenta-una-nova-edicio-del-certamen-torrellano-talents-amb-un-augment-en-la-quantia-dels-premis\/"},"modified":"2022-09-23T13:40:56","modified_gmt":"2022-09-23T12:40:56","slug":"la-regidoria-de-joventut-presenta-una-nova-edicio-del-certamen-torrellano-talents-amb-un-augment-en-la-quantia-dels-premis","status":"publish","type":"post","link":"https:\/\/www.elche.es\/va\/2022\/09\/la-regidoria-de-joventut-presenta-una-nova-edicio-del-certamen-torrellano-talents-amb-un-augment-en-la-quantia-dels-premis\/","title":{"rendered":"La Regidoria de Joventut presenta una nova edici\u00f3 del certamen Torrellano Talents amb un augment en la quantia dels premis"},"content":{"rendered":"<div class=\"wpb-content-wrapper\"><p>[vc_row el_id=&#8221;SUBTITULAR_NOTICIA&#8221;][vc_column][vc_column_text]<\/p>\n<hr \/>\n<h4>L&#8217;edil de l&#8217;\u00e0rea, Marga Ant\u00f3n, recorda a la ciutadania que continua obert el termini d&#8217;inscripcions per al XXIV Certamen Nacional de Joves Cantautors d&#8217;Elx fins al pr\u00f2xim 23 d&#8217;octubre<\/h4>\n<hr \/>\n<p>[\/vc_column_text][\/vc_column][\/vc_row][vc_row el_id=&#8221;TEXTO_NOTICIA&#8221;][vc_column][vc_column_text]La Regidoria de Joventut ha presentat una nova edici\u00f3 del certamen Torrellano Talents, un esdeveniment a l&#8217;estil \u2018Got Talent\u2019 en el qual els concursants hauran de mostrar les seues habilitats davant un jurat. Aix\u00ed ho ha donat a con\u00e9ixer<strong> l&#8217;edil de l&#8217;\u00e0rea, Marga Ant\u00f3n<\/strong>. Joventut du a terme aquest concurs en col\u00b7laboraci\u00f3 amb diverses entitats de la pedania il\u00b7licitana que col\u00b7laboren amb el Centre Juvenil <strong>amb la finalitat de donar una major amplitud en el treball amb els joves de Torrellano<\/strong>. Aquestes s\u00f3n l&#8217;Associaci\u00f3 Juvenil Coratge, Uni\u00f3 Musical Torrellano, La Colla de Torrellano i Amigosterapia.<\/p>\n<p>\u201cAquesta activitat \u00e9s una manera de promocionar un esdeveniment on<strong> es valora la creativitat i l&#8217;esfor\u00e7, alhora que es fomenta la participaci\u00f3, l&#8217;associacionisme i el voluntariat<\/strong>\u201d, ha explicat Ant\u00f3n. Com en edicions anteriors, podr\u00e0 participar qualsevol persona, b\u00e9 individualment, b\u00e9 en parelles o grups, amb un m\u00e0xim de deu persones. S&#8217;admet qualsevol modalitat o especialitat relacionada amb el ball, la m\u00fasica, l&#8217;humor, la m\u00e0gia i l&#8217;espectacle en general.<\/p>\n<p>El jurat seleccionar\u00e0 una desena de finalistes que seran els encarregats d&#8217;actuar en la gala final, que se celebrar\u00e0 el 22 d&#8217;octubre a les 19.00 hores a la pla\u00e7a de Sant Crisp\u00ed de la pedania. Enguany, <strong>el certamen torna a la normalitat despr\u00e9s d&#8217;una \u00faltima edici\u00f3 marcada per les mesures sanit\u00e0ries.<\/strong> \u201cEsperem que tot el p\u00fablic gaudisca de les actuacions que es duran a terme i que passen una bona vesprada, alhora que donem l&#8217;oportunitat als il\u00b7licitans i il\u00b7licitanes per a actuar i demostrar tot el seu art i creativitat en rigor\u00f3s directe\u201d, ha assegurat l&#8217;edil.<\/p>\n<p>En edicions anteriors el p\u00fablic assistent va arribar a superar els tres centenars. <strong>\u201cVolem que el nombre de persones vaja en augment, aix\u00ed com la participaci\u00f3 en aquest\u201d<\/strong>, ha manifestat la regidora.[\/vc_column_text][\/vc_column][\/vc_row][vc_row el_id=&#8221;DESTACADO_NOTICIA&#8221;][vc_column][vc_column_text el_class=&#8221;cuadronoticia&#8221;]<\/p>\n<h5>L&#8217;Ajuntament torna a apostar la qualitat art\u00edstica en col\u00b7laboraci\u00f3 amb associacions de la pedania il\u00b7licitana com ara la Uni\u00f3 Musical Torrellano, La Colla de Torrellano, Amigosterapia o Associaci\u00f3 Juvenil Coratge<\/h5>\n<p>[\/vc_column_text][\/vc_column][\/vc_row][vc_row el_id=&#8221;TEXTO_FIN_NOTICIA&#8221;][vc_column][vc_single_image image=&#8221;214038&#8243; img_size=&#8221;medium&#8221; alignment=&#8221;center&#8221; onclick=&#8221;link_image&#8221; el_class=&#8221;fotounicanoticiavertical&#8221;][vc_column_text]<strong>El jurat valorar\u00e0 la qualitat art\u00edstica, originalitat, interpretaci\u00f3 i creativitat dels participants.<\/strong> Estar\u00e0 compost per la responsable de Joventut; el cantautor il\u00b7licit\u00e0 Juanjo Noguera; l&#8217;actriu i narradora Marisela Romero; l&#8217;estilista i monitor de ball Cristian Mateu; i la monitora de dansa Noelia Aull\u00f3.<\/p>\n<p>\u201cEnguany, hem considerat incrementar la quantia dels premis, ja que som coneixedors de l&#8217;alta participaci\u00f3 que concorre en el certamen i la visibilitat que dona tant a Torrellano com a la ciutat d&#8217;Elx i a la seua joventut\u201d, ha explicat Ant\u00f3n. <strong>Els premis seran de 500, 400 i 300 euros per al primer, segon i tercer llocs, respectivament<\/strong>.<\/p>\n<p>Les <strong>inscripcions estaran obertes fins al sis d&#8217;octubre, a trav\u00e9s de la Seu Electr\u00f2nica de l&#8217;Ajuntament<\/strong>.<\/p>\n<p>Finalment, Ant\u00f3n ha volgut animar a totes els joves a participar en aquest concurs, en el qual <strong>\u201cTorrellano es converteix en un escenari per a demostrar totes les seues habilitats i continuen amb el seu desenvolupament art\u00edstic\u201d<\/strong>. A m\u00e9s, ha recordat que encara continua obert el termini d&#8217;inscripcions del XXIV Certamen Nacional de Joves Cantautors d&#8217;Elx fins al 23 d&#8217;octubre. \u201cEs tracta d&#8217;una aposta de la Regidoria a nivell nacional a la qual tamb\u00e9 animem a tots els il\u00b7licitans a participar\u201d, ha assegurat. Els finalistes d&#8217;aquest concurs es faran p\u00fablics el 18 de novembre i celebrar\u00e0 tamb\u00e9 una gala final el 17 de desembre.<\/p>\n<hr \/>\n<p>&nbsp;<\/p>\n<p>[\/vc_column_text][\/vc_column][\/vc_row][vc_row][vc_column width=&#8221;1\/6&#8243;][\/vc_column][vc_column width=&#8221;2\/3&#8243;]<audio class=\"sc_audio\" src=\"https:\/\/soundcloud.com\/ayuntamiento-de-elche\/certamen-torrellano-talentos-presentado-por-la-concejala-de-juventud-marga-anton?si=83972d397fd84a47a4bdade65d94b243&#038;utm_source=clipboard&#038;utm_medium=text&#038;utm_campaign=social_sharing\" width=\"\" height=\"\"><\/audio>[\/vc_column][vc_column width=&#8221;1\/6&#8243;][\/vc_column][\/vc_row]<\/p>\n<\/div>","protected":false},"excerpt":{"rendered":"<p>[vc_row el_id=&#8221;SUBTITULAR_NOTICIA&#8221;][vc_column][vc_column_text] L&#8217;edil de l&#8217;\u00e0rea, Marga Ant\u00f3n, recorda a la ciutadania que continua obert el termini d&#8217;inscripcions per al XXIV Certamen Nacional de Joves Cantautors d&#8217;Elx fins al pr\u00f2xim 23 [&hellip;]<\/p>\n","protected":false},"author":131,"featured_media":213910,"comment_status":"closed","ping_status":"closed","sticky":false,"template":"","format":"standard","meta":{"footnotes":""},"categories":[391,215,1312],"tags":[],"class_list":["post-213941","post","type-post","status-publish","format-standard","has-post-thumbnail","hentry","category-home-va","category-joventut","category-noticias-va"],"_links":{"self":[{"href":"https:\/\/www.elche.es\/va\/wp-json\/wp\/v2\/posts\/213941","targetHints":{"allow":["GET"]}}],"collection":[{"href":"https:\/\/www.elche.es\/va\/wp-json\/wp\/v2\/posts"}],"about":[{"href":"https:\/\/www.elche.es\/va\/wp-json\/wp\/v2\/types\/post"}],"author":[{"embeddable":true,"href":"https:\/\/www.elche.es\/va\/wp-json\/wp\/v2\/users\/131"}],"replies":[{"embeddable":true,"href":"https:\/\/www.elche.es\/va\/wp-json\/wp\/v2\/comments?post=213941"}],"version-history":[{"count":0,"href":"https:\/\/www.elche.es\/va\/wp-json\/wp\/v2\/posts\/213941\/revisions"}],"wp:featuredmedia":[{"embeddable":true,"href":"https:\/\/www.elche.es\/va\/wp-json\/wp\/v2\/media\/213910"}],"wp:attachment":[{"href":"https:\/\/www.elche.es\/va\/wp-json\/wp\/v2\/media?parent=213941"}],"wp:term":[{"taxonomy":"category","embeddable":true,"href":"https:\/\/www.elche.es\/va\/wp-json\/wp\/v2\/categories?post=213941"},{"taxonomy":"post_tag","embeddable":true,"href":"https:\/\/www.elche.es\/va\/wp-json\/wp\/v2\/tags?post=213941"}],"curies":[{"name":"wp","href":"https:\/\/api.w.org\/{rel}","templated":true}]}}