{"id":214289,"date":"2022-09-25T18:42:05","date_gmt":"2022-09-25T17:42:05","guid":{"rendered":"https:\/\/www.elche.es\/2022\/09\/un-emotiu-prego-de-blanca-paloma-obri-les-festes-de-laltet-en-honor-a-sant-francesc-dassis\/"},"modified":"2022-09-26T10:22:59","modified_gmt":"2022-09-26T09:22:59","slug":"un-emotiu-prego-de-blanca-paloma-obri-les-festes-de-laltet-en-honor-a-sant-francesc-dassis","status":"publish","type":"post","link":"https:\/\/www.elche.es\/va\/2022\/09\/un-emotiu-prego-de-blanca-paloma-obri-les-festes-de-laltet-en-honor-a-sant-francesc-dassis\/","title":{"rendered":"Un emotiu preg\u00f3 de Blanca Paloma obri les festes de l&#8217;Altet en honor a Sant Francesc d&#8217;Ass\u00eds"},"content":{"rendered":"<div class=\"wpb-content-wrapper\"><p>[vc_row el_id=&#8221;SUBTITULAR_NOTICIA&#8221;][vc_column][vc_column_text]<\/p>\n<hr \/>\n<h4>L&#8217;alcalde, la regidora de Festes i membres de la Corporaci\u00f3 assisteixen a l&#8217;acte d&#8217;imposici\u00f3 de bandes dels c\u00e0rrecs festers i reines de les festes 2022 celebrat en una abarrotada Pla\u00e7a Major<\/h4>\n<hr \/>\n<p>[\/vc_column_text][\/vc_column][\/vc_row][vc_row][vc_column][vc_column_text]Un emotiu <strong>preg\u00f3 de Blanca Paloma<\/strong>, amb moltes refer\u00e8ncies a la seua inf\u00e0ncia a l&#8217;Altet, va inaugurar les festes patronals d&#8217;aquesta pedania il\u00b7licitana en honor a Sant Francesc d&#8217;Ass\u00eds.<\/p>\n<p><strong>L&#8217;alcalde d&#8217;Elx, Carlos Gonz\u00e1lez, la regidora de Festes Mariola Galiana, l&#8217;edil de Seguretat Ciutadana, Ram\u00f3n Abad, el pedani, Jos\u00e9 Manuel Meseguer<\/strong>, i membres de la Corporaci\u00f3 van assistir a aquest multitudinari acte celebrat a la Pla\u00e7a Major de l&#8217;Altet i en el qual van ser presents nombrosos ve\u00efns i ve\u00efnes. Tampoc van faltar les reines i dames de les festes d&#8217;Elx, aix\u00ed com les diferents comissions de festes de la ciutat i del camp.<\/p>\n<p>Un brillant acte en el qual va tindre lloc la <strong>imposici\u00f3 de bandes als c\u00e0rrecs festers, reines i dames 2022<\/strong>.<\/p>\n<p><strong>En un vist\u00f3s decorat inspirat a la Xina van prendre possessi\u00f3<\/strong> del seu c\u00e0rrec les dames infantils 2022 In\u00e9s Gonz\u00e1lvez Oliva i Tatiana Barber\u00e1 L\u00f3pez; la reina infantil, Carla Garc\u00eda Ruiz; les dames majors Flor\u00e8ncia Margari\u00f1os Dona Cunha i Micaela Agostina Rojas Bearzotti, i la reina major Alejandra Juan Aristazabal. I al costat d&#8217;elles, els \u2018festers infantils 2022\u2019 Javier Burgos Meseguer i Nagore Ram\u00edrez Navarro, i els \u2018festers d&#8217;honor 2022\u2019 Jos\u00e9 Juan Segarra i Elodia Clavel Garc\u00eda.[\/vc_column_text][\/vc_column][\/vc_row][vc_row el_id=&#8221;DESTACADO_NOTICIA&#8221;][vc_column][vc_gallery type=&#8221;flexslider_slide&#8221; interval=&#8221;5&#8243; images=&#8221;214274,214272,214270,214268,214266,214264,214262,214260,214276&#8243; img_size=&#8221;full&#8221; el_class=&#8221;galerianoticia&#8221;][\/vc_column][\/vc_row][vc_row el_id=&#8221;TEXTO_FIN_NOTICIA&#8221;][vc_column][vc_column_text]La comissi\u00f3 de festes de l&#8217;Altet va triar aquest decorat que va ser utilitzat en una anterior edici\u00f3 amb la finalitat de retre homenatge al seu autor, <strong>l&#8217;artista faller Jos\u00e9 Mu\u00f1oz Fructuoso<\/strong>, mort recentment.<\/p>\n<p>Abans del relleu de reines, dames i c\u00e0rrecs festers, va tindre lloc el <strong>preg\u00f3 de les festes de l&#8217;artista multidisciplin\u00e0ria Blanca Paloma<\/strong>, ve\u00efna de la pedania i una persona molt estimada pels seus ve\u00efns i ve\u00efnes.<\/p>\n<p>Blanca Paloma, que enguany tamb\u00e9 va ser pregonera de les festes d&#8217;Elx, va agrair el suport mostrat pels seus ve\u00efns en la seua passada participaci\u00f3 al \u2018Benidorm Fest\u2019.<\/p>\n<p>\u201cVeig moltes cares conegudes i altres noves per a mi. Fa 15 anys que visc fora de l&#8217;Altet, per\u00f2 els vincles, les mem\u00f2ries i la mar sempre em porten de tornada a aquesta terra que m&#8217;abra\u00e7a, com la calor de les dunes de la platja, el rumor de les anades i vingudes dels avions, les salutacions quotidianes pels carrers, els negocis familiars de sempre\u2026\u201d, va dir l&#8217;artista, que va afegir que \u201chi ha coses de l&#8217;Altet que no canvien. Per\u00f2, <strong>cada vegada que torne trobe que el poble es va nodrint de nous projectes que li donen vida<\/strong>\u201d.<\/p>\n<p>Per part seua, l&#8217;alcalde, que va pujar a l&#8217;escenari al costat de l&#8217;edil de Festes, Mariola Galiana, per a col\u00b7locar les ins\u00edgnies, va agrair la labor realitzada als c\u00e0rrecs festers sortints i va felicitar els entrants pel seu nomenament. A m\u00e9s, va animar els ve\u00efns i les ve\u00efnes a <strong>gaudir al m\u00e0xim de les seues festes patronals despr\u00e9s de l&#8217;aturada dels \u00faltims anys per la pand\u00e8mia<\/strong>.<\/p>\n<hr \/>\n<p>[\/vc_column_text][\/vc_column][\/vc_row]<\/p>\n<\/div>","protected":false},"excerpt":{"rendered":"<p>[vc_row el_id=&#8221;SUBTITULAR_NOTICIA&#8221;][vc_column][vc_column_text] L&#8217;alcalde, la regidora de Festes i membres de la Corporaci\u00f3 assisteixen a l&#8217;acte d&#8217;imposici\u00f3 de bandes dels c\u00e0rrecs festers i reines de les festes 2022 celebrat en una [&hellip;]<\/p>\n","protected":false},"author":131,"featured_media":214259,"comment_status":"closed","ping_status":"closed","sticky":false,"template":"","format":"standard","meta":{"footnotes":""},"categories":[191,391,1312,2235],"tags":[],"class_list":["post-214289","post","type-post","status-publish","format-standard","has-post-thumbnail","hentry","category-festes-va","category-home-va","category-noticias-va","category-pedania"],"_links":{"self":[{"href":"https:\/\/www.elche.es\/va\/wp-json\/wp\/v2\/posts\/214289","targetHints":{"allow":["GET"]}}],"collection":[{"href":"https:\/\/www.elche.es\/va\/wp-json\/wp\/v2\/posts"}],"about":[{"href":"https:\/\/www.elche.es\/va\/wp-json\/wp\/v2\/types\/post"}],"author":[{"embeddable":true,"href":"https:\/\/www.elche.es\/va\/wp-json\/wp\/v2\/users\/131"}],"replies":[{"embeddable":true,"href":"https:\/\/www.elche.es\/va\/wp-json\/wp\/v2\/comments?post=214289"}],"version-history":[{"count":0,"href":"https:\/\/www.elche.es\/va\/wp-json\/wp\/v2\/posts\/214289\/revisions"}],"wp:featuredmedia":[{"embeddable":true,"href":"https:\/\/www.elche.es\/va\/wp-json\/wp\/v2\/media\/214259"}],"wp:attachment":[{"href":"https:\/\/www.elche.es\/va\/wp-json\/wp\/v2\/media?parent=214289"}],"wp:term":[{"taxonomy":"category","embeddable":true,"href":"https:\/\/www.elche.es\/va\/wp-json\/wp\/v2\/categories?post=214289"},{"taxonomy":"post_tag","embeddable":true,"href":"https:\/\/www.elche.es\/va\/wp-json\/wp\/v2\/tags?post=214289"}],"curies":[{"name":"wp","href":"https:\/\/api.w.org\/{rel}","templated":true}]}}