{"id":214302,"date":"2022-09-25T13:35:08","date_gmt":"2022-09-25T12:35:08","guid":{"rendered":"https:\/\/www.elche.es\/2022\/09\/la-trobada-intercases-reuneix-a-lhort-de-baix-al-voltant-de-800-andalusos-del-sud-de-la-comunitat-valenciana\/"},"modified":"2022-09-26T10:22:31","modified_gmt":"2022-09-26T09:22:31","slug":"la-trobada-intercases-reuneix-a-lhort-de-baix-al-voltant-de-800-andalusos-del-sud-de-la-comunitat-valenciana","status":"publish","type":"post","link":"https:\/\/www.elche.es\/va\/2022\/09\/la-trobada-intercases-reuneix-a-lhort-de-baix-al-voltant-de-800-andalusos-del-sud-de-la-comunitat-valenciana\/","title":{"rendered":"La Trobada Intercases reuneix a l&#8217;Hort de Baix al voltant de 800 andalusos del sud de la Comunitat Valenciana"},"content":{"rendered":"<div class=\"wpb-content-wrapper\"><p>[vc_row el_id=&#8221;SUBTITULAR_NOTICIA&#8221;][vc_column][vc_column_text]<\/p>\n<hr \/>\n<h4>L&#8217;alcalde, Carlos Gonz\u00e1lez, la regidora de Festes, Mariola Galiana, la presidenta de la Casa d&#8217;Andalusia d&#8217;Elx, \u00c1ngeles Masegosa, i el president de FECUAS, Luis Romero, assisteixen a la cita que ha comptat amb un espectacle protagonitzat per l&#8217;escola de Beatriz Ar\u00edn<\/h4>\n<hr \/>\n<p>[\/vc_column_text][\/vc_column][\/vc_row][vc_row el_id=&#8221;TEXTO_NOTICIA&#8221;][vc_column][vc_column_text]L&#8217;Hort de Baix ha acollit aquest diumenge 25 al mat\u00ed una<strong> jornada de conviv\u00e8ncia de Cases d&#8217;Andalusia i entitats culturals on han participat al voltant de 800 andalusos i simpatitzants<\/strong> provinents de ciutats com Sant Vicent del Raspeig, Sant Joan, Torrevella, X\u00e0bia, Calp, D\u00e9nia, Ibi, Alcoi, Albacete i Benidorm. La Trobada d&#8217;Intercases, que se celebra cada 14 anys a Elx, ha sigut <strong>impulsat per la Regidoria de Festes de l&#8217;Ajuntament d&#8217;Elx al costat de la Junta d&#8217;Andalusia i organitzat per la Federaci\u00f3 Cultural d&#8217;Andalusia al sud de la Comunitat Valenciana (FECUAS)<\/strong>.<\/p>\n<p>A la cita ha assistit <strong>l&#8217;alcalde, Carlos Gonz\u00e1lez, l&#8217;edil de Festes, Mariola Galiana, la presidenta de la Casa d&#8217;Andalusia d&#8217;Elx, \u00c1ngeles Masegosa, i el president de FECUAS, Luis Romero Vilches<\/strong>, entre altres autoritats.[\/vc_column_text][\/vc_column][\/vc_row][vc_row el_id=&#8221;DESTACADO_NOTICIA&#8221;][vc_column][vc_gallery type=&#8221;flexslider_slide&#8221; interval=&#8221;5&#8243; images=&#8221;214252,214250,214248,214246,214244,214242,214240,214238,214254&#8243; img_size=&#8221;full&#8221; el_class=&#8221;galerianoticia&#8221;][\/vc_column][\/vc_row][vc_row][vc_column][vc_column_text]L&#8217;alcalde ha mostrat el seu <strong>orgull i satisfacci\u00f3 que la ciutat il\u00b7licitana siga el punt de trobada d&#8217;andalusos d&#8217;Albacete i la prov\u00edncia d&#8217;Alacant<\/strong>. Aix\u00ed mateix, Gonz\u00e1lez ha assenyalat que \u201ca mitjan segle passat m\u00e9s de 40.000 andalusos van deixar la seua terra i van vindre a Elx a viure i a treballar, la qual cosa ha deixat profundes arrels a la nostra ciutat\u201d.<\/p>\n<p>\u201c<strong>Elx t\u00e9 una profunda \u00e0nima andalusa. Fruit del llegat que han deixat tants andalusos amb el seu esfor\u00e7, talent, il\u00b7lusi\u00f3 i creativitat<\/strong> que han posat al llarg dels anys per a tirar avant les seues fam\u00edlies i alhora a aquesta ciutat\u201d, ha manifestat el regidor il\u00b7licit\u00e0; al seu judici tot aix\u00f2 ha provocat que s&#8217;haja produ\u00eft una fusi\u00f3 de cultures. \u201cEls il\u00b7licitans en bona part ens hem impregnat de la cultura, patrimoni, gastronomia i la idiosincr\u00e0sia del poble andal\u00fas, i a la vegada els andalusos tamb\u00e9 s&#8217;han impregnat de la cultura d&#8217;Elx\u201d, ha afegit.[\/vc_column_text][\/vc_column][\/vc_row][vc_row][vc_column][vc_column_text el_class=&#8221;cuadronoticia&#8221;]<\/p>\n<h5>El regidor il\u00b7licit\u00e0 agraeix a les generacions d&#8217;andalusos i d&#8217;andaluses tot all\u00f2 que han deixat al municipi \u201cque ha servit per a generar qualitat de vida i benestar, aix\u00ed com perqu\u00e8 Elx prospere i es convertisca en una gran ciutat\u201d<\/h5>\n<p>[\/vc_column_text][\/vc_column][\/vc_row][vc_row el_id=&#8221;TEXTO_FIN_NOTICIA&#8221;][vc_column][vc_column_text]A m\u00e9s, l&#8217;alcalde ha agra\u00eft a les generacions d&#8217;andalusos i andaluses tot all\u00f2 que han deixat al municipi \u201cque ha servit per a generar qualitat de vida i benestar, aix\u00ed com perqu\u00e8 Elx prospere i es convertisca en una gran ciutat\u201d.<\/p>\n<p>Per part seua, el president de FACUAS ha expressat la seua gratitud a l&#8217;Ajuntament per fer possible que es realitzara aquest esdeveniment.<\/p>\n<p>Durant l&#8217;acte els assistents han pogut gaudir d&#8217;<strong>un espectacle protagonitzat per l&#8217;escola de Beatriz Ar\u00edn<\/strong> on el flamenc, el ball i el cant s&#8217;han fusionat amb el magn\u00edfic entorn del palmerar.<\/p>\n<p>Per a finalitzar,\u00a0 s&#8217;ha celebrat un <strong>menjar de germandat<\/strong>, en la qual convidats i amfitrions han compartit experi\u00e8ncies i impressions de la jornada.<\/p>\n<hr \/>\n<p>[\/vc_column_text][\/vc_column][\/vc_row]<\/p>\n<\/div>","protected":false},"excerpt":{"rendered":"<p>[vc_row el_id=&#8221;SUBTITULAR_NOTICIA&#8221;][vc_column][vc_column_text] L&#8217;alcalde, Carlos Gonz\u00e1lez, la regidora de Festes, Mariola Galiana, la presidenta de la Casa d&#8217;Andalusia d&#8217;Elx, \u00c1ngeles Masegosa, i el president de FECUAS, Luis Romero, assisteixen a la [&hellip;]<\/p>\n","protected":false},"author":131,"featured_media":214237,"comment_status":"closed","ping_status":"closed","sticky":false,"template":"","format":"standard","meta":{"footnotes":""},"categories":[191,391,1312],"tags":[],"class_list":["post-214302","post","type-post","status-publish","format-standard","has-post-thumbnail","hentry","category-festes-va","category-home-va","category-noticias-va"],"_links":{"self":[{"href":"https:\/\/www.elche.es\/va\/wp-json\/wp\/v2\/posts\/214302","targetHints":{"allow":["GET"]}}],"collection":[{"href":"https:\/\/www.elche.es\/va\/wp-json\/wp\/v2\/posts"}],"about":[{"href":"https:\/\/www.elche.es\/va\/wp-json\/wp\/v2\/types\/post"}],"author":[{"embeddable":true,"href":"https:\/\/www.elche.es\/va\/wp-json\/wp\/v2\/users\/131"}],"replies":[{"embeddable":true,"href":"https:\/\/www.elche.es\/va\/wp-json\/wp\/v2\/comments?post=214302"}],"version-history":[{"count":0,"href":"https:\/\/www.elche.es\/va\/wp-json\/wp\/v2\/posts\/214302\/revisions"}],"wp:featuredmedia":[{"embeddable":true,"href":"https:\/\/www.elche.es\/va\/wp-json\/wp\/v2\/media\/214237"}],"wp:attachment":[{"href":"https:\/\/www.elche.es\/va\/wp-json\/wp\/v2\/media?parent=214302"}],"wp:term":[{"taxonomy":"category","embeddable":true,"href":"https:\/\/www.elche.es\/va\/wp-json\/wp\/v2\/categories?post=214302"},{"taxonomy":"post_tag","embeddable":true,"href":"https:\/\/www.elche.es\/va\/wp-json\/wp\/v2\/tags?post=214302"}],"curies":[{"name":"wp","href":"https:\/\/api.w.org\/{rel}","templated":true}]}}