{"id":214388,"date":"2022-09-26T13:16:25","date_gmt":"2022-09-26T12:16:25","guid":{"rendered":"https:\/\/www.elche.es\/2022\/09\/medi-ambient-i-la-fundacio-limne-posen-en-marxa-una-jornada-de-voluntariat-per-a-estudiar-la-qualitat-de-les-aigues-del-panta-delx\/"},"modified":"2022-09-29T09:39:01","modified_gmt":"2022-09-29T08:39:01","slug":"medi-ambient-i-la-fundacio-limne-posen-en-marxa-una-jornada-de-voluntariat-per-a-estudiar-la-qualitat-de-les-aigues-del-panta-delx","status":"publish","type":"post","link":"https:\/\/www.elche.es\/va\/2022\/09\/medi-ambient-i-la-fundacio-limne-posen-en-marxa-una-jornada-de-voluntariat-per-a-estudiar-la-qualitat-de-les-aigues-del-panta-delx\/","title":{"rendered":"Medi Ambient i la Fundaci\u00f3 Limne posen en marxa una jornada de voluntariat per a estudiar la qualitat de les aig\u00fces del Pant\u00e0 d&#8217;Elx"},"content":{"rendered":"<div class=\"wpb-content-wrapper\"><p>[vc_row el_id=&#8221;SUBTITULAR_NOTICIA&#8221;][vc_column][vc_column_text]<\/p>\n<hr \/>\n<h4>L&#8217;edil de l&#8217;\u00e0rea, Esther D\u00edez, informa que la sessi\u00f3 es desenvolupar\u00e0 el pr\u00f2xim 2 d&#8217;octubre a partir de les 10.30 hores al paratge natural i es necessitar\u00e0 inscripci\u00f3 pr\u00e8via a trav\u00e9s del tel\u00e8fon 654 076 533 o del correu <a href=\"mailto:participa@limne.es\">participa@limne.es<\/a><\/h4>\n<hr \/>\n<p>[\/vc_column_text][\/vc_column][\/vc_row][vc_row el_id=&#8221;TEXTO_NOTICIA&#8221;][vc_column][vc_column_text]La Regidoria de Medi Ambient de l&#8217;Ajuntament d&#8217;Elx, en col\u00b7laboraci\u00f3 amb la Fundaci\u00f3 Limne, ha organitzat una eixida formativa del conegut Projecte R\u00edos, una campanya promoguda per l&#8217;entitat conservacionista i que cada any implica centenars de persones volunt\u00e0ries que <strong>recapten dades sobre la qualitat dels rius i barrancs de la Comunitat Valenciana<\/strong>. L&#8217;edil de l&#8217;\u00e0rea, Esther D\u00edez, ha destacat que \u201caquesta sessi\u00f3 formativa d&#8217;aquest voluntariat es desenvolupar\u00e0 diumenge que ve 2 d&#8217;octubre al Pant\u00e0 d&#8217;Elx per a estudiar la qualitat d&#8217;aquest tram del riu Vinalop\u00f3\u201d. L&#8217;activitat comen\u00e7ar\u00e0 a les 10.30 hores del mat\u00ed i tindr\u00e0 una duraci\u00f3 aproximada d&#8217;entre dos i tres hores.[\/vc_column_text][\/vc_column][\/vc_row][vc_row source=&#8221;media_library&#8221; image=&#8221;&#8221; img_size=&#8221;full&#8221; external_img_size=&#8221;&#8221; add_caption=&#8221;&#8221; alignment=&#8221;left&#8221; style=&#8221;&#8221; external_style=&#8221;&#8221; border_color=&#8221;grey&#8221; external_border_color=&#8221;grey&#8221; onclick=&#8221;link_image&#8221; img_link_target=&#8221;_self&#8221; el_class=&#8221;fotounicanoticia&#8221; title=&#8221;&#8221; custom_src=&#8221;&#8221; caption=&#8221;&#8221; link=&#8221;&#8221; img_link_large=&#8221;&#8221;][vc_column][vc_single_image image=&#8221;214372&#8243; img_size=&#8221;medium&#8221; alignment=&#8221;center&#8221; onclick=&#8221;link_image&#8221; el_class=&#8221;fotounicanoticia&#8221;][\/vc_column][\/vc_row][vc_row][vc_column][vc_column_text]El voluntariat consisteix en la realitzaci\u00f3 d&#8217;una<strong> inspecci\u00f3 tipus al riu, amb la metodologia del Projecte R\u00edos i els materials de camp que permeten establir la qualitat qu\u00edmica i biol\u00f2gica de l&#8217;ecosistema<\/strong>. L&#8217;objectiu, comenten des de l&#8217;entitat conservacionista, \u201c\u00e9s que els voluntaris es capaciten per a, si volen, poder formar part de la xarxa de voluntaris que s&#8217;encarreguen de determinar la qualitat del Vinalop\u00f3\u201d.<\/p>\n<p>D\u00edez ha animat la poblaci\u00f3 a participar en aquesta<strong> jornada formativa i gratu\u00efta, que requerir\u00e0 inscripci\u00f3 pr\u00e8via, a trav\u00e9s del tel\u00e8fon 654 076 533 o del correu electr\u00f2nic <a href=\"mailto:participa@limne.es\">participa@limne.es<\/a><\/strong>.<\/p>\n<h5>El Projecte R\u00edos<\/h5>\n<p>El Projecte R\u00edos, una iniciativa de voluntariat i ci\u00e8ncia ciutadana que, des de 2005, pret\u00e9n l&#8217;acostament de totes les persones interessades als ecosistemes fluvials de la Comunitat Valenciana i altres zones incurses en la Demarcaci\u00f3 Hidrogr\u00e0fica del X\u00faquer, perqu\u00e8 <strong>col\u00b7laboren en el seu estudi a trav\u00e9s d&#8217;aquesta xarxa ciutadana de protecci\u00f3 i conservaci\u00f3 dels rius<\/strong>.<\/p>\n<hr \/>\n<p>&nbsp;<\/p>\n<p>[\/vc_column_text][\/vc_column][\/vc_row][vc_row][vc_column width=&#8221;1\/6&#8243;][\/vc_column][vc_column width=&#8221;2\/3&#8243;]<audio class=\"sc_audio\" src=\"https:\/\/soundcloud.com\/ayuntamiento-de-elche\/medio-ambiente-pone-en-marcha-una-jornada-de-voluntariado-para-estudiar-la-calidad-de-las-aguas?si=3c35bf0fbfa24bdea4974c7672e5e149&#038;utm_source=clipboard&#038;utm_medium=text&#038;utm_campaign=social_sharing\" width=\"\" height=\"\"><\/audio>[\/vc_column][vc_column width=&#8221;1\/6&#8243;][\/vc_column][\/vc_row]<\/p>\n<\/div>","protected":false},"excerpt":{"rendered":"<p>[vc_row el_id=&#8221;SUBTITULAR_NOTICIA&#8221;][vc_column][vc_column_text] L&#8217;edil de l&#8217;\u00e0rea, Esther D\u00edez, informa que la sessi\u00f3 es desenvolupar\u00e0 el pr\u00f2xim 2 d&#8217;octubre a partir de les 10.30 hores al paratge natural i es necessitar\u00e0 inscripci\u00f3 [&hellip;]<\/p>\n","protected":false},"author":131,"featured_media":214376,"comment_status":"closed","ping_status":"closed","sticky":false,"template":"","format":"standard","meta":{"footnotes":""},"categories":[391,211,1312],"tags":[],"class_list":["post-214388","post","type-post","status-publish","format-standard","has-post-thumbnail","hentry","category-home-va","category-medi-ambient-va","category-noticias-va"],"_links":{"self":[{"href":"https:\/\/www.elche.es\/va\/wp-json\/wp\/v2\/posts\/214388","targetHints":{"allow":["GET"]}}],"collection":[{"href":"https:\/\/www.elche.es\/va\/wp-json\/wp\/v2\/posts"}],"about":[{"href":"https:\/\/www.elche.es\/va\/wp-json\/wp\/v2\/types\/post"}],"author":[{"embeddable":true,"href":"https:\/\/www.elche.es\/va\/wp-json\/wp\/v2\/users\/131"}],"replies":[{"embeddable":true,"href":"https:\/\/www.elche.es\/va\/wp-json\/wp\/v2\/comments?post=214388"}],"version-history":[{"count":0,"href":"https:\/\/www.elche.es\/va\/wp-json\/wp\/v2\/posts\/214388\/revisions"}],"wp:featuredmedia":[{"embeddable":true,"href":"https:\/\/www.elche.es\/va\/wp-json\/wp\/v2\/media\/214376"}],"wp:attachment":[{"href":"https:\/\/www.elche.es\/va\/wp-json\/wp\/v2\/media?parent=214388"}],"wp:term":[{"taxonomy":"category","embeddable":true,"href":"https:\/\/www.elche.es\/va\/wp-json\/wp\/v2\/categories?post=214388"},{"taxonomy":"post_tag","embeddable":true,"href":"https:\/\/www.elche.es\/va\/wp-json\/wp\/v2\/tags?post=214388"}],"curies":[{"name":"wp","href":"https:\/\/api.w.org\/{rel}","templated":true}]}}