{"id":214425,"date":"2022-09-26T21:25:55","date_gmt":"2022-09-26T20:25:55","guid":{"rendered":"https:\/\/www.elche.es\/2022\/09\/el-ple-sol%c2%b7licita-mes-suport-a-la-diputacio-al-consell-i-a-lestat-per-a-despeses-energetiques-i-a-les-confederacions-del-xuquer-i-del-segura-la-neteja-dels-barrancs\/"},"modified":"2022-09-27T12:30:36","modified_gmt":"2022-09-27T11:30:36","slug":"el-ple-sol%c2%b7licita-mes-suport-a-la-diputacio-al-consell-i-a-lestat-per-a-despeses-energetiques-i-a-les-confederacions-del-xuquer-i-del-segura-la-neteja-dels-barrancs","status":"publish","type":"post","link":"https:\/\/www.elche.es\/va\/2022\/09\/el-ple-sol%c2%b7licita-mes-suport-a-la-diputacio-al-consell-i-a-lestat-per-a-despeses-energetiques-i-a-les-confederacions-del-xuquer-i-del-segura-la-neteja-dels-barrancs\/","title":{"rendered":"El ple sol\u00b7licita m\u00e9s suport a la Diputaci\u00f3, al Consell i a l&#8217;Estat per a despeses energ\u00e8tiques i a les Confederacions del X\u00faquer i del Segura la neteja dels barrancs"},"content":{"rendered":"<div class=\"wpb-content-wrapper\"><p>[vc_row el_id=&#8221;SUBTITULAR_NOTICIA&#8221;][vc_column][vc_column_text]<\/p>\n<hr \/>\n<h4>Tira avant la creaci\u00f3 d&#8217;una taula de treball entorn del Pla Edificant, una moci\u00f3 que insta el Govern Valenci\u00e0 a agilitar els tr\u00e0mits per a construir el nou Conservatori de M\u00fasica, una altra per a estudiar la instal\u00b7laci\u00f3 de punts \u201cKiss and Go\u201d i la proposta d&#8217;un bo d&#8217;ajudes a fam\u00edlies per a material escolar<\/h4>\n<hr \/>\n<p>[\/vc_column_text][\/vc_column][\/vc_row][vc_row el_id=&#8221;TEXTO_NOTICIA&#8221;][vc_column][vc_column_text]La sessi\u00f3 plen\u00e0ria de l&#8217;Ajuntament d&#8217;Elx ha sol\u00b7licitat <strong>m\u00e9s suport a la Diputaci\u00f3, al Consell i a l&#8217;Estat a les Corporacions Locals per a despeses energ\u00e8tiques i a les Confederacions Hidrogr\u00e0fiques del X\u00faquer i del Segura que escometen la neteja de barrancs<\/strong>. La primera proposta, del Grup Socialista, ha sigut votada per unanimitat amb una esmena dels populars amb la finalitat d&#8217;instar la Diputaci\u00f3 a crear una partida en el pressupost provincial del present exercici de 50 milions d&#8217;euros, a distribuir de manera proporcional entre els ajuntaments, per a <strong>afrontar el subministrament energ\u00e8tic donades les circumst\u00e0ncies actuals d&#8217;increment de preus<\/strong>. La moci\u00f3, que tamb\u00e9 planteja requerir al Consell i al Govern d&#8217;Espanya que facen costat als Consistoris en aquest sentit amb la creaci\u00f3 d&#8217;una partida espec\u00edfica (o a trav\u00e9s del Fons de Cooperaci\u00f3) i amb l&#8217;augment de la Participaci\u00f3 d&#8217;Ingressos de l&#8217;Estat, respectivament.<\/p>\n<p>La segona, del Grup Ciutadans i acordada igualment per unanimitat, ha sol\u00b7licitat a la <strong>Confederaci\u00f3 Hidrogr\u00e0fica del X\u00faquer que realitze urgentment labors de neteja i de manteniment sobre el llit del riu i dels barrancs del terme municipal davant les previsibles pluges<\/strong>, a m\u00e9s d&#8217;establir amb l&#8217;Ajuntament un protocol per a establir un calendari anual d&#8217;actuacions preventives sobre aquest tema. A la moci\u00f3, que ha comptat amb la confian\u00e7a de tots els edils, s&#8217;han agregat les esmenes socialistes que en aquest protocol es definisquen les zones d&#8217;actuaci\u00f3 de la Confederaci\u00f3 i del Consistori i la dels populars d&#8217;incloure a la Confederaci\u00f3 Hidrogr\u00e0fica del Segura.<\/p>\n<h5>Nou conservatori i taula de treball entorn de l&#8217;Edificant<\/h5>\n<p>Per part seua, ha sigut confirmada per tots els grups la moci\u00f3 presentada per Comprom\u00eds, en la qual <strong>es demana a la Conselleria d&#8217;Educaci\u00f3, Cultura i Esports agilitat en els tr\u00e0mits per a la construcci\u00f3 del nou Conservatori de M\u00fasica d&#8217;Elx, incl\u00f2s en el Pla Edificant<\/strong> i que se situar\u00e0 en una parcel\u00b7la d&#8217;11.000 metres quadrats contigua al CEIP Clara Campoamor, a l&#8217;avinguda de la UNESCO. Aix\u00ed mateix, s&#8217;ha donat el vistiplau, amb les abstencions de Ciutadans, PP i VOX, a la proposta del Regidor No Adscrit d&#8217;estudiar instal\u00b7lar, com a prova, <strong>punts \u201cKiss and Go\u201d pr\u00f2xims a diversos centres educatius, perqu\u00e8 els progenitors puguen detindre els seus cotxes i que baixen els xiquets i joves amb seguretat<\/strong>.<\/p>\n<p>Les dues mocions del Grup Popular han sigut votades per unanimitat, relatives a <strong>convocar una taula de treball composta per representants de totes les formacions municipals per a con\u00e9ixer la situaci\u00f3 actual de les infraestructures compromeses i pendents dins del Pla Edificant<\/strong>. I, tamb\u00e9, a la creaci\u00f3 d&#8217;un bo de cent euros per fill menor estudiant per a despeses de material escolar, moci\u00f3 esmenada pels socialistes amb la finalitat que arribe a les fam\u00edlies ateses per Serveis Socials i sol\u00b7licitar la convocat\u00f2ria d&#8217;aquestes ajudes a la Generalitat Valenciana. Igualment ha sigut esmenada per Ciutadans per a, aix\u00ed mateix, instar el Consell a efectuar aquesta l\u00ednia d&#8217;ajudes i afegir el transport, el servei de menjador o les activitats extraescolars.[\/vc_column_text][\/vc_column][\/vc_row][vc_row el_id=&#8221;DESTACADO_NOTICIA&#8221;][vc_column][vc_column_text el_class=&#8221;cuadronoticia&#8221;]<\/p>\n<h5>Els grups pol\u00edtics acorden amb una Declaraci\u00f3 Institucional mesures encaminades a normalitzar la lact\u00e0ncia materna als espais i instal\u00b7lacions municipals, per a aix\u00ed garantir els drets de les mares que alleten els seus fills<\/h5>\n<p>[\/vc_column_text][\/vc_column][\/vc_row][vc_row el_id=&#8221;TEXTO_FIN_NOTICIA&#8221;][vc_column][vc_column_text]A m\u00e9s, Ciutadans ha presentat una altra moci\u00f3 sobre<strong> facilitar als joves l&#8217;oci i previndre conductes antisocials<\/strong>, amb una unitat espec\u00edfica d&#8217;intervenci\u00f3 de joves en riscos d&#8217;exclusi\u00f3, dissenyar alternatives d&#8217;oci i formar el professorat, que ha sigut aprovada per tots.<\/p>\n<p>Finalment, <strong>no han prosperat les dues mocions del Grup VOX<\/strong> pels vots negatius de les forces de l&#8217;Equip de Govern. La primera, contra l&#8217;adoctrinament en l&#8217;educaci\u00f3 p\u00fablica; la segona, per a lluitar contra l&#8217;\u201cokupaci\u00f3\u201d, que ha demanat a l&#8217;Executiu m\u00e9s compet\u00e8ncies als municipis per a combatre-la, la creaci\u00f3 a Elx d&#8217;una oficina per a atendre els ve\u00efns afectats per l&#8217;ocupaci\u00f3 il\u00b7legal o el refor\u00e7 policial davant aquest fenomen.<\/p>\n<h5>Ciutat amiga de la lact\u00e0ncia materna<\/h5>\n<p>El ple ha declarat la <strong>localitat com a \u201cciutat amiga de la lact\u00e0ncia materna\u201d<\/strong> amb lectura d&#8217;una Declaraci\u00f3 Institucional. La totalitat dels grups pol\u00edtics de la Corporaci\u00f3 Municipal han acordat mesures encaminades a la normalitzaci\u00f3 i visibilitzaci\u00f3 d&#8217;una forma d&#8217;alimentaci\u00f3 que comen\u00e7a en el naixement amb llet del si matern. Aix\u00ed doncs, <strong>el Consistori facilitar\u00e0 en tots els espais i instal\u00b7lacions municipals la lact\u00e0ncia materna<\/strong>, per la qual cosa detectar\u00e0 i corregir\u00e0 qualsevol possible normativa que dificulte aquest dret. Tamb\u00e9 col\u00b7laborar\u00e0 amb els centres sanitaris en la difusi\u00f3 dels seus avantatges i promocionar\u00e0 la Setmana Mundial de la Lact\u00e0ncia Materna, instaurada per l&#8217;OMS i UNICEF en 1992.<\/p>\n<p>Tot aix\u00f2 per a garantir que les mares puguen alletar els seus fills sense traves on i quan siga, at\u00e9s que les \u00faltimes dades de l&#8217;Enquesta Nacional sobre aquest tema impulsada pel Comit\u00e9 Espanyol de Lact\u00e0ncia Materna mostren que la principal causa del seu aband\u00f3 \u00e9s l&#8217;escassa conciliaci\u00f3 entre els treballs i la vida personal, segons resa el text: \u201cLa legislaci\u00f3 vigent en mat\u00e8ria laboral, poc protectora amb el dret de la inf\u00e0ncia a ser alletats de manera exclusiva fins als sis mesos i de forma combinada m\u00ednim fins a l&#8217;any\u201d.<\/p>\n<p>Aquesta primera sessi\u00f3 ple del curs pol\u00edtic ha comen\u00e7at amb<strong> un minut de silenci en mem\u00f2ria de l&#8217;exedil Sergio Rodr\u00edguez<\/strong>, que va faltar l&#8217;1 d&#8217;agost en un accident de tr\u00e0nsit a la carretera d&#8217;Asprella. Tenia 33 anys i era secretari general del PP il\u00b7licit\u00e0, coordinador adjunt d&#8217;aquesta formaci\u00f3 a la Diputaci\u00f3 i sotssecretari provincial de Comunicaci\u00f3 del seu partit.<\/p>\n<hr \/>\n<p>[\/vc_column_text][\/vc_column][\/vc_row][vc_row][vc_column]<a href=\"https:\/\/www.elche.es\/wp-content\/uploads\/2022\/09\/20220926-DECLARACION-INSTITUCIONAL-LACTANCIA-MATERNA.pdf\" target=\"_blank\" class=\"sc_button sc_button_square sc_button_style_filled style_original sc_button_size_large aligncenter btndentronoticia margin_top_small margin_right_huge margin_bottom_small margin_left_huge\">Declaraci\u00f3n institucional &#8220;Elche ciudad amiga de la lactancia materna&#8221;<\/a>[\/vc_column][\/vc_row]<\/p>\n<\/div>","protected":false},"excerpt":{"rendered":"<p>[vc_row el_id=&#8221;SUBTITULAR_NOTICIA&#8221;][vc_column][vc_column_text] Tira avant la creaci\u00f3 d&#8217;una taula de treball entorn del Pla Edificant, una moci\u00f3 que insta el Govern Valenci\u00e0 a agilitar els tr\u00e0mits per a construir el nou [&hellip;]<\/p>\n","protected":false},"author":131,"featured_media":214408,"comment_status":"closed","ping_status":"closed","sticky":false,"template":"","format":"standard","meta":{"footnotes":""},"categories":[190,194,488,391,680,2776,210],"tags":[],"class_list":["post-214425","post","type-post","status-publish","format-standard","has-post-thumbnail","hentry","category-drets-socials","category-educacio-va","category-hisenda","category-home-va","category-mantenimiento-va","category-ple","category-urbanisme-va"],"_links":{"self":[{"href":"https:\/\/www.elche.es\/va\/wp-json\/wp\/v2\/posts\/214425","targetHints":{"allow":["GET"]}}],"collection":[{"href":"https:\/\/www.elche.es\/va\/wp-json\/wp\/v2\/posts"}],"about":[{"href":"https:\/\/www.elche.es\/va\/wp-json\/wp\/v2\/types\/post"}],"author":[{"embeddable":true,"href":"https:\/\/www.elche.es\/va\/wp-json\/wp\/v2\/users\/131"}],"replies":[{"embeddable":true,"href":"https:\/\/www.elche.es\/va\/wp-json\/wp\/v2\/comments?post=214425"}],"version-history":[{"count":0,"href":"https:\/\/www.elche.es\/va\/wp-json\/wp\/v2\/posts\/214425\/revisions"}],"wp:featuredmedia":[{"embeddable":true,"href":"https:\/\/www.elche.es\/va\/wp-json\/wp\/v2\/media\/214408"}],"wp:attachment":[{"href":"https:\/\/www.elche.es\/va\/wp-json\/wp\/v2\/media?parent=214425"}],"wp:term":[{"taxonomy":"category","embeddable":true,"href":"https:\/\/www.elche.es\/va\/wp-json\/wp\/v2\/categories?post=214425"},{"taxonomy":"post_tag","embeddable":true,"href":"https:\/\/www.elche.es\/va\/wp-json\/wp\/v2\/tags?post=214425"}],"curies":[{"name":"wp","href":"https:\/\/api.w.org\/{rel}","templated":true}]}}