{"id":214443,"date":"2022-09-27T11:25:41","date_gmt":"2022-09-27T10:25:41","guid":{"rendered":"https:\/\/www.elche.es\/2022\/09\/ledil-de-medi-ambient-explica-en-un-forum-a-valencia-com-el-clot-de-galvany-usa-aigues-regenerades-per-a-la-seua-conservacio\/"},"modified":"2022-09-29T09:38:20","modified_gmt":"2022-09-29T08:38:20","slug":"ledil-de-medi-ambient-explica-en-un-forum-a-valencia-com-el-clot-de-galvany-usa-aigues-regenerades-per-a-la-seua-conservacio","status":"publish","type":"post","link":"https:\/\/www.elche.es\/va\/2022\/09\/ledil-de-medi-ambient-explica-en-un-forum-a-valencia-com-el-clot-de-galvany-usa-aigues-regenerades-per-a-la-seua-conservacio\/","title":{"rendered":"L&#8217;edil de Medi Ambient explica en un f\u00f2rum a Val\u00e8ncia com el Clot de Galvany usa aig\u00fces regenerades per a la seua conservaci\u00f3"},"content":{"rendered":"<div class=\"wpb-content-wrapper\"><p>[vc_row el_id=&#8221;SUBTITULAR_NOTICIA&#8221;][vc_column][vc_column_text]<\/p>\n<hr \/>\n<h4>Esther D\u00edez explica en l&#8217;esdeveniment MissionADAPT organitzat per la Conselleria de Transici\u00f3 Ecol\u00f2gica com el Paratge Natural Municipal \u00e9s un enclavament essencial per a la diversitat de la localitat<\/h4>\n<hr \/>\n<p>[\/vc_column_text][\/vc_column][\/vc_row][vc_row type=&#8221;square&#8221; style_color=&#8221;original&#8221; style=&#8221;filled&#8221; size=&#8221;large&#8221; icon=&#8221;inherit&#8221; color=&#8221;&#8221; bg_color=&#8221;&#8221; align=&#8221;center&#8221; link=&#8221;&#8221; target=&#8221;_blank&#8221; popup=&#8221;&#8221; rel=&#8221;&#8221; id=&#8221;&#8221; class=&#8221;btndentronoticia&#8221; animation=&#8221;none&#8221; width=&#8221;&#8221; height=&#8221;&#8221; top=&#8221;small&#8221; bottom=&#8221;small&#8221; left=&#8221;huge&#8221; right=&#8221;huge&#8221;][vc_column]<a href=\"https:\/\/www.elche.es\/wp-content\/uploads\/2022\/07\/PRESENTACION-CLOT-comprimido.pdf\" target=\"_blank\" class=\"sc_button sc_button_square sc_button_style_filled style_original sc_button_size_large aligncenter btndentronoticia margin_top_small margin_right_huge margin_bottom_small margin_left_huge\">Clica ac\u00ed per a veure la Presentaci\u00f3 del Clot<\/a>[\/vc_column][\/vc_row][vc_row el_id=&#8221;TEXTO_NOTICIA&#8221;][vc_column][vc_column_text]L&#8217;edil de Medi Ambient, Esther D\u00edez, va explicar a Val\u00e8ncia com <strong>el Clot de Galvany empra aig\u00fces regenerades per a la seua conservaci\u00f3 i gesti\u00f3<\/strong>, en el marc de la jornada impulsada per la Conselleria de Transici\u00f3 Ecol\u00f2gica \u2018MissionAdapt\u2019 sobre adaptaci\u00f3 al canvi clim\u00e0tic dels municipis de la Comunitat Valenciana.<\/p>\n<p>L&#8217;edil de Medi Ambient, Esther D\u00edez, ha dit que en l&#8217;esdeveniment es va explicar com <strong>el Paratge Natural Municipal \u00e9s un exemple de bona gesti\u00f3 i un enclavament essencial per a la diversitat de la localitat<\/strong>. En concret, va presentar l&#8217;experi\u00e8ncia de l&#8217;adaptaci\u00f3 de l&#8217;aiguamoll al canvi clim\u00e0tic usant aigua regenerada procedent de l&#8217;Estaci\u00f3 Depuradora d&#8217;Aig\u00fces Residuals (EDAR) d&#8217;Arenals per a omplir les tolles artificials, i fins i tot a la central, a m\u00e9s dels recursos h\u00eddrics que arriben de manera natural, que garanteixen una bona qualitat de les aig\u00fces.[\/vc_column_text][\/vc_column][\/vc_row][vc_row type=&#8221;flexslider_slide&#8221; interval=&#8221;5&#8243; source=&#8221;media_library&#8221; images=&#8221;&#8221; img_size=&#8221;full&#8221; external_img_size=&#8221;&#8221; onclick=&#8221;link_image&#8221; custom_links_target=&#8221;_self&#8221; el_class=&#8221;galerianoticia&#8221; title=&#8221;&#8221; custom_srcs=&#8221;&#8221; custom_links=&#8221;&#8221;][vc_column][vc_gallery type=&#8221;flexslider_slide&#8221; interval=&#8221;5&#8243; images=&#8221;214436,214434&#8243; img_size=&#8221;medium&#8221; el_class=&#8221;galerianoticia&#8221;][\/vc_column][\/vc_row][vc_row el_id=&#8221;TEXTO_FIN_NOTICIA&#8221;][vc_column][vc_column_text]\u201cAgra\u00efm a la Conselleria de Transici\u00f3 Ecol\u00f2gica la difusi\u00f3 de la gesti\u00f3 del Clot a trav\u00e9s d&#8217;aquesta jornada, en el marc de les missions d&#8217;adaptaci\u00f3 al canvi clim\u00e0tic de la Uni\u00f3 Europea\u201d, ha manifestat D\u00edez, que ha recalcat que la Comunitat Valenciana \u201c\u00e9s una de les regions reconegudes per la seua transformaci\u00f3 cap a la resili\u00e8ncia clim\u00e0tica\u201d.<\/p>\n<p><strong>La pressi\u00f3 urban\u00edstica va destruir en les d\u00e8cades dels setanta i huitanta l&#8217;aiguamoll, quan l&#8217;\u00e0rea es va dessecar per a la construcci\u00f3 d&#8217;una marina amb torres residencials<\/strong>. Per\u00f2 la paralitzaci\u00f3 de les obres i l&#8217;adquisici\u00f3 dels terrenys per part de l&#8217;Ajuntament d&#8217;Elx va permetre recuperar aquest ecosistema.<\/p>\n<hr \/>\n<p>&nbsp;<\/p>\n<p>[\/vc_column_text][\/vc_column][\/vc_row][vc_row][vc_column width=&#8221;1\/6&#8243;][\/vc_column][vc_column width=&#8221;2\/3&#8243;]<audio class=\"sc_audio\" src=\"https:\/\/soundcloud.com\/ayuntamiento-de-elche\/la-edil-de-medio-ambiente-explica-como-el-clot-de-galvany-usa-aguas-regeneradas-para-su-conservacion?si=503b9ac919b345b489df6300e60006f9&#038;utm_source=clipboard&#038;utm_medium=text&#038;utm_campaign=social_sharing\" width=\"\" height=\"\"><\/audio>[\/vc_column][vc_column width=&#8221;1\/6&#8243;][\/vc_column][\/vc_row]<\/p>\n<\/div>","protected":false},"excerpt":{"rendered":"<p>[vc_row el_id=&#8221;SUBTITULAR_NOTICIA&#8221;][vc_column][vc_column_text] Esther D\u00edez explica en l&#8217;esdeveniment MissionADAPT organitzat per la Conselleria de Transici\u00f3 Ecol\u00f2gica com el Paratge Natural Municipal \u00e9s un enclavament essencial per a la diversitat de la [&hellip;]<\/p>\n","protected":false},"author":131,"featured_media":214457,"comment_status":"closed","ping_status":"closed","sticky":false,"template":"","format":"standard","meta":{"footnotes":""},"categories":[391,211,1312],"tags":[],"class_list":["post-214443","post","type-post","status-publish","format-standard","has-post-thumbnail","hentry","category-home-va","category-medi-ambient-va","category-noticias-va"],"_links":{"self":[{"href":"https:\/\/www.elche.es\/va\/wp-json\/wp\/v2\/posts\/214443","targetHints":{"allow":["GET"]}}],"collection":[{"href":"https:\/\/www.elche.es\/va\/wp-json\/wp\/v2\/posts"}],"about":[{"href":"https:\/\/www.elche.es\/va\/wp-json\/wp\/v2\/types\/post"}],"author":[{"embeddable":true,"href":"https:\/\/www.elche.es\/va\/wp-json\/wp\/v2\/users\/131"}],"replies":[{"embeddable":true,"href":"https:\/\/www.elche.es\/va\/wp-json\/wp\/v2\/comments?post=214443"}],"version-history":[{"count":0,"href":"https:\/\/www.elche.es\/va\/wp-json\/wp\/v2\/posts\/214443\/revisions"}],"wp:featuredmedia":[{"embeddable":true,"href":"https:\/\/www.elche.es\/va\/wp-json\/wp\/v2\/media\/214457"}],"wp:attachment":[{"href":"https:\/\/www.elche.es\/va\/wp-json\/wp\/v2\/media?parent=214443"}],"wp:term":[{"taxonomy":"category","embeddable":true,"href":"https:\/\/www.elche.es\/va\/wp-json\/wp\/v2\/categories?post=214443"},{"taxonomy":"post_tag","embeddable":true,"href":"https:\/\/www.elche.es\/va\/wp-json\/wp\/v2\/tags?post=214443"}],"curies":[{"name":"wp","href":"https:\/\/api.w.org\/{rel}","templated":true}]}}