{"id":214527,"date":"2022-09-27T13:49:55","date_gmt":"2022-09-27T12:49:55","guid":{"rendered":"https:\/\/www.elche.es\/2022\/09\/la-cobertura-de-lambulancia-del-suport-vital-avancat-samplia-de-12-a-24-hores-a-laltet-a-partir-del-proxim-3-doctubre\/"},"modified":"2022-09-27T13:49:55","modified_gmt":"2022-09-27T12:49:55","slug":"la-cobertura-de-lambulancia-del-suport-vital-avancat-samplia-de-12-a-24-hores-a-laltet-a-partir-del-proxim-3-doctubre","status":"publish","type":"post","link":"https:\/\/www.elche.es\/va\/2022\/09\/la-cobertura-de-lambulancia-del-suport-vital-avancat-samplia-de-12-a-24-hores-a-laltet-a-partir-del-proxim-3-doctubre\/","title":{"rendered":"La cobertura de l&#8217;ambul\u00e0ncia del Suport Vital Avan\u00e7at s&#8217;amplia de 12 a 24 hores a l&#8217;Altet a partir del pr\u00f2xim 3 d&#8217;octubre"},"content":{"rendered":"<div class=\"wpb-content-wrapper\"><p>[vc_row el_id=&#8221;SUBTITULAR_NOTICIA&#8221;][vc_column][vc_column_text]<\/p>\n<hr \/>\n<h4>L&#8217;alcalde, Carlos Gonz\u00e1lez, i la regidora de Sanitat, Mariola Galiana, acudeixen al centre social de la pedania on est\u00e0 situat el servei que atendr\u00e0 els ve\u00efns d&#8217;aquesta zona i del departament de l&#8217;Hospital General<\/h4>\n<hr \/>\n<p>[\/vc_column_text][\/vc_column][\/vc_row][vc_row el_id=&#8221;TEXTO_NOTICIA&#8221;][vc_column][vc_column_text]La cobertura de <strong>l&#8217;ambul\u00e0ncia del Suport Vital Avan\u00e7at s&#8217;amplia de 12 a 24 hores a partir del pr\u00f2xim 3 d&#8217;octubre<\/strong>. \u201cUn servei la posada en marxa del qual suposa un pas m\u00e9s en la millora d&#8217;atenci\u00f3 sanit\u00e0ria a la ciutat\u201d, aix\u00ed ho ha destacat l&#8217;alcalde, Carlos Gonz\u00e1lez, que ha visitat al costat de la regidora de Sanitat, Mariola Galiana, i dels alcaldes pedanis de l&#8217;Altet, Jos\u00e9 Manuel Meseguer, i dels Arenals del Sol, Antonio Garz\u00f3n, el centre social de l&#8217;Altet on est\u00e0 situada aquesta ambul\u00e0ncia. Tamb\u00e9 ha acudit el gerent de l&#8217;Hospital General Universitari, Carlos Gos\u00e1lbez, la directora del Servei d&#8217;Emerg\u00e8ncia Sanit\u00e0ria de la Generalitat, Bego\u00f1a Arcos, i personal sanitari.[\/vc_column_text][\/vc_column][\/vc_row][vc_row type=&#8221;flexslider_slide&#8221; interval=&#8221;5&#8243; source=&#8221;media_library&#8221; images=&#8221;&#8221; img_size=&#8221;full&#8221; external_img_size=&#8221;&#8221; onclick=&#8221;link_image&#8221; custom_links_target=&#8221;_self&#8221; el_class=&#8221;galerianoticia&#8221; title=&#8221;&#8221; custom_srcs=&#8221;&#8221; custom_links=&#8221;&#8221;][vc_column][vc_gallery type=&#8221;flexslider_slide&#8221; interval=&#8221;5&#8243; images=&#8221;214503,214501,214499,214497,214495,214491&#8243; img_size=&#8221;full&#8221; el_class=&#8221;galerianoticia&#8221;][\/vc_column][\/vc_row][vc_row el_id=&#8221;TEXTO_FIN_NOTICIA&#8221;][vc_column][vc_column_text]L&#8217;alcalde considera que en els \u00faltims anys s&#8217;han fet passos molt importants per a millorar la sanitat p\u00fablica i, en concret, ha assenyalat que <strong>\u201camb l&#8217;atenci\u00f3 urgent durant 24 hores d&#8217;aquest suport vital avan\u00e7at millorem substancialment l&#8217;atenci\u00f3 a les urg\u00e8ncies m\u00e8diques\u201d<\/strong>.<\/p>\n<p>El regidor il\u00b7licit\u00e0 ha agra\u00eft al conseller de Sanitat, Miguel M\u00ednguez, el seu comprom\u00eds per impulsar de 12 a 24 hores el servei, despr\u00e9s de manifestar-li aquesta necessitat en la seua recent visita a la ciutat. \u201cEn definitiva, <strong>millores sanit\u00e0ries que s&#8217;estan posant en marxa l&#8217;una despr\u00e9s de l&#8217;altra que representen un considerable progr\u00e9s de la sanitat p\u00fablica en el nostre municipi<\/strong>\u201d, ha afegit.<\/p>\n<p>Segons ha recordat Bego\u00f1a Arcos, l&#8217;ambul\u00e0ncia continuar\u00e0 donant el mateix servei que abans quant a incidents atesos. A m\u00e9s, <strong>estar\u00e0 en marxa en horari di\u00fcrn i nocturn durant tot l&#8217;any i atendr\u00e0 els ve\u00efns de la pedania i del departament de l&#8217;Hospital General<\/strong>. Aix\u00ed mateix, ha explicat que en funci\u00f3 de les necessitats, l&#8217;ambul\u00e0ncia es mobilitzar\u00e0 a les zones on siga requerida i ha avan\u00e7at que tamb\u00e9 s&#8217;utilitzar\u00e0 una ambul\u00e0ncia TNA que servir\u00e0 de suport al servei i estar\u00e0 situada al PASS d&#8217;Altabix.[\/vc_column_text][\/vc_column][\/vc_row][vc_row el_id=&#8221;DESTACADO_NOTICIA&#8221;][vc_column][vc_column_text el_class=&#8221;cuadronoticia&#8221;]<\/p>\n<h5>El regidor il\u00b7licit\u00e0 agraeix al conseller Miguel M\u00ednguez el seu comprom\u00eds amb la ciutat mitjan\u00e7ant la posada en marxa d&#8217;aquesta actuaci\u00f3 \u201cque suposa un pas m\u00e9s en la millora de l&#8217;atenci\u00f3 sanit\u00e0ria al municipi\u201d<\/h5>\n<p>[\/vc_column_text][\/vc_column][\/vc_row][vc_row][vc_column][vc_column_text]Per part seua, el gerent de l&#8217;Hospital General ha destacat el gran progr\u00e9s que suposa aquest servei que s&#8217;uneix als avan\u00e7os ja realitzats en aquesta zona. En aquest sentit, Gos\u00e1lbez ha recordat moltes de les actuacions que s&#8217;han dut a terme per a la millora de l&#8217;atenci\u00f3 als ciutadans com la <strong>creaci\u00f3 del PAS d&#8217;Altabix o l&#8217;ampliaci\u00f3 de la flota de Transport No Assistit (TNA) amb dos ambul\u00e0ncies, una de 24 hores, que est\u00e0 situada a la pedania de Torrellano, aix\u00ed com l&#8217;ampliaci\u00f3 d&#8217;instal\u00b7lacions a les urg\u00e8ncies de l&#8217;Hospital General<\/strong>.<\/p>\n<hr \/>\n<p>&nbsp;<\/p>\n<p>[\/vc_column_text][\/vc_column][\/vc_row][vc_row][vc_column width=&#8221;1\/6&#8243;][\/vc_column][vc_column width=&#8221;2\/3&#8243;]<audio class=\"sc_audio\" src=\"https:\/\/soundcloud.com\/ayuntamiento-de-elche\/el-servicio-del-soporte-vital-avanzado-que-entrara-en-funcionamiento-las-24-horas?si=4aa1d9efd2034cbf859e2d9a975cf06b&#038;utm_source=clipboard&#038;utm_medium=text&#038;utm_campaign=social_sharing\" width=\"\" height=\"\"><\/audio>[\/vc_column][vc_column width=&#8221;1\/6&#8243;][\/vc_column][\/vc_row]<\/p>\n<\/div>","protected":false},"excerpt":{"rendered":"<p>[vc_row el_id=&#8221;SUBTITULAR_NOTICIA&#8221;][vc_column][vc_column_text] L&#8217;alcalde, Carlos Gonz\u00e1lez, i la regidora de Sanitat, Mariola Galiana, acudeixen al centre social de la pedania on est\u00e0 situat el servei que atendr\u00e0 els ve\u00efns d&#8217;aquesta zona [&hellip;]<\/p>\n","protected":false},"author":131,"featured_media":214494,"comment_status":"closed","ping_status":"closed","sticky":false,"template":"","format":"standard","meta":{"footnotes":""},"categories":[391,1312,893],"tags":[],"class_list":["post-214527","post","type-post","status-publish","format-standard","has-post-thumbnail","hentry","category-home-va","category-noticias-va","category-sanidad-va"],"_links":{"self":[{"href":"https:\/\/www.elche.es\/va\/wp-json\/wp\/v2\/posts\/214527","targetHints":{"allow":["GET"]}}],"collection":[{"href":"https:\/\/www.elche.es\/va\/wp-json\/wp\/v2\/posts"}],"about":[{"href":"https:\/\/www.elche.es\/va\/wp-json\/wp\/v2\/types\/post"}],"author":[{"embeddable":true,"href":"https:\/\/www.elche.es\/va\/wp-json\/wp\/v2\/users\/131"}],"replies":[{"embeddable":true,"href":"https:\/\/www.elche.es\/va\/wp-json\/wp\/v2\/comments?post=214527"}],"version-history":[{"count":0,"href":"https:\/\/www.elche.es\/va\/wp-json\/wp\/v2\/posts\/214527\/revisions"}],"wp:featuredmedia":[{"embeddable":true,"href":"https:\/\/www.elche.es\/va\/wp-json\/wp\/v2\/media\/214494"}],"wp:attachment":[{"href":"https:\/\/www.elche.es\/va\/wp-json\/wp\/v2\/media?parent=214527"}],"wp:term":[{"taxonomy":"category","embeddable":true,"href":"https:\/\/www.elche.es\/va\/wp-json\/wp\/v2\/categories?post=214527"},{"taxonomy":"post_tag","embeddable":true,"href":"https:\/\/www.elche.es\/va\/wp-json\/wp\/v2\/tags?post=214527"}],"curies":[{"name":"wp","href":"https:\/\/api.w.org\/{rel}","templated":true}]}}