{"id":214644,"date":"2022-09-28T12:24:14","date_gmt":"2022-09-28T11:24:14","guid":{"rendered":"https:\/\/www.elche.es\/2022\/09\/mobilitat-inaugura-el-nou-carril-bici-de-mes-de-25-quilometres-que-connecta-pere-joan-perpinya-amb-alcalde-ramon-pastor-i-consolida-el-model-de-ciutat-verda\/"},"modified":"2022-09-28T12:24:14","modified_gmt":"2022-09-28T11:24:14","slug":"mobilitat-inaugura-el-nou-carril-bici-de-mes-de-25-quilometres-que-connecta-pere-joan-perpinya-amb-alcalde-ramon-pastor-i-consolida-el-model-de-ciutat-verda","status":"publish","type":"post","link":"https:\/\/www.elche.es\/va\/2022\/09\/mobilitat-inaugura-el-nou-carril-bici-de-mes-de-25-quilometres-que-connecta-pere-joan-perpinya-amb-alcalde-ramon-pastor-i-consolida-el-model-de-ciutat-verda\/","title":{"rendered":"Mobilitat inaugura el nou carril bici de m\u00e9s de 2,5 quil\u00f2metres que connecta Pere Joan Perpiny\u00e0 amb Alcalde Ram\u00f3n Pastor i consolida el model de ciutat verda"},"content":{"rendered":"<div class=\"wpb-content-wrapper\"><p>[vc_row el_id=&#8221;SUBTITULAR_NOTICIA&#8221;][vc_column][vc_column_text]<\/p>\n<hr \/>\n<h4>L&#8217;edil de l&#8217;\u00e0rea, Esther D\u00edez, vista l&#8217;actuaci\u00f3 ja finalitzada i destaca que \u201camb aquesta infraestructura ciclista assegurem per primera vegada una connexi\u00f3 segura i \u00e0gil als ve\u00efns i ve\u00efnes del Pla, Portes Encarnades i l&#8217;entorn de l&#8217;Hospital General&#8221;<\/h4>\n<hr \/>\n<p>[\/vc_column_text][\/vc_column][\/vc_row][vc_row el_id=&#8221;TEXTO_NOTICIA&#8221;][vc_column][vc_column_text]El nou carril bici de m\u00e9s de 2,5 quil\u00f2metres que discorre per Pere Joan Perpiny\u00e0, Mariano Soler Olmos i Teulada ja \u00e9s una realitat. \u201cUn nou pas amb el qual aconseguim una important fase de transformaci\u00f3 al nostre municipi\u201d, ha assenyalat l&#8217;edil de Mobilitat, Esther D\u00edez, que ha visitat l&#8217;actuaci\u00f3 ja finalitzada i ha destacat que <strong>&#8220;amb aquesta infraestructura ciclista assegurem per primera vegada una connexi\u00f3 segura i \u00e0gil als ve\u00efns i ve\u00efnes del Pla, Portes Encarnades i l&#8217;entorn de l&#8217;Hospital General&#8221;<\/strong>.<\/p>\n<p>Segons ha recordat la regidora \u201ces tracta d&#8217;un <strong>anell ciclista interior que connecta amb els actuals carrils bici d&#8217;Alcalde Ram\u00f3n Pastor i Magraner<\/strong>, a la zona de l&#8217;institut L&#8217;Assumpci\u00f3\u201d.<\/p>\n<p>\u201cUna actuaci\u00f3 amb la qual al costat del carril bici de l&#8217;avinguda d&#8217;Alacant, posat en marxa fa unes setmanes, hem fet un salt de qualitat en la infraestructura ciclista i en la mobilitat sostenible al nostre municipi, que ens posa a l&#8217;altura d&#8217;altres ciutats espanyoles i europees\u201d, ha puntualitzat D\u00edez, que ha assegurat que \u201c<strong>la xarxa desplegada en tot el municipi no sols garanteix el drets dels usuaris i de les usu\u00e0ries de bicicleta i patinet a poder circular per la ciutat, sin\u00f3 que a m\u00e9s redunda en el benefici dels ve\u00efns i de les ve\u00efnes<\/strong> perqu\u00e8 es redueix la velocitat dels vehicles i la pressi\u00f3 de tr\u00e0nsit als entorns, i per tant, aconseguim uns barris m\u00e9s amables i saludables, que \u00e9s precisament un reclam de les associacions ve\u00efnals i de comerciants\u201d.<\/p>\n<p>Les obres han tingut un termini d&#8217;execuci\u00f3 de cinc mesos i han comptat amb una inversi\u00f3 de 322.417,4 euros, dels quals el <strong>50 per cent s\u00f3n finan\u00e7ats a trav\u00e9s de l&#8217;estrat\u00e8gia DUSI<\/strong>.[\/vc_column_text][\/vc_column][\/vc_row][vc_row type=&#8221;flexslider_slide&#8221; interval=&#8221;5&#8243; source=&#8221;media_library&#8221; images=&#8221;&#8221; img_size=&#8221;full&#8221; external_img_size=&#8221;&#8221; onclick=&#8221;link_image&#8221; custom_links_target=&#8221;_self&#8221; el_class=&#8221;galerianoticia&#8221; title=&#8221;&#8221; custom_srcs=&#8221;&#8221; custom_links=&#8221;&#8221;][vc_column][vc_gallery type=&#8221;flexslider_slide&#8221; interval=&#8221;5&#8243; images=&#8221;214600,214598&#8243; img_size=&#8221;full&#8221; el_class=&#8221;galerianoticia&#8221;][\/vc_column][\/vc_row][vc_row][vc_column][vc_column_text]Aix\u00ed mateix, l&#8217;edil ha recordat que <strong>aquest projecte va ser ja treballat fa mesos amb les entitats ve\u00efnals i comercials del Pla i de Portes Encarnades, que coincideixen en la import\u00e0ncia de dotar aquests barris d&#8217;una infraestructura ciclista<\/strong> de qualitat que permeta que l&#8217;\u00fas de la bicicleta de manera quotidiana siga una opci\u00f3 real per a la ciutadania.<\/p>\n<p>Tal com ha manifestat D\u00edez \u201cs&#8217;han complit els terminis de les obres d&#8217;un carril que queda a la disposici\u00f3 de la ciutadania per a poder fer \u00fas a trav\u00e9s dels mitjans de transport alternatius\u201d i ha apuntat que \u201c<strong>des de la Regidoria continuem ampliant aquesta xarxa ciclista i en uns mesos es posaran en marxa les obres del carril bici del carrer Mallorca<\/strong>\u201d.<\/p>\n<p>\u201cAl final, <strong>la infraestructura ciclista \u00e9s clau per a continuar avan\u00e7ant en un municipi verd<\/strong>, aix\u00ed com per a tindre una ciutat m\u00e9s amable, saludable i amb vida que \u00e9s l&#8217;objectiu que t\u00e9 aquest govern municipal\u201d, ha concl\u00f2s l&#8217;edil.<\/p>\n<hr \/>\n<p>&nbsp;<\/p>\n<p>[\/vc_column_text][\/vc_column][\/vc_row][vc_row][vc_column width=&#8221;1\/6&#8243;][\/vc_column][vc_column width=&#8221;2\/3&#8243;]<audio class=\"sc_audio\" src=\"https:\/\/soundcloud.com\/ayuntamiento-de-elche\/la-edil-de-movilidad-inaugura-el-carril-bici-de-pere-joan-perpinya-mariano-soler-olmos-y-teulada?si=f1eb85cb0b0042f98898f96f361ddcfa&#038;utm_source=clipboard&#038;utm_medium=text&#038;utm_campaign=social_sharing\" width=\"\" height=\"\"><\/audio>[\/vc_column][vc_column width=&#8221;1\/6&#8243;][\/vc_column][\/vc_row]<\/p>\n<\/div>","protected":false},"excerpt":{"rendered":"<p>[vc_row el_id=&#8221;SUBTITULAR_NOTICIA&#8221;][vc_column][vc_column_text] L&#8217;edil de l&#8217;\u00e0rea, Esther D\u00edez, vista l&#8217;actuaci\u00f3 ja finalitzada i destaca que \u201camb aquesta infraestructura ciclista assegurem per primera vegada una connexi\u00f3 segura i \u00e0gil als ve\u00efns i [&hellip;]<\/p>\n","protected":false},"author":131,"featured_media":214597,"comment_status":"closed","ping_status":"closed","sticky":false,"template":"","format":"standard","meta":{"footnotes":""},"categories":[654,391,217,1312],"tags":[],"class_list":["post-214644","post","type-post","status-publish","format-standard","has-post-thumbnail","hentry","category-edusi-va","category-home-va","category-mobilitat","category-noticias-va"],"_links":{"self":[{"href":"https:\/\/www.elche.es\/va\/wp-json\/wp\/v2\/posts\/214644","targetHints":{"allow":["GET"]}}],"collection":[{"href":"https:\/\/www.elche.es\/va\/wp-json\/wp\/v2\/posts"}],"about":[{"href":"https:\/\/www.elche.es\/va\/wp-json\/wp\/v2\/types\/post"}],"author":[{"embeddable":true,"href":"https:\/\/www.elche.es\/va\/wp-json\/wp\/v2\/users\/131"}],"replies":[{"embeddable":true,"href":"https:\/\/www.elche.es\/va\/wp-json\/wp\/v2\/comments?post=214644"}],"version-history":[{"count":0,"href":"https:\/\/www.elche.es\/va\/wp-json\/wp\/v2\/posts\/214644\/revisions"}],"wp:featuredmedia":[{"embeddable":true,"href":"https:\/\/www.elche.es\/va\/wp-json\/wp\/v2\/media\/214597"}],"wp:attachment":[{"href":"https:\/\/www.elche.es\/va\/wp-json\/wp\/v2\/media?parent=214644"}],"wp:term":[{"taxonomy":"category","embeddable":true,"href":"https:\/\/www.elche.es\/va\/wp-json\/wp\/v2\/categories?post=214644"},{"taxonomy":"post_tag","embeddable":true,"href":"https:\/\/www.elche.es\/va\/wp-json\/wp\/v2\/tags?post=214644"}],"curies":[{"name":"wp","href":"https:\/\/api.w.org\/{rel}","templated":true}]}}