{"id":215217,"date":"2022-10-02T18:45:29","date_gmt":"2022-10-02T17:45:29","guid":{"rendered":"https:\/\/www.elche.es\/2022\/10\/lalcalde-anuncia-un-pla-estrategic-triennal-per-a-aconseguir-els-400-agents-i-acabar-de-renovar-la-totalitat-de-la-flota-de-la-policia-local\/"},"modified":"2022-10-02T18:45:30","modified_gmt":"2022-10-02T17:45:30","slug":"lalcalde-anuncia-un-pla-estrategic-triennal-per-a-aconseguir-els-400-agents-i-acabar-de-renovar-la-totalitat-de-la-flota-de-la-policia-local","status":"publish","type":"post","link":"https:\/\/www.elche.es\/va\/2022\/10\/lalcalde-anuncia-un-pla-estrategic-triennal-per-a-aconseguir-els-400-agents-i-acabar-de-renovar-la-totalitat-de-la-flota-de-la-policia-local\/","title":{"rendered":"L&#8217;alcalde anuncia un Pla Estrat\u00e8gic Triennal per a aconseguir els 400 agents i acabar de renovar la totalitat de la flota de la Policia Local"},"content":{"rendered":"<div class=\"wpb-content-wrapper\"><p>[vc_row el_id=&#8221;SUBTITULAR_NOTICIA&#8221;][vc_column][vc_column_text]<\/p>\n<hr \/>\n<h4>Carlos Gonz\u00e1lez, acompanyat de l&#8217;edil de Seguretat Ciutadana, Ram\u00f3n Abad, del cap de la Policia Local, C\u00e9sar Zaragoza, i del secretari auton\u00f2mic de Seguretat i Emerg\u00e8ncies, Jos\u00e9 Mar\u00eda \u00c1ngel Batalla, assenyala que els objectius immediats s\u00f3n l&#8217;ampliaci\u00f3 de la Unitat Rural de Seguretat i l&#8217;adquisici\u00f3 de vint nous vehicles<\/h4>\n<hr \/>\n<p>[\/vc_column_text][\/vc_column][\/vc_row][vc_row el_id=&#8221;TEXTO_NOTICIA&#8221;][vc_column][vc_column_text]L&#8217;alcalde, Carlos Gonz\u00e1lez, ha anunciat durant l&#8217;acte al Passeig de l&#8217;Estaci\u00f3 amb motiu de Sant Rafael, el sant patr\u00f3 de la Policia Local d&#8217;Elx, un <strong>Pla Estrat\u00e8gic Triennal per a aconseguir els 400 agents i acabar de renovar la totalitat de la flota de vehicles, a m\u00e9s de q\u00fcestions organitzatives encaminades a rejovenir la plantilla<\/strong>, aix\u00ed com aprofundir en la digitalitzaci\u00f3 i en la formaci\u00f3 i especialitzaci\u00f3 dels efectius. \u201cTot aix\u00f2 per a continuar sent una de les ciutats amb menors taxes de criminalitat de la Comunitat Valenciana i del pa\u00eds; \u00e9s a dir, una de les m\u00e9s segures d&#8217;Espanya\u201d, ha manifestat Gonz\u00e1lez, per la qual cosa ha demanat al cap de la Policia Local, C\u00e9sar Zaragoza, que continue pilotant la modernitzaci\u00f3 del cos de seguretat, i li ha traslladat el suport de l&#8217;Equip de Govern per a aquesta tasca.<\/p>\n<p>En pres\u00e8ncia de m\u00e9s de tres centenars d&#8217;agents i les seues fam\u00edlies, de l&#8217;edil de Seguretat Ciutadana, Ram\u00f3n Abad, del cap de la Policia Local, C\u00e9sar Zaragoza, del secretari auton\u00f2mic de Seguretat i Emerg\u00e8ncies, Jos\u00e9 Mar\u00eda \u00c1ngel Batalla, de la secretaria auton\u00f2mica d&#8217;innovaci\u00f3, Marian Campello, de membres de l&#8217;Equip de Govern i de la Corporaci\u00f3 Municipal, i d&#8217;altres responsables civils, policials i militars, Gonz\u00e1lez ha dit que \u201cla Policia Local d&#8217;Elx \u00e9s per a aquest Executiu, i, per a mi com a alcalde, un servei p\u00fablic aut\u00e8nticament essencial, l&#8217;activitat i la missi\u00f3 del qual fonamental \u00e9s garantir una conviv\u00e8ncia social pac\u00edfica, lliure i segura\u201d, ha expressat i ha informat que el Pla Estrat\u00e8gic 2023-2025 es troba en proc\u00e9s de redacci\u00f3. Els objectius immediats s\u00f3n, ha assenyalat, <strong>la consolidaci\u00f3 i ampliaci\u00f3 de la recent Unitat Rural de Seguretat i l&#8217;adquisici\u00f3 de vint nous cotxes patrulla<\/strong> perqu\u00e8 la policia il\u00b7licitana continue erigint-se com \u201cuna de les millors i m\u00e9s efica\u00e7os policies locals de l&#8217;Estat\u201d.[\/vc_column_text][\/vc_column][\/vc_row][vc_row type=&#8221;flexslider_slide&#8221; interval=&#8221;5&#8243; source=&#8221;media_library&#8221; images=&#8221;&#8221; img_size=&#8221;full&#8221; external_img_size=&#8221;&#8221; onclick=&#8221;link_image&#8221; custom_links_target=&#8221;_self&#8221; el_class=&#8221;galerianoticia&#8221; title=&#8221;&#8221; custom_srcs=&#8221;&#8221; custom_links=&#8221;&#8221;][vc_column][vc_gallery type=&#8221;flexslider_slide&#8221; interval=&#8221;5&#8243; images=&#8221;215144,215146,215148,215150,215152,215154,215156,215158,215160,215162,215164,215166,215168,215170,215172,215174,215176,215178,215180,215182,215184,215186,215188,215190,215192&#8243; img_size=&#8221;full&#8221; el_class=&#8221;galerianoticia&#8221;][\/vc_column][\/vc_row][vc_row][vc_column][vc_column_text]\u201cHem d&#8217;afermar una policia de proximitat, pr\u00f2xima, altament professionalitzada, en permanent di\u00e0leg i alineada amb la ciutat, per a, a m\u00e9s d&#8217;<strong>afrontar els reptes de futur, continuar lluitant contra la viol\u00e8ncia de g\u00e8nere, garantir la seguretat dels ve\u00efns del Camp d\u2019Elx, erradicar conductes inc\u00edviques, impedir el tr\u00e0fic d&#8217;estupefaents, previndre els delictes d&#8217;odi i perseguir aquells que deterioren l&#8217;espai p\u00fablic<\/strong> amb vandalisme de baixa intensitat. Aix\u00ed mateix, cooperar amb altres forces i cossos de seguretat en la prevenci\u00f3 d&#8217;accions terroristes i protegir els diversos espais naturals de la localitat. \u201cAquestes l\u00ednies d&#8217;actuaci\u00f3 s\u00f3n claus per a afavorir un clima de respecte, tranquil\u00b7litat, harmonia social i llibertat personal, com el que afortunadament gaudim. I, per tant, per a consolidar un marc de conviv\u00e8ncia social, pac\u00edfica, lliure i segur\u201d, ha precisat.<\/p>\n<p>L&#8217;alcalde ha realitzat aquestes declaracions en el seu discurs d&#8217;un acte de Sant Rafael especial, amb gran <strong>c\u00e0rrega simb\u00f2lica, en suposar el retrobament, ja que no es celebrava des de 2019 per la COVID-19<\/strong>. Precisament, enguany s&#8217;ha reconegut entitats pel seu paper fonamental durant la pand\u00e8mia. El Cos Nacional de Policia a Elx, la caserna de la Gu\u00e0rdia Civil de Santa Pola, el Comandament d&#8217;Operacions Especials (MOE) de les Forces Armades, els hospitals universitaris General i del Vinalop\u00f3 amb els seus vigilants de seguretat, l&#8217;hospital IMED, el Parc Comarcal de Bombers, Protecci\u00f3 Civil, Creu Roja, DYA, el Servei Municipal de Cementeris, els Serveis Socials Municipals, les OMAC, i, tamb\u00e9, la Policia Local d&#8217;Elx, la Unitat de Mobilitat Urbana.<\/p>\n<p>Aquestes distincions creades per la Junta de Govern Local a l&#8217;octubre de 2020 per a <strong>recon\u00e9ixer l&#8217;esfor\u00e7 i el treball m\u00e9s enll\u00e0 del deure durant els m\u00e9s de 600 dies de crisi sanit\u00e0ria que van posar a prova al m\u00f3n i que Elx va passar amb nota<\/strong>, tamb\u00e9 l&#8217;han rebuda agents municipals a t\u00edtol individual, personal civil del cos i particulars. \u201cEl nostre reconeixement i admiraci\u00f3 pel paper essencial que heu exercit durant la situaci\u00f3 m\u00e9s cr\u00edtica, el major desafiament sanitari, social i econ\u00f2mic que Elx ha tingut en les \u00faltimes d\u00e8cades\u201d, ha agra\u00eft Gonz\u00e1lez, que ha subratllat \u201cl&#8217;esfor\u00e7 i la determinaci\u00f3\u201d exhibida per tots ells per a \u201cmantindre la normalitat\u201d. \u201cLes vostres conductes altruistes, plenes de lliurament als altres, sense reserves, fins i tot posant en risc les vostres pr\u00f2pies vides, representen una mostra de solidaritat, valentia, exemplaritat i generositat, que ens fa sentir-nos profundament orgullosos de tots vost\u00e9s\u201d, ha agregat.[\/vc_column_text][\/vc_column][\/vc_row][vc_row el_id=&#8221;DESTACADO_NOTICIA&#8221;][vc_column][vc_column_text el_class=&#8221;cuadronoticia&#8221;]<\/p>\n<h5>En l&#8217;esdeveniment del patr\u00f3 del cos de seguretat, Sant Rafael, al Passeig de l&#8217;Estaci\u00f3, es distingeix el treball de diferents entitats, particulars i agents municipals durant els m\u00e9s de 600 dies de crisi sanit\u00e0ria de la pand\u00e8mia de la COVID-19<\/h5>\n<p>[\/vc_column_text][\/vc_column][\/vc_row][vc_row el_id=&#8221;TEXTO_FIN_NOTICIA&#8221;][vc_column][vc_column_text]Per part seua, Zaragoza, a m\u00e9s de felicitar les entitats reconegudes pel seu esfor\u00e7, ha relatat alguns dels desafiaments organitzatius als quals degu\u00e9 enfrontar-se el cos policial que dirigeix, especialment de manera interna i en poc temps, durant la pand\u00e8mia. Per aix\u00f2, ha agra\u00eft a l&#8217;equip directiu del cos la seua especial implicaci\u00f3, per\u00f2, sobretot, als agents: \u201cEn tot operatiu quasi mai es cometen errors en planificaci\u00f3, el complicat \u00e9s la seua execuci\u00f3, i aquesta gent ho va executar a la perfecci\u00f3\u201d, ha recalcat, ha accentuat <strong>la import\u00e0ncia de fer equip, ha sol\u00b7licitat a l&#8217;alcalde m\u00e9s mitjans humans i materials i ha apuntat que els recursos destinats a seguretat no s\u00f3n una despesa, sin\u00f3 una inversi\u00f3<\/strong>.<\/p>\n<p>\u201cLa Policia Local d&#8217;Elx ha sigut protagonista en aquesta lluita que hem tingut contra la COVID-19 i de la qualitat de vida dels seus conciutadans\u201d, ha destacat el secretari auton\u00f2mic de Seguretat i Emerg\u00e8ncies, que ha dit que, en l&#8217;actualitat, el benestar d&#8217;una col\u00b7lectivitat es mesura pel nombre de policies de proximitat. <strong>\u201cPodem estar orgullosos, estem davant d&#8217;una de les millors policies de l&#8217;Estat, i no ho dic jo. Ho diu el Senat, institucions a d&#8217;\u00e0mbit nacional, la seua innovaci\u00f3 permanent\u201d<\/strong>, ha afegit i ha felicitat per aix\u00f2 Gonz\u00e1lez, Abad i Zaragoza.<\/p>\n<p>Gonz\u00e1lez ha demanat als comandaments i als agents de la Policia Local d&#8217;Elx, als qui ha reiterat el seu agra\u00efment, que continuen complint la seua vocaci\u00f3 policial <strong>\u201camb la major professionalitat, amb sentit del deure, amb rigor i objectivitat, amb empatia amb la ciutadana i en sintonia amb els valors d&#8217;aquesta meravellosa ciutat en la qual vivim i treballem\u201d,<\/strong> en un esdeveniment que ha comen\u00e7at recordant, amb una corona de llorer, els policies caiguts en acte de servei. Un dels moments m\u00e9s emotius d&#8217;una jornada de diumenge caracteritzada per la gratitud als qui ens protegeixen i a les organitzacions que van estar en primera l\u00ednia durant la pand\u00e8mia.<\/p>\n<hr \/>\n<p>[\/vc_column_text][\/vc_column][\/vc_row][vc_row][vc_column width=&#8221;1\/6&#8243;][\/vc_column][vc_column width=&#8221;2\/3&#8243;]<audio class=\"sc_audio\" src=\"https:\/\/soundcloud.com\/ayuntamiento-de-elche\/alcalde-carlos-gonzalez-1?si=02eba0df2ed24f6c9c5b20af473757d1&#038;utm_source=clipboard&#038;utm_medium=text&#038;utm_campaign=social_sharing\" width=\"\" height=\"\"><\/audio>[\/vc_column][vc_column width=&#8221;1\/6&#8243;][\/vc_column][\/vc_row]<\/p>\n<\/div>","protected":false},"excerpt":{"rendered":"<p>[vc_row el_id=&#8221;SUBTITULAR_NOTICIA&#8221;][vc_column][vc_column_text] Carlos Gonz\u00e1lez, acompanyat de l&#8217;edil de Seguretat Ciutadana, Ram\u00f3n Abad, del cap de la Policia Local, C\u00e9sar Zaragoza, i del secretari auton\u00f2mic de Seguretat i Emerg\u00e8ncies, Jos\u00e9 Mar\u00eda [&hellip;]<\/p>\n","protected":false},"author":131,"featured_media":215195,"comment_status":"closed","ping_status":"closed","sticky":false,"template":"","format":"standard","meta":{"footnotes":""},"categories":[391,1312,238,2772],"tags":[],"class_list":["post-215217","post","type-post","status-publish","format-standard","has-post-thumbnail","hentry","category-home-va","category-noticias-va","category-policia-local-va","category-seguretat-ciutadana"],"_links":{"self":[{"href":"https:\/\/www.elche.es\/va\/wp-json\/wp\/v2\/posts\/215217","targetHints":{"allow":["GET"]}}],"collection":[{"href":"https:\/\/www.elche.es\/va\/wp-json\/wp\/v2\/posts"}],"about":[{"href":"https:\/\/www.elche.es\/va\/wp-json\/wp\/v2\/types\/post"}],"author":[{"embeddable":true,"href":"https:\/\/www.elche.es\/va\/wp-json\/wp\/v2\/users\/131"}],"replies":[{"embeddable":true,"href":"https:\/\/www.elche.es\/va\/wp-json\/wp\/v2\/comments?post=215217"}],"version-history":[{"count":0,"href":"https:\/\/www.elche.es\/va\/wp-json\/wp\/v2\/posts\/215217\/revisions"}],"wp:featuredmedia":[{"embeddable":true,"href":"https:\/\/www.elche.es\/va\/wp-json\/wp\/v2\/media\/215195"}],"wp:attachment":[{"href":"https:\/\/www.elche.es\/va\/wp-json\/wp\/v2\/media?parent=215217"}],"wp:term":[{"taxonomy":"category","embeddable":true,"href":"https:\/\/www.elche.es\/va\/wp-json\/wp\/v2\/categories?post=215217"},{"taxonomy":"post_tag","embeddable":true,"href":"https:\/\/www.elche.es\/va\/wp-json\/wp\/v2\/tags?post=215217"}],"curies":[{"name":"wp","href":"https:\/\/api.w.org\/{rel}","templated":true}]}}