{"id":215223,"date":"2022-10-02T18:58:29","date_gmt":"2022-10-02T17:58:29","guid":{"rendered":"https:\/\/www.elche.es\/2022\/10\/la-regidoria-de-medi-ambient-impulsa-quatre-jornades-de-sensibilitzacio-per-a-la-conservacio-i-la-millora-del-llit-del-vinalopo\/"},"modified":"2022-10-02T18:58:29","modified_gmt":"2022-10-02T17:58:29","slug":"la-regidoria-de-medi-ambient-impulsa-quatre-jornades-de-sensibilitzacio-per-a-la-conservacio-i-la-millora-del-llit-del-vinalopo","status":"publish","type":"post","link":"https:\/\/www.elche.es\/va\/2022\/10\/la-regidoria-de-medi-ambient-impulsa-quatre-jornades-de-sensibilitzacio-per-a-la-conservacio-i-la-millora-del-llit-del-vinalopo\/","title":{"rendered":"La Regidoria de Medi Ambient impulsa quatre jornades de sensibilitzaci\u00f3 per a la conservaci\u00f3 i la millora del llit del Vinalop\u00f3"},"content":{"rendered":"<div class=\"wpb-content-wrapper\"><p>[vc_row el_id=&#8221;SUBTITULAR_NOTICIA&#8221;][vc_column][vc_column_text]<\/p>\n<hr \/>\n<h4>Les activitats tenen com a objectiu, entre altres accions, donar a con\u00e9ixer estrat\u00e8gies per a mantindre en bon estat els boscos de ribera i es duran a terme els diumenges 9, 16, 23 i 30 d&#8217;octubre als voltants del Mol\u00ed del C\u00e9ntim i del pont de Barratxina<\/h4>\n<hr \/>\n<p>[\/vc_column_text][\/vc_column][\/vc_row][vc_row el_id=&#8221;TEXTO_NOTICIA&#8221;][vc_column][vc_column_text]L&#8217;Ajuntament d&#8217;Elx, a trav\u00e9s de la Regidoria de Medi Ambient, ha organitzat quatre jornades de sensibilitzaci\u00f3 sobre la conservaci\u00f3 i millora del llit del riu Vinalop\u00f3. L&#8217;edil de l&#8217;\u00e0rea, Esther D\u00edez, ha explicat que <strong>aquestes activitats es duran a terme els diumenges 9, 16, 23 i 30 del mes d&#8217;octubre als voltants del Mol\u00ed del C\u00e9ntim i del pont de Barratxina<\/strong>.<\/p>\n<p>Segons ha explicat D\u00edez, \u201caquestes jornades tenen com a principals objectius donar a con\u00e9ixer estrat\u00e8gies de conservaci\u00f3 dels boscos de ribera; <strong>fomentar accions sostenibles per a desenvolupar aquestes accions de conservaci\u00f3 i retirada d&#8217;esp\u00e8cies al\u00b7l\u00f2ctones; tractar d&#8217;influir en h\u00e0bits i comportaments dels il\u00b7licitans en mat\u00e8ria de conservaci\u00f3 d&#8217;aquests espais<\/strong>, aix\u00ed com descobrir i presentar les esp\u00e8cies de flora i fauna m\u00e9s comunes als boscos de ribera mediterranis\u201d.<\/p>\n<p>Aquestes formacions s\u00f3n en <strong>espais excepcionals i de gran valor ambiental per la seua alta diversitat biol\u00f2gica a conseq\u00fc\u00e8ncia de les seues particulars condicions h\u00eddriques<\/strong>, que afavoreixen el refugi d&#8217;esp\u00e8cies pr\u00f2pies de zones clim\u00e0tiques fresques i humides en \u00e0rees m\u00e9s c\u00e0lides i seques.<\/p>\n<p>Els boscos de ribera exerceixen diverses funcions, que pot considerar-se que tenen un car\u00e0cter m\u00faltiple, per\u00f2 entre elles cal destacar que regulen el microclima del riu i asseguren l&#8217;estabilitat de les ribes. A m\u00e9s, s\u00f3n<strong> un h\u00e0bitat ideal per a un gran nombre d&#8217;esp\u00e8cies animals i vegetals, suposen una font d&#8217;aliment per a les esp\u00e8cies que alberguen i actuen com a filtre enfront de l&#8217;entrada de sediments i subst\u00e0ncies qu\u00edmiques al llit<\/strong>. Aix\u00ed mateix, funcionen com a zones de rec\u00e0rrega d&#8217;aig\u00fces subterr\u00e0nies i posseeixen un gran valor paisatg\u00edstic, recreatiu i cultural.[\/vc_column_text][\/vc_column][\/vc_row][vc_row el_id=&#8221;DESTACADO_NOTICIA&#8221;][vc_column][vc_column_text el_class=&#8221;cuadronoticia&#8221;]<\/p>\n<h5>L&#8217;edil de l&#8217;\u00e0rea, Esther D\u00edez, anima la ciutadania a participar en aquestes iniciatives que requereixen inscripci\u00f3 pr\u00e8via mitjan\u00e7ant el correu <a href=\"mailto:actividadoctubre2022@gmail.com\">actividadoctubre2022@gmail.com <\/a><\/h5>\n<p>[\/vc_column_text][\/vc_column][\/vc_row][vc_row el_id=&#8221;TEXTO_FIN_NOTICIA&#8221;][vc_column][vc_column_text]La regidora ha animat la ciutadania a participar en aquestes jornades on <strong>\u201cposem en valor uns espais excepcionals del municipi i de gran valor ambiental\u201d<\/strong>.<\/p>\n<h5>Jornades<\/h5>\n<p><strong>Els diumenges 9 i 23 d&#8217;octubre, en horari de mat\u00ed, entre les 10.00 i les 13.30 hores, es realitzaran dues jornades de sensibilitzaci\u00f3 i reforestaci\u00f3 en una \u00e0rea pr\u00f2xima al Mol\u00ed del C\u00e9ntim<\/strong>. Aquestes intervencions consistiran a realitzar una plantaci\u00f3 i reg d&#8217;assentament d&#8217;esp\u00e8cies aut\u00f2ctones en un espai seleccionat i pr\u00f2xim a la sendera del Pant\u00e0 d&#8217;Elx. El punt de trobada per als participants ser\u00e0 l&#8217;alberg de C\u00e0ritas, situat en el carrer Cauce, 6, al costat del pont del Bimil\u00b7lenari.<\/p>\n<p><strong>Els diumenges 16 i 30 d&#8217;octubre, tamb\u00e9 en horari de mat\u00ed, entre les 10.00 i les 13.30 hores, es realitzaran altres dues jornades de sensibilitzaci\u00f3 i retirada d&#8217;esp\u00e8cies ex\u00f2tiques invasores<\/strong>. La zona d&#8217;actuaci\u00f3 estar\u00e0 compresa entre el pont de Barratxina i el nou pont de la EL-20. El punt de trobada ser\u00e0 al mateix pont de Barratxina.<\/p>\n<p>Amb la finalitat d&#8217;aconseguir una correcta organitzaci\u00f3, aquesta jornada de voluntariat requerir\u00e0 inscripci\u00f3 pr\u00e8via. <strong>El correu electr\u00f2nic on inscriure&#8217;s \u00e9s <a href=\"mailto:actividadoctubre2022@gmail.com\">actividadoctubre2022@gmail.com<\/a>.<\/strong><\/p>\n<hr \/>\n<p>[\/vc_column_text][\/vc_column][\/vc_row][vc_row][vc_column width=&#8221;1\/6&#8243;][\/vc_column][vc_column width=&#8221;2\/3&#8243;]<audio class=\"sc_audio\" src=\"https:\/\/soundcloud.com\/ayuntamiento-de-elche\/cuatro-jornadas-de-sensibilizacion-para-la-conservacion-y-mejora-del-cauce-del-vinalopo?si=02eba0df2ed24f6c9c5b20af473757d1&#038;utm_source=clipboard&#038;utm_medium=text&#038;utm_campaign=social_sharing\" width=\"\" height=\"\"><\/audio>[\/vc_column][vc_column width=&#8221;1\/6&#8243;][\/vc_column][\/vc_row]<\/p>\n<\/div>","protected":false},"excerpt":{"rendered":"<p>[vc_row el_id=&#8221;SUBTITULAR_NOTICIA&#8221;][vc_column][vc_column_text] Les activitats tenen com a objectiu, entre altres accions, donar a con\u00e9ixer estrat\u00e8gies per a mantindre en bon estat els boscos de ribera i es duran a terme [&hellip;]<\/p>\n","protected":false},"author":131,"featured_media":132201,"comment_status":"closed","ping_status":"closed","sticky":false,"template":"","format":"standard","meta":{"footnotes":""},"categories":[391,211,1312],"tags":[],"class_list":["post-215223","post","type-post","status-publish","format-standard","has-post-thumbnail","hentry","category-home-va","category-medi-ambient-va","category-noticias-va"],"_links":{"self":[{"href":"https:\/\/www.elche.es\/va\/wp-json\/wp\/v2\/posts\/215223","targetHints":{"allow":["GET"]}}],"collection":[{"href":"https:\/\/www.elche.es\/va\/wp-json\/wp\/v2\/posts"}],"about":[{"href":"https:\/\/www.elche.es\/va\/wp-json\/wp\/v2\/types\/post"}],"author":[{"embeddable":true,"href":"https:\/\/www.elche.es\/va\/wp-json\/wp\/v2\/users\/131"}],"replies":[{"embeddable":true,"href":"https:\/\/www.elche.es\/va\/wp-json\/wp\/v2\/comments?post=215223"}],"version-history":[{"count":0,"href":"https:\/\/www.elche.es\/va\/wp-json\/wp\/v2\/posts\/215223\/revisions"}],"wp:featuredmedia":[{"embeddable":true,"href":"https:\/\/www.elche.es\/va\/wp-json\/wp\/v2\/media\/132201"}],"wp:attachment":[{"href":"https:\/\/www.elche.es\/va\/wp-json\/wp\/v2\/media?parent=215223"}],"wp:term":[{"taxonomy":"category","embeddable":true,"href":"https:\/\/www.elche.es\/va\/wp-json\/wp\/v2\/categories?post=215223"},{"taxonomy":"post_tag","embeddable":true,"href":"https:\/\/www.elche.es\/va\/wp-json\/wp\/v2\/tags?post=215223"}],"curies":[{"name":"wp","href":"https:\/\/api.w.org\/{rel}","templated":true}]}}