{"id":215338,"date":"2022-10-03T13:24:51","date_gmt":"2022-10-03T12:24:51","guid":{"rendered":"https:\/\/www.elche.es\/2022\/10\/desenvolupament-rural-augmenta-limport-del-conveni-de-col%c2%b7laboracio-amb-la-comunitat-de-llauradors-i-ramaders-per-a-pal%c2%b7liar-els-efectes-derivats-de-la-guerra-ducraina\/"},"modified":"2022-10-04T12:00:18","modified_gmt":"2022-10-04T11:00:18","slug":"desenvolupament-rural-augmenta-limport-del-conveni-de-col%c2%b7laboracio-amb-la-comunitat-de-llauradors-i-ramaders-per-a-pal%c2%b7liar-els-efectes-derivats-de-la-guerra-ducraina","status":"publish","type":"post","link":"https:\/\/www.elche.es\/va\/2022\/10\/desenvolupament-rural-augmenta-limport-del-conveni-de-col%c2%b7laboracio-amb-la-comunitat-de-llauradors-i-ramaders-per-a-pal%c2%b7liar-els-efectes-derivats-de-la-guerra-ducraina\/","title":{"rendered":"Desenvolupament Rural augmenta l&#8217;import del conveni de col\u00b7laboraci\u00f3 amb la Comunitat de Llauradors i Ramaders per a pal\u00b7liar els efectes derivats de la guerra d&#8217;Ucra\u00efna"},"content":{"rendered":"<div class=\"wpb-content-wrapper\"><p>[vc_row el_id=&#8221;SUBTITULAR_NOTICIA&#8221;][vc_column][vc_column_text]<\/p>\n<hr \/>\n<h4>L&#8217;edil de l&#8217;\u00e0rea, Felip S\u00e0nchez, i el president de la Comunitat, Pascual Urb\u00e1n, firmen aquest acord que, a m\u00e9s, t\u00e9 l&#8217;objectiu de promocionar els productes del Camp d\u2019Elx i els valors mediambientals, culturals i tur\u00edstics del m\u00f3n rural<\/h4>\n<hr \/>\n<p>[\/vc_column_text][\/vc_column][\/vc_row][vc_row type=&#8221;square&#8221; style_color=&#8221;original&#8221; style=&#8221;filled&#8221; size=&#8221;large&#8221; icon=&#8221;inherit&#8221; color=&#8221;&#8221; bg_color=&#8221;&#8221; align=&#8221;center&#8221; link=&#8221;&#8221; target=&#8221;_blank&#8221; popup=&#8221;&#8221; rel=&#8221;&#8221; id=&#8221;&#8221; class=&#8221;btndentronoticia&#8221; animation=&#8221;none&#8221; width=&#8221;&#8221; height=&#8221;&#8221; top=&#8221;small&#8221; bottom=&#8221;small&#8221; left=&#8221;huge&#8221; right=&#8221;huge&#8221;][vc_column]<a href=\"https:\/\/www.elche.es\/wp-content\/uploads\/2022\/07\/convenio-comunidad-labradores_-1.pdf\" target=\"_blank\" class=\"sc_button sc_button_square sc_button_style_filled style_original sc_button_size_large aligncenter btndentronoticia margin_top_small margin_right_huge margin_bottom_small margin_left_huge\">Clica ac\u00ed per a llegir el conveni<\/a>[\/vc_column][\/vc_row][vc_row el_id=&#8221;TEXTO_NOTICIA&#8221;][vc_column][vc_column_text]L&#8217;Ajuntament d&#8217;Elx, a trav\u00e9s de la Regidoria de Desenvolupament Rural, ha <strong>renovat el conveni de col\u00b7laboraci\u00f3 amb la Comunitat de Llauradors i Ramaders que enguany augmenta fins als 6.000 euros amb la finalitat de pal\u00b7liar els efectes econ\u00f2mics derivats de la pand\u00e8mia i la guerra d&#8217;Ucra\u00efna<\/strong>. L&#8217;edil de l&#8217;\u00e0rea, Felip S\u00e0nchez, i el president de la Comunitat, Pascual Urb\u00e1n, han firmat aquest acord que, a m\u00e9s, t\u00e9 l&#8217;objectiu de promocionar els productes del Camp d\u2019Elx i els valors mediambientals, culturals i tur\u00edstics del m\u00f3n rural.<\/p>\n<p>S\u00e0nchez ha explicat que \u201caquest conveni t\u00e9 una vig\u00e8ncia de molts anys i intentem renovar-lo cada vegada que el renovem\u201d i ha recordat que amb aquesta iniciativa es pret\u00e9n principalment<strong> promocionar els agricultors i els seus productes, especialment, les collites t\u00edpiques i identificatives del medi rural<\/strong>.<\/p>\n<p>Per part seua, Urb\u00e1n ha agra\u00eft i ha reconegut la implicaci\u00f3 i la predisposici\u00f3 de l&#8217;Ajuntament d&#8217;Elx per ajudar i al\u00e7ar el sector tan assotat per la inflaci\u00f3 i encariment de productes. <strong>\u201cEn concret, aquesta ajuda serveix per a col\u00b7laborar en les activitats d&#8217;expansi\u00f3, reg per degoteig, industrialitzaci\u00f3 i mecanitzaci\u00f3, entre altres accions\u201d<\/strong>, ha assenyalat, el president de la Comunitat, que a m\u00e9s ha indicat que amb aquesta quantia econ\u00f2mica s&#8217;imparteixen alguns cicles de formaci\u00f3, s&#8217;exposen productes a la Fireta del Camp d\u2019Elx, es duen a terme concursos sobre el d\u00e0til i es realitzen taules redones en les quals es debat sobre els problemes agr\u00edcoles.<\/p>\n<hr \/>\n<p>&nbsp;<\/p>\n<p>[\/vc_column_text][\/vc_column][\/vc_row][vc_row][vc_column width=&#8221;1\/6&#8243;][\/vc_column][vc_column width=&#8221;2\/3&#8243;]<audio class=\"sc_audio\" src=\"https:\/\/soundcloud.com\/ayuntamiento-de-elche\/convenio-con-la-unio-de-llauradors?si=367c757f74734a739c66ee04237ce9f5&#038;utm_source=clipboard&#038;utm_medium=text&#038;utm_campaign=social_sharing\" width=\"\" height=\"\"><\/audio>[\/vc_column][vc_column width=&#8221;1\/6&#8243;][\/vc_column][\/vc_row]<\/p>\n<\/div>","protected":false},"excerpt":{"rendered":"<p>[vc_row el_id=&#8221;SUBTITULAR_NOTICIA&#8221;][vc_column][vc_column_text] L&#8217;edil de l&#8217;\u00e0rea, Felip S\u00e0nchez, i el president de la Comunitat, Pascual Urb\u00e1n, firmen aquest acord que, a m\u00e9s, t\u00e9 l&#8217;objectiu de promocionar els productes del Camp d\u2019Elx [&hellip;]<\/p>\n","protected":false},"author":131,"featured_media":215298,"comment_status":"closed","ping_status":"closed","sticky":false,"template":"","format":"standard","meta":{"footnotes":""},"categories":[2716,391,1312],"tags":[],"class_list":["post-215338","post","type-post","status-publish","format-standard","has-post-thumbnail","hentry","category-desenvolupament-rural-va","category-home-va","category-noticias-va"],"_links":{"self":[{"href":"https:\/\/www.elche.es\/va\/wp-json\/wp\/v2\/posts\/215338","targetHints":{"allow":["GET"]}}],"collection":[{"href":"https:\/\/www.elche.es\/va\/wp-json\/wp\/v2\/posts"}],"about":[{"href":"https:\/\/www.elche.es\/va\/wp-json\/wp\/v2\/types\/post"}],"author":[{"embeddable":true,"href":"https:\/\/www.elche.es\/va\/wp-json\/wp\/v2\/users\/131"}],"replies":[{"embeddable":true,"href":"https:\/\/www.elche.es\/va\/wp-json\/wp\/v2\/comments?post=215338"}],"version-history":[{"count":0,"href":"https:\/\/www.elche.es\/va\/wp-json\/wp\/v2\/posts\/215338\/revisions"}],"wp:featuredmedia":[{"embeddable":true,"href":"https:\/\/www.elche.es\/va\/wp-json\/wp\/v2\/media\/215298"}],"wp:attachment":[{"href":"https:\/\/www.elche.es\/va\/wp-json\/wp\/v2\/media?parent=215338"}],"wp:term":[{"taxonomy":"category","embeddable":true,"href":"https:\/\/www.elche.es\/va\/wp-json\/wp\/v2\/categories?post=215338"},{"taxonomy":"post_tag","embeddable":true,"href":"https:\/\/www.elche.es\/va\/wp-json\/wp\/v2\/tags?post=215338"}],"curies":[{"name":"wp","href":"https:\/\/api.w.org\/{rel}","templated":true}]}}