{"id":215612,"date":"2022-10-05T12:48:35","date_gmt":"2022-10-05T11:48:35","guid":{"rendered":"https:\/\/www.elche.es\/2022\/10\/elx-aprofita-la-ruta-del-cami-del-cid-per-a-potenciar-la-seua-oferta-cultural-i-turistica\/"},"modified":"2022-10-05T12:48:35","modified_gmt":"2022-10-05T11:48:35","slug":"elx-aprofita-la-ruta-del-cami-del-cid-per-a-potenciar-la-seua-oferta-cultural-i-turistica","status":"publish","type":"post","link":"https:\/\/www.elche.es\/va\/2022\/10\/elx-aprofita-la-ruta-del-cami-del-cid-per-a-potenciar-la-seua-oferta-cultural-i-turistica\/","title":{"rendered":"Elx aprofita la ruta del Cam\u00ed del Cid per a potenciar la seua oferta cultural i tur\u00edstica"},"content":{"rendered":"<div class=\"wpb-content-wrapper\"><p>[vc_row el_id=&#8221;SUBTITULAR_NOTICIA&#8221;][vc_column][vc_column_text]<\/p>\n<hr \/>\n<h4>La regidora de Cultura, Marga Ant\u00f3n, assisteix a la clausura de la I Trobada d&#8217;Alcaldes i Alcaldesses del Cam\u00ed del Cid que es va dur a terme el divendres 30 al monestir de San Pedro de Carde\u00f1a (Burgos) amb la celebraci\u00f3 d&#8217;un consell rector extraordinari<\/h4>\n<hr \/>\n<p>[\/vc_column_text][\/vc_column][\/vc_row][vc_row el_id=&#8221;TEXTO_NOTICIA&#8221;][vc_column][vc_column_text]Elx ha aprofitat la ruta del Cam\u00ed del Cid per a potenciar la seua oferta cultural i tur\u00edstica. El monestir de Sant Pere de Carde\u00f1a (Burgos) va acollir el passat divendres 30 la clausura de la <strong>I Trobada d&#8217;Alcaldes i Alcaldesses del Cam\u00ed del Cid amb la celebraci\u00f3 d&#8217;un consell rector extraordinari<\/strong> en el qual els representants provincials al costat de prop d&#8217;un centenar d&#8217;alcaldes, van firmar una <strong>declaraci\u00f3 conjunta en la qual van confirmar el seu comprom\u00eds pel Cam\u00ed del Cid<\/strong>. El document es va depositar en una c\u00e0psula del temps que custodiar\u00e0 el cenobi burgal\u00e9s. A la trobada va assistir la regidora de Cultura, Marga Ant\u00f3n, que va destacar que \u201cel cam\u00ed, que actualment passa per Elx, constitueix un important atractiu tur\u00edstic i va manifestar el seu comprom\u00eds per \u201cestudiar com aportar la informaci\u00f3 necess\u00e0ria perqu\u00e8 siga un al\u00b7licient m\u00e9s per a l&#8217;oferta cultural de la nostra ciutat\u201d.<\/p>\n<p>L&#8217;elecci\u00f3 d&#8217;aquest escenari no va ser casual ja que fa vint anys,<strong> en 2002, el monestir de San Pedro de Carde\u00f1a va celebrar la sessi\u00f3 de constituci\u00f3 del Consorci Cam\u00ed del Cid<\/strong>, entitat responsable de la promoci\u00f3, definici\u00f3 i dinamitzaci\u00f3 de l&#8217;itinerari literari en actiu m\u00e9s extens d&#8217;Europa.[\/vc_column_text][\/vc_column][\/vc_row][vc_row type=&#8221;flexslider_slide&#8221; interval=&#8221;5&#8243; source=&#8221;media_library&#8221; images=&#8221;&#8221; img_size=&#8221;full&#8221; external_img_size=&#8221;&#8221; onclick=&#8221;link_image&#8221; custom_links_target=&#8221;_self&#8221; el_class=&#8221;galerianoticia&#8221; title=&#8221;&#8221; custom_srcs=&#8221;&#8221; custom_links=&#8221;&#8221;][vc_column][vc_gallery type=&#8221;flexslider_slide&#8221; interval=&#8221;5&#8243; images=&#8221;215606,215602,215604&#8243; img_size=&#8221;full&#8221; el_class=&#8221;galerianoticia&#8221;][\/vc_column][\/vc_row][vc_row el_id=&#8221;TEXTO_FIN_NOTICIA&#8221;][vc_column][vc_column_text]\u201cEstem fent hist\u00f2ria. <strong>El Consorci Cam\u00ed del Cid \u00e9s un cas \u00fanic a Espanya<\/strong>. No existeix cap altra entitat d&#8217;aquestes caracter\u00edstiques que porte treballant de manera continuada i sense fissures des de fa ja dues d\u00e8cades\u201d, ha afirmat el president del Consorci Cam\u00ed del Cid i de la Diputaci\u00f3 Provincial de S\u00f2ria, Benito Serrano.<\/p>\n<p>Durant la sessi\u00f3,<strong> tots els vocals del Consell Rector van oferir la seua visi\u00f3 sobre el Cam\u00ed del Cid<\/strong> i van parlar de com la ruta s&#8217;ha integrat als seus territoris.<\/p>\n<p>Per part seua, el director gerent del Consorci Cam\u00ed del Cid, <strong>Alberto Luque, va intervindre en la sessi\u00f3 per a fer un breu rep\u00e0s d&#8217;algunes de les actuacions m\u00e9s rellevants<\/strong> dels \u00faltims anys no sense abans recordar a totes les persones que ho han fet possible.<\/p>\n<h5>Conclusions i declaraci\u00f3 institucional<\/h5>\n<p>Despr\u00e9s de les presentacions va arribar el moment de <strong>posar en com\u00fa les conclusions de la I Trobada d&#8217;Alcaldes i Alcaldesses del Cam\u00ed del Cid<\/strong>. L&#8217;encarregada de llegir-les va ser Paula Delm\u00e1s, l&#8217;alcaldessa m\u00e9s jove de la trobada, de la localitat turolense de Monforte de Moyuela.<\/p>\n<p>Entre altres q\u00fcestions, es va posar de manifest<strong> la necessitat de crear noves eines tur\u00edstiques<\/strong> com el Cam\u00ed del Cid que, a trav\u00e9s de productes transversals i vertebradors donen resposta a les noves demandes del mercat tur\u00edstic, especialment a l&#8217;interior. Tamb\u00e9 es va ressaltar que l\u2019itinerari es postula com una eina id\u00f2nia per a donar a con\u00e9ixer la diversitat hist\u00f2rica, cultural i paisatg\u00edstica dels territoris que el conformen i es va valorar molt positivament l&#8217;exist\u00e8ncia del Consorci Cam\u00ed del Cid com un cas excepcional de cooperaci\u00f3 interterritorial.<\/p>\n<p>Igualment, i de cara a fomentar el Cam\u00ed del Cid tant a l&#8217;interior com en l&#8217;exterior, <strong>els assistents van assumir el comprom\u00eds de col\u00b7laborar activament en la promoci\u00f3 i la dinamitzaci\u00f3 del projecte<\/strong>.<\/p>\n<p>Aquestes <strong>conclusions van ser arreplegades en una declaraci\u00f3 conjunta firmada pels representants provincials i els responsables municipals assistents<\/strong> que, juntament amb altres objectes relatius a la trobada, es van introduir en una c\u00e0psula del temps que custodiar\u00e0 el monestir de San Pedro de Carde\u00f1a.<\/p>\n<hr \/>\n<p>&nbsp;<\/p>\n<p>[\/vc_column_text][\/vc_column][\/vc_row]<\/p>\n<\/div>","protected":false},"excerpt":{"rendered":"<p>[vc_row el_id=&#8221;SUBTITULAR_NOTICIA&#8221;][vc_column][vc_column_text] La regidora de Cultura, Marga Ant\u00f3n, assisteix a la clausura de la I Trobada d&#8217;Alcaldes i Alcaldesses del Cam\u00ed del Cid que es va dur a terme el [&hellip;]<\/p>\n","protected":false},"author":131,"featured_media":215609,"comment_status":"closed","ping_status":"closed","sticky":false,"template":"","format":"standard","meta":{"footnotes":""},"categories":[193,391,1312],"tags":[],"class_list":["post-215612","post","type-post","status-publish","format-standard","has-post-thumbnail","hentry","category-cultura-va","category-home-va","category-noticias-va"],"_links":{"self":[{"href":"https:\/\/www.elche.es\/va\/wp-json\/wp\/v2\/posts\/215612","targetHints":{"allow":["GET"]}}],"collection":[{"href":"https:\/\/www.elche.es\/va\/wp-json\/wp\/v2\/posts"}],"about":[{"href":"https:\/\/www.elche.es\/va\/wp-json\/wp\/v2\/types\/post"}],"author":[{"embeddable":true,"href":"https:\/\/www.elche.es\/va\/wp-json\/wp\/v2\/users\/131"}],"replies":[{"embeddable":true,"href":"https:\/\/www.elche.es\/va\/wp-json\/wp\/v2\/comments?post=215612"}],"version-history":[{"count":0,"href":"https:\/\/www.elche.es\/va\/wp-json\/wp\/v2\/posts\/215612\/revisions"}],"wp:featuredmedia":[{"embeddable":true,"href":"https:\/\/www.elche.es\/va\/wp-json\/wp\/v2\/media\/215609"}],"wp:attachment":[{"href":"https:\/\/www.elche.es\/va\/wp-json\/wp\/v2\/media?parent=215612"}],"wp:term":[{"taxonomy":"category","embeddable":true,"href":"https:\/\/www.elche.es\/va\/wp-json\/wp\/v2\/categories?post=215612"},{"taxonomy":"post_tag","embeddable":true,"href":"https:\/\/www.elche.es\/va\/wp-json\/wp\/v2\/tags?post=215612"}],"curies":[{"name":"wp","href":"https:\/\/api.w.org\/{rel}","templated":true}]}}