{"id":215652,"date":"2022-10-05T14:34:00","date_gmt":"2022-10-05T13:34:00","guid":{"rendered":"https:\/\/www.elche.es\/2022\/10\/elx-registra-el-menor-nombre-de-persones-desocupades-des-del-comencament-de-la-pandemia\/"},"modified":"2022-10-05T14:34:00","modified_gmt":"2022-10-05T13:34:00","slug":"elx-registra-el-menor-nombre-de-persones-desocupades-des-del-comencament-de-la-pandemia","status":"publish","type":"post","link":"https:\/\/www.elche.es\/va\/2022\/10\/elx-registra-el-menor-nombre-de-persones-desocupades-des-del-comencament-de-la-pandemia\/","title":{"rendered":"Elx registra el menor nombre de persones desocupades des del comen\u00e7ament de la pand\u00e8mia"},"content":{"rendered":"<div class=\"wpb-content-wrapper\"><p>[vc_row el_id=&#8221;SUBTITULAR_NOTICIA&#8221;][vc_column][vc_column_text]<\/p>\n<hr \/>\n<h4>La xifra d&#8217;aturats al setembre descendeix en 503 persones respecte al mes d&#8217;agost i se situa en 21.568<\/h4>\n<hr \/>\n<p>[\/vc_column_text][\/vc_column][\/vc_row][vc_row el_id=&#8221;TEXTO_NOTICIA&#8221;][vc_column][vc_column_text]Elx va registrar el mes de setembre passat la millor xifra de desocupaci\u00f3 des que va comen\u00e7ar la pand\u00e8mia, segons dades facilitades pel Servei d&#8217;Ocupaci\u00f3 P\u00fablica Estatal (SEPE), dependent del Ministeri de treball i Economia Social. En concret, <strong>el nombre total d&#8217;aturats comptabilitzats a final de setembre al municipi va descendir fins a les 21.568 persones<\/strong>.<\/p>\n<p>Aquesta dada, que tamb\u00e9 <strong>\u00e9s la millor de la s\u00e8rie hist\u00f2rica des que es va produir la crisi de 2008<\/strong>, representa que la desocupaci\u00f3 ha descendit en 1.459 persones des de l&#8217;1 de gener del present any, i el 503 respecte al mes d&#8217;agost.<\/p>\n<p>Juntament amb la reducci\u00f3 de l&#8217;atur, el mercat laboral il\u00b7licit\u00e0 ha experimentat un increment en el nombre de contractacions, que <strong>han ascendit a les 6.388 durant el mes de setembre. D&#8217;aquestes, el 60 per cent van tindre car\u00e0cter indefinit<\/strong>, cosa que suposa el percentatge m\u00e9s alt aconseguit fins hui, i representa un increment sostingut des del mes de gener.[\/vc_column_text][\/vc_column][\/vc_row][vc_row el_id=&#8221;DESTACADO_NOTICIA&#8221;][vc_column][vc_column_text el_class=&#8221;cuadronoticia&#8221;]<\/p>\n<h5>L&#8217;alcalde, Carlos Gonz\u00e1lez, afirma que aquestes dades \u201cconstaten la solidesa de l&#8217;economia il\u00b7licitana i la capacitat de recuperaci\u00f3 de les seues empreses\u201d<\/h5>\n<p>[\/vc_column_text][\/vc_column][\/vc_row][vc_row el_id=&#8221;TEXTO_FIN_NOTICIA&#8221;][vc_column][vc_column_text]Els contractes temporals, per part seua, <strong>han descendit fins a representar el 40% de les noves ocupacions, enfront del 82% del total<\/strong> que suposaven el mes de gener d&#8217;aquest mateix any.<\/p>\n<p>El sector serveis il\u00b7licit\u00e0 \u00e9s el que ha realitzat la major part dels nous contractes, ja que <strong>representa el 70 per cent del total; el segueixen l&#8217;industrial, amb un 16 per cent; la construcci\u00f3 amb un 8 per cent; i el sector agr\u00edcola amb un 6 per cent de les noves ocupacions<\/strong>.<\/p>\n<p>Aquestes dades positives \u201cconstaten la solidesa de l&#8217;economia il\u00b7licitana i la capacitat de recuperaci\u00f3 de les seues empreses\u201d, segons va indicar l&#8217;alcalde d&#8217;Elx, Carlos Gonz\u00e1lez, que va agregar que, \u201cencara que no pot haver-hi una total satisfacci\u00f3 fins que no s&#8217;aconseguisca la plena ocupaci\u00f3 al municipi, <strong>aquestes xifres demostren que l&#8217;esfor\u00e7 realitzat pel teixit empresarial i les administracions p\u00fabliques est\u00e0 donant resultats<\/strong> a l&#8217;hora de generar activitat econ\u00f2mica i ocupaci\u00f3\u201d.<\/p>\n<hr \/>\n<p>[\/vc_column_text][\/vc_column][\/vc_row][vc_row][vc_column width=&#8221;1\/6&#8243;][\/vc_column][vc_column width=&#8221;2\/3&#8243;]<audio class=\"sc_audio\" src=\"\" width=\"\" height=\"\"><\/audio>[\/vc_column][vc_column width=&#8221;1\/6&#8243;][\/vc_column][\/vc_row]<\/p>\n<\/div>","protected":false},"excerpt":{"rendered":"<p>[vc_row el_id=&#8221;SUBTITULAR_NOTICIA&#8221;][vc_column][vc_column_text] La xifra d&#8217;aturats al setembre descendeix en 503 persones respecte al mes d&#8217;agost i se situa en 21.568 [\/vc_column_text][\/vc_column][\/vc_row][vc_row el_id=&#8221;TEXTO_NOTICIA&#8221;][vc_column][vc_column_text]Elx va registrar el mes de setembre passat la [&hellip;]<\/p>\n","protected":false},"author":131,"featured_media":215650,"comment_status":"closed","ping_status":"closed","sticky":false,"template":"","format":"standard","meta":{"footnotes":""},"categories":[391,1312],"tags":[],"class_list":["post-215652","post","type-post","status-publish","format-standard","has-post-thumbnail","hentry","category-home-va","category-noticias-va"],"_links":{"self":[{"href":"https:\/\/www.elche.es\/va\/wp-json\/wp\/v2\/posts\/215652","targetHints":{"allow":["GET"]}}],"collection":[{"href":"https:\/\/www.elche.es\/va\/wp-json\/wp\/v2\/posts"}],"about":[{"href":"https:\/\/www.elche.es\/va\/wp-json\/wp\/v2\/types\/post"}],"author":[{"embeddable":true,"href":"https:\/\/www.elche.es\/va\/wp-json\/wp\/v2\/users\/131"}],"replies":[{"embeddable":true,"href":"https:\/\/www.elche.es\/va\/wp-json\/wp\/v2\/comments?post=215652"}],"version-history":[{"count":0,"href":"https:\/\/www.elche.es\/va\/wp-json\/wp\/v2\/posts\/215652\/revisions"}],"wp:featuredmedia":[{"embeddable":true,"href":"https:\/\/www.elche.es\/va\/wp-json\/wp\/v2\/media\/215650"}],"wp:attachment":[{"href":"https:\/\/www.elche.es\/va\/wp-json\/wp\/v2\/media?parent=215652"}],"wp:term":[{"taxonomy":"category","embeddable":true,"href":"https:\/\/www.elche.es\/va\/wp-json\/wp\/v2\/categories?post=215652"},{"taxonomy":"post_tag","embeddable":true,"href":"https:\/\/www.elche.es\/va\/wp-json\/wp\/v2\/tags?post=215652"}],"curies":[{"name":"wp","href":"https:\/\/api.w.org\/{rel}","templated":true}]}}