{"id":216413,"date":"2022-10-10T13:22:07","date_gmt":"2022-10-10T12:22:07","guid":{"rendered":"https:\/\/www.elche.es\/2022\/10\/el-manifest-pel-dia-de-la-salut-mental-posa-el-focus-en-la-promocio-de-locupacio-juvenil-la-prevencio-de-lassetjament-el-suicidi-i-les-addiccions\/"},"modified":"2022-10-10T15:11:08","modified_gmt":"2022-10-10T14:11:08","slug":"el-manifest-pel-dia-de-la-salut-mental-posa-el-focus-en-la-promocio-de-locupacio-juvenil-la-prevencio-de-lassetjament-el-suicidi-i-les-addiccions","status":"publish","type":"post","link":"https:\/\/www.elche.es\/va\/2022\/10\/el-manifest-pel-dia-de-la-salut-mental-posa-el-focus-en-la-promocio-de-locupacio-juvenil-la-prevencio-de-lassetjament-el-suicidi-i-les-addiccions\/","title":{"rendered":"El manifest pel Dia de la Salut Mental posa el focus en la promoci\u00f3 de l\u2019ocupaci\u00f3 juvenil, la prevenci\u00f3 de l&#8217;assetjament, el su\u00efcidi i les addiccions"},"content":{"rendered":"<div class=\"wpb-content-wrapper\"><p>[vc_row el_id=&#8221;SUBTITULAR_NOTICIA&#8221;][vc_column][vc_column_text]<\/p>\n<hr \/>\n<h4>La Pla\u00e7a de Baix acull l&#8217;acte amb la participaci\u00f3 del regidor d&#8217;Igualtat, Mariano Valera, la directora del CRIS, Mari Carmen Cortegano, i la presidenta d&#8217;ASFEME, Mar\u00eda Jos\u00e9 Gisbert, aix\u00ed com membres de l&#8217;Equip de Govern i de la Corporaci\u00f3 Municipal<\/h4>\n<hr \/>\n<p>[\/vc_column_text][\/vc_column][\/vc_row][vc_row type=&#8221;square&#8221; style_color=&#8221;original&#8221; style=&#8221;filled&#8221; size=&#8221;large&#8221; icon=&#8221;inherit&#8221; color=&#8221;&#8221; bg_color=&#8221;&#8221; align=&#8221;center&#8221; link=&#8221;&#8221; target=&#8221;_blank&#8221; popup=&#8221;&#8221; rel=&#8221;&#8221; id=&#8221;&#8221; class=&#8221;btndentronoticia&#8221; animation=&#8221;none&#8221; width=&#8221;&#8221; height=&#8221;&#8221; top=&#8221;small&#8221; bottom=&#8221;small&#8221; left=&#8221;huge&#8221; right=&#8221;huge&#8221;][vc_column]<a href=\"https:\/\/www.elche.es\/wp-content\/uploads\/2022\/07\/MANIFIESTO-DMSM-ASFEME-2022.pdf\" target=\"_blank\" class=\"sc_button sc_button_square sc_button_style_filled style_original sc_button_size_large aligncenter btndentronoticia margin_top_small margin_right_huge margin_bottom_small margin_left_huge\">Manifest pel Dia de la Salut Mental 2022<\/a>[\/vc_column][\/vc_row][vc_row el_id=&#8221;TEXTO_NOTICIA&#8221;][vc_column][vc_column_text]Amb motiu del Dia Mundial de la Salut Mental, que es commemora cada 10 d&#8217;octubre, l&#8217;Ajuntament d&#8217;Elx i l&#8217;Associaci\u00f3 de Familiars i Malalts Mentals d&#8217;Elx (ASFEME) han realitzat una lectura de manifest sota el lema <strong>\u2018Dona-li un like a la salut mental. Pel dret a cr\u00e9ixer en benestar\u2019<\/strong>. Un acte que ha acollit la Pla\u00e7a de Baix i que ha comptat amb la participaci\u00f3 del <strong>regidor d&#8217;Igualtat, Mariano Valera, de la directora del Centre de Rehabilitaci\u00f3 i Integraci\u00f3 Social d&#8217;Elx (CRIS), Mari Carmen Cortegano, i de la presidenta d&#8217;ASFEME, Mar\u00eda Jos\u00e9 Gisbert<\/strong>, que ha procedit a la lectura d\u2019aquest. Tamb\u00e9 han assistit altres membres de l&#8217;Equip de Govern i de la Corporaci\u00f3 Municipal. En aquest mateix empla\u00e7ament s&#8217;han instal\u00b7lat unes taules informatives que ha visitat l&#8217;alcalde, Carlos Gonz\u00e1lez, abans de la lectura del manifest.[\/vc_column_text][\/vc_column][\/vc_row][vc_row link=&#8221;https:\/\/vimeo.com\/51589652&#8243; el_width=&#8221;100&#8243; el_aspect=&#8221;169&#8243; align=&#8221;left&#8221; el_class=&#8221;videonoticia&#8221; title=&#8221;&#8221;][vc_column][vc_video link=&#8221;https:\/\/www.youtube.com\/watch?v=K-h0PjLYXpk&#8221; el_class=&#8221;videonoticia&#8221;][\/vc_column][\/vc_row][vc_row][vc_column][vc_column_text]Enguany s&#8217;ha posat el focus en la poblaci\u00f3 adolescent i juvenil per la situaci\u00f3 de fragilitat i risc en la seua salut mental, per ser uns dels m\u00e9s afectats en la pand\u00e8mia. <strong>El manifest ha fet \u00e8mfasi en quatre aspectes claus com ara la promoci\u00f3 de l&#8217;ocupaci\u00f3 juvenil i la lluita contra la precarietat laboral, aix\u00ed com la prevenci\u00f3 de l&#8217;ab\u00fas i l\u2019assetjament en la poblaci\u00f3 infantil i juvenil o l&#8217;impuls de campanyes de sensibilitzaci\u00f3<\/strong>, en mitjans i xarxes socials, sobre el risc que suposa el consum de drogues en el desencadenament dels trastorns mentals.<\/p>\n<p>El regidor d&#8217;Igualtat ha manifestat que<strong> la salut mental ha de ser una prioritat global i ha reconegut que la salut mental infantil i juvenil \u00e9s una de les assignatures pendents<\/strong> des de sanitat i que \u00e9s &#8220;urgent millorar\u201d.[\/vc_column_text][\/vc_column][\/vc_row][vc_row el_id=&#8221;DESTACADO_NOTICIA&#8221;][vc_column][vc_column_text el_class=&#8221;cuadronoticia&#8221;]<\/p>\n<h5>Valera explica que \u201cl&#8217;objectiu de les accions que es realitzaran \u00e9s interpel\u00b7lar i involucrar en tot moment la poblaci\u00f3 i les institucions en la cura i la protecci\u00f3 de la salut mental des de la inf\u00e0ncia\u201d<\/h5>\n<p>[\/vc_column_text][\/vc_column][\/vc_row][vc_row][vc_column][vc_column_text]<strong>\u00a0\u201cL&#8217;Organitzaci\u00f3 Mundial de la Salut informa que una de cada set persones joves, entre 10 i 19 anys, pateix algun trastorn mental\u201d<\/strong>, ha assenyalat l&#8217;edil, que ha explicat que \u201cl&#8217;objectiu de les accions que es realitzaran \u00e9s interpel\u00b7lar i involucrar en tot moment la poblaci\u00f3 i les institucions en la cura i la protecci\u00f3 de la salut mental des de la inf\u00e0ncia\u201d.<\/p>\n<p>Segons dades d&#8217;un informe d&#8217;UNICEF, <strong>l&#8217;ansietat i la depressi\u00f3 representen al voltant del 40% d&#8217;aquests problemes de salut mental. La meitat d&#8217;aquests apareixen abans dels 14 anys i un de cada quatre joves declara que ha pres psicof\u00e0rmacs<\/strong>. A m\u00e9s, nou de cada 100 joves va experimentar idees de su\u00efcidi cont\u00ednuament o amb molta freq\u00fc\u00e8ncia.[\/vc_column_text][\/vc_column][\/vc_row][vc_row type=&#8221;flexslider_slide&#8221; interval=&#8221;5&#8243; source=&#8221;media_library&#8221; images=&#8221;&#8221; img_size=&#8221;full&#8221; external_img_size=&#8221;&#8221; onclick=&#8221;link_image&#8221; custom_links_target=&#8221;_self&#8221; el_class=&#8221;galerianoticia&#8221; title=&#8221;&#8221; custom_srcs=&#8221;&#8221; custom_links=&#8221;&#8221;][vc_column][vc_gallery type=&#8221;flexslider_slide&#8221; interval=&#8221;5&#8243; images=&#8221;216388,216380,216382,216386&#8243; img_size=&#8221;full&#8221; el_class=&#8221;galerianoticia&#8221;][\/vc_column][\/vc_row][vc_row el_id=&#8221;TEXTO_FIN_NOTICIA&#8221;][vc_column][vc_column_text]\u201cL&#8217;educaci\u00f3 emocional \u00e9s una pe\u00e7a clau per a fomentar la salut mental des de les primeres etapes de la vida. Per\u00f2, a m\u00e9s, existeixen una s\u00e8rie de <strong>riscos que influeixen en la salut mental de xiquets i xiquetes, adolescents i joves com ara haver sigut v\u00edctimes d&#8217;abusos sexuals, d\u2019assetjament escolar o ciberassetjament,<\/strong> les expectatives sobre l&#8217;ocupaci\u00f3 o el canvi clim\u00e0tic, les addiccions, la soledat no desitjada, ser migrant o haver sobreviscut a un conflicte b\u00e8l\u00b7lic\u201d, ha declarat el regidor, que ha incidit en la necessitat d&#8217;incrementar els recursos destinats a aquests grups que abasten la prevenci\u00f3 i la promoci\u00f3 de la salut mental, a m\u00e9s de la detecci\u00f3, el diagn\u00f2stic, el tractament i la continu\u00eftat de cures dels trastorns mentals.<\/p>\n<p>Aix\u00ed mateix, Valera ha agra\u00eft la labor de tots els professionals que estan desenvolupant el seu treball en salut mental i que en el seu dia a dia fan que la <strong>qualitat de vida de les persones amb aquesta malaltia vaja millorant i es reforce aix\u00ed una vida en les mateixes condicions d&#8217;igualtat<\/strong>\u201d.<\/p>\n<p>Des de l&#8217;associaci\u00f3 han aprofitat l&#8217;ocasi\u00f3 per a <strong>reclamar m\u00e9s professionals i m\u00e9s recursos per a tractar la salut mental<\/strong> i, especialment, m\u00e9s prevenci\u00f3 contra el su\u00efcidi que s&#8217;ha convertit en la primera causa de mort no natural a Espanya.<\/p>\n<p>Gisbert <strong>ha sol\u00b7licitat a la ciutadania i a aquells que ostenten responsabilitats p\u00fabliques<\/strong> l&#8217;aplicaci\u00f3 de totes les propostes, des dels diferents \u00e0mbits, perqu\u00e8 el dret a la salut mental es fa\u00e7a efectiu.<\/p>\n<h5>Activitats per a conscienciar<\/h5>\n<p>Durant el dia de hui s&#8217;han instal\u00b7lat taules informatives a la Pla\u00e7a de Baix on es duran a terme activitats de sensibilitzaci\u00f3. A m\u00e9s, <strong>les persones associades d&#8217;ASFEME podran participar el diumenge 23 d&#8217;octubre en una jornada de conviv\u00e8ncia al col\u00b7legi Salesianos d&#8217;Elx<\/strong>, i en la celebraci\u00f3 del cinqu\u00e9 aniversari de la resid\u00e8ncia i centre de dia d&#8217;ASFEME el dijous 27.<\/p>\n<p>Tamb\u00e9 des del Centre de Rehabilitaci\u00f3 i Integraci\u00f3 Social d&#8217;Elx s&#8217;elaboraran una s\u00e8rie d&#8217;activitats per a la cura i la protecci\u00f3 de la salut mental. <strong>El divendres 14 d&#8217;octubre es dur\u00e0 a terme una trobada de petanca amb el Club de Petanca de Sant Antoni el dimecres 19 comptaran amb la pres\u00e8ncia de la psiquiatra Raquel Moreno Puertas<\/strong>; el dimecres 26 es dur\u00e0 a terme un partit de futbol a la Ciutat Esportiva i, finalment, el divendres 28 es realitzar\u00e0 una din\u00e0mica grupal per a compartir els motius que uneixen les persones.<\/p>\n<hr \/>\n<p>&nbsp;<\/p>\n<p>[\/vc_column_text][\/vc_column][\/vc_row][vc_row][vc_column width=&#8221;1\/2&#8243;]<audio class=\"sc_audio\" src=\"https:\/\/soundcloud.com\/ayuntamiento-de-elche\/manifiesto-por-el-dia-de-la-salud-mental?si=c7832e860c27404188960cbd5adba6e9&#038;utm_source=clipboard&#038;utm_medium=text&#038;utm_campaign=social_sharing\" width=\"\" height=\"\"><\/audio>[\/vc_column][vc_column width=&#8221;1\/2&#8243;]<audio class=\"sc_audio\" src=\"https:\/\/soundcloud.com\/ayuntamiento-de-elche\/manifiesto-del-dia-de-la-salud-mental?si=f9cbfb8a702241eabcc96199a7f6c249&#038;utm_source=clipboard&#038;utm_medium=text&#038;utm_campaign=social_sharing\" width=\"\" height=\"\"><\/audio>[\/vc_column][\/vc_row]<\/p>\n<\/div>","protected":false},"excerpt":{"rendered":"<p>[vc_row el_id=&#8221;SUBTITULAR_NOTICIA&#8221;][vc_column][vc_column_text] La Pla\u00e7a de Baix acull l&#8217;acte amb la participaci\u00f3 del regidor d&#8217;Igualtat, Mariano Valera, la directora del CRIS, Mari Carmen Cortegano, i la presidenta d&#8217;ASFEME, Mar\u00eda Jos\u00e9 Gisbert, [&hellip;]<\/p>\n","protected":false},"author":131,"featured_media":216385,"comment_status":"closed","ping_status":"closed","sticky":false,"template":"","format":"standard","meta":{"footnotes":""},"categories":[190,391,1312],"tags":[],"class_list":["post-216413","post","type-post","status-publish","format-standard","has-post-thumbnail","hentry","category-drets-socials","category-home-va","category-noticias-va"],"_links":{"self":[{"href":"https:\/\/www.elche.es\/va\/wp-json\/wp\/v2\/posts\/216413","targetHints":{"allow":["GET"]}}],"collection":[{"href":"https:\/\/www.elche.es\/va\/wp-json\/wp\/v2\/posts"}],"about":[{"href":"https:\/\/www.elche.es\/va\/wp-json\/wp\/v2\/types\/post"}],"author":[{"embeddable":true,"href":"https:\/\/www.elche.es\/va\/wp-json\/wp\/v2\/users\/131"}],"replies":[{"embeddable":true,"href":"https:\/\/www.elche.es\/va\/wp-json\/wp\/v2\/comments?post=216413"}],"version-history":[{"count":0,"href":"https:\/\/www.elche.es\/va\/wp-json\/wp\/v2\/posts\/216413\/revisions"}],"wp:featuredmedia":[{"embeddable":true,"href":"https:\/\/www.elche.es\/va\/wp-json\/wp\/v2\/media\/216385"}],"wp:attachment":[{"href":"https:\/\/www.elche.es\/va\/wp-json\/wp\/v2\/media?parent=216413"}],"wp:term":[{"taxonomy":"category","embeddable":true,"href":"https:\/\/www.elche.es\/va\/wp-json\/wp\/v2\/categories?post=216413"},{"taxonomy":"post_tag","embeddable":true,"href":"https:\/\/www.elche.es\/va\/wp-json\/wp\/v2\/tags?post=216413"}],"curies":[{"name":"wp","href":"https:\/\/api.w.org\/{rel}","templated":true}]}}