{"id":216661,"date":"2022-10-11T13:58:06","date_gmt":"2022-10-11T12:58:06","guid":{"rendered":"https:\/\/www.elche.es\/2022\/10\/elx-fa-un-salt-de-qualitat-en-el-transport-public-sostenible-amb-la-incorporacio-de-17-nous-autobusos-hibrids-a-la-seua-flota\/"},"modified":"2022-10-11T14:51:06","modified_gmt":"2022-10-11T13:51:06","slug":"elx-fa-un-salt-de-qualitat-en-el-transport-public-sostenible-amb-la-incorporacio-de-17-nous-autobusos-hibrids-a-la-seua-flota","status":"publish","type":"post","link":"https:\/\/www.elche.es\/va\/2022\/10\/elx-fa-un-salt-de-qualitat-en-el-transport-public-sostenible-amb-la-incorporacio-de-17-nous-autobusos-hibrids-a-la-seua-flota\/","title":{"rendered":"Elx fa un salt de qualitat en el transport p\u00fablic sostenible amb la incorporaci\u00f3 de 17 nous autobusos h\u00edbrids a la seua flota"},"content":{"rendered":"<div class=\"wpb-content-wrapper\"><p>[vc_row el_id=&#8221;SUBTITULAR_NOTICIA&#8221;][vc_column][vc_column_text]<\/p>\n<hr \/>\n<h4>L&#8217;alcalde, Carlos Gonz\u00e1lez, i l&#8217;edil de Mobilitat, Esther D\u00edez, destaquen que prop de la meitat de la flota del servei p\u00fablic de transport ja s\u00f3n vehicles de baixes emissions que contribueixen a la reducci\u00f3 de gasos contaminants<\/h4>\n<hr \/>\n<p>[\/vc_column_text][\/vc_column][\/vc_row][vc_row el_id=&#8221;TEXTO_NOTICIA&#8221;][vc_column][vc_column_text]Elx fa un important <strong>pas avant en la promoci\u00f3 del transport p\u00fablic sostenible amb la incorporaci\u00f3 de 17 nous autobusos h\u00edbrids de tracci\u00f3 el\u00e8ctrica a la seua flota<\/strong>. L\u2019alcalde i la regidora de Mobilitat, Esther D\u00edez, han presentat els nous vehicles en un acte al qual han assistit tamb\u00e9 els regidors H\u00e9ctor D\u00edez i Felip S\u00e0nchez, aix\u00ed com el gerent d&#8217;Autobusos Urbans d&#8217;Elx, \u00c1ngel Luis Andreu.<\/p>\n<p>Es tracta de 17 unitats del model Urbino 12 hybrid, desenvolupat per l&#8217;empresa Solaris i <strong>la inversi\u00f3 realitzada en aquests \u00e9s de 5,9 milions d&#8217;euros (IVA no incl\u00f2s)<\/strong>.<\/p>\n<p>Elx compta actualment amb una flota total de 59 autobusos amb una edat mitjana de nom\u00e9s 6 anys i amb <strong>aquestes 17 unitats, la ciutat aconsegueix els 28 autobusos h\u00edbrids, la qual cosa suposa prop del 50% del total de la seua flota<\/strong>. Aquests nous autobusos estaran circulant en la majoria de l\u00ednies.<\/p>\n<p>A m\u00e9s, per a<strong> la primavera de 2023 es preveu l&#8217;arribada de 8 autobusos cent per cent el\u00e8ctrics<\/strong> gr\u00e0cies a la concessi\u00f3 de fons europeus de reconstrucci\u00f3. I al costat d&#8217;aix\u00f2, la regidora de Mobilitat ha dit que esperen comptar amb sis noves unitats cent per cent el\u00e8ctriques l&#8217;any 2024 gr\u00e0cies a la sol\u00b7licitud realitzada corresponent a la segona fase d&#8217;aquests fons europeus Next Generation.[\/vc_column_text][\/vc_column][\/vc_row][vc_row link=&#8221;https:\/\/vimeo.com\/51589652&#8243; el_width=&#8221;100&#8243; el_aspect=&#8221;169&#8243; align=&#8221;left&#8221; el_class=&#8221;videonoticia&#8221; title=&#8221;&#8221;][vc_column][vc_video link=&#8221;https:\/\/youtu.be\/ylo8dg_igY0&#8243; el_class=&#8221;videonoticia&#8221;][\/vc_column][\/vc_row][vc_row][vc_column][vc_column_text]L&#8217;alcalde ha dit que \u201c<strong>des de 2019 fins a 2023, portem pr\u00e0cticament deu milions d&#8217;euros invertits en la renovaci\u00f3 de la flota d&#8217;autobusos<\/strong>, en un pas decidit en aquesta aspiraci\u00f3 de millorar el servei i avan\u00e7ar en la reducci\u00f3 de gasos d&#8217;efecte d&#8217;hivernacle, lluita contra el canvi clim\u00e0tic i descarbonitzaci\u00f3\u201d. Ha afegit que amb la incorporaci\u00f3 d&#8217;aquests nous 17 autobusos es guanya en accessibilitat, en seguretat i en la millora de les condicions de treball d\u2019aquells que presten aquest servei p\u00fablic.<\/p>\n<p>\u201cEn el present mandat ens <strong>hem proposat modernitzar serveis p\u00fablics i alhora impulsar una acci\u00f3 decidida de lluita contra el canvi clim\u00e0tic<\/strong> per a possibilitar la reducci\u00f3 d&#8217;emissions de gasos d&#8217;efecte d&#8217;hivernacle\u201d, ha assenyalat l&#8217;alcalde, que ha afegit que \u201cestem decidits a lluitar contra el canvi clim\u00e0tic descarbonitzant l&#8217;economia i, singularment, la mobilitat urbana\u201d.<\/p>\n<p>L&#8217;alcalde ha destacat que amb els 28 autobusos h\u00edbrids incorporats a la flota s&#8217;aconsegueix una <strong>reducci\u00f3 de 882 tones equivalents a di\u00f2xid de carboni a l&#8217;any<\/strong>.[\/vc_column_text][\/vc_column][\/vc_row][vc_row el_id=&#8221;DESTACADO_NOTICIA&#8221;][vc_column][vc_column_text el_class=&#8221;cuadronoticia&#8221;]<\/p>\n<h5>Per a la primavera de 2023 es preveu l&#8217;arribada de 8 autobusos cent per cent el\u00e8ctrics gr\u00e0cies a la concessi\u00f3 de fons europeus de reconstrucci\u00f3 i l&#8217;Equip de Govern espera incorporar altres sis unitats en 2024<\/h5>\n<p>[\/vc_column_text][\/vc_column][\/vc_row][vc_row][vc_column][vc_column_text]Gonz\u00e1lez ha assenyalat que \u201chui fem un pas de gegant en la renovaci\u00f3 de la flota d&#8217;autobusos que <strong>se suma als nous vehicles del servei de neteja i als nous vehicles de la Policia Local<\/strong>\u201d.<\/p>\n<p>\u201cAmb la incorporaci\u00f3 d&#8217;aquests nous vehicles fem un salt de qualitat en el servei de bus urb\u00e0, en la mobilitat sostenible i, en general, en la transici\u00f3 ecol\u00f2gica, <strong>possibilitant el model de municipi verd en el qual aquest govern municipal treballa des de l&#8217;any 2015<\/strong>\u201d, ha assenyalat Esther D\u00edez.[\/vc_column_text][\/vc_column][\/vc_row][vc_row type=&#8221;flexslider_slide&#8221; interval=&#8221;5&#8243; source=&#8221;media_library&#8221; images=&#8221;&#8221; img_size=&#8221;full&#8221; external_img_size=&#8221;&#8221; onclick=&#8221;link_image&#8221; custom_links_target=&#8221;_self&#8221; el_class=&#8221;galerianoticia&#8221; title=&#8221;&#8221; custom_srcs=&#8221;&#8221; custom_links=&#8221;&#8221;][vc_column][vc_gallery type=&#8221;flexslider_slide&#8221; interval=&#8221;5&#8243; images=&#8221;216521,216523,216525,216527,216529,216531&#8243; img_size=&#8221;full&#8221; el_class=&#8221;galerianoticia&#8221;][\/vc_column][\/vc_row][vc_row el_id=&#8221;TEXTO_FIN_NOTICIA&#8221;][vc_column][vc_column_text]La regidora ha recordat que \u201c<strong>estem parlant d&#8217;un servei que transporta 12 milions de passatgers a l&#8217;any<\/strong>, que \u00e9s garant de l&#8217;accessibilitat universal en aquesta ciutat i que, per tant, millorar el servei suposa millorar la qualitat de vida dels il\u00b7licitans i de les il\u00b7licitanes, entre altres q\u00fcestions per la reducci\u00f3 de gasos contaminants\u201d.<\/p>\n<p>\u201cSi volem avan\u00e7ar en una ciutat amable i saludable, <strong>l&#8217;\u00fanic cam\u00ed possible \u00e9s apostar per la mobilitat sostenible, per l&#8217;autob\u00fas, per la bicicleta i per la prioritat per als vianants<\/strong>. \u00c9s inq\u00fcestionable que aquesta ha de ser l&#8217;aposta en una ciutat on el 80% de les emissions contaminants provenen del tr\u00e0nsit privat\u201d, ha concl\u00f2s l&#8217;edil.<\/p>\n<p>Tant l&#8217;alcalde com <strong>la regidora de Mobilitat han agra\u00eft l&#8217;esfor\u00e7 que est\u00e0 realitzant l&#8217;empresa d&#8217;autobusos urbans<\/strong> amb el seu gerent al capdavant per a aconseguir un servei de qualitat i sostenible.<\/p>\n<h5>Millor servei sense pujar el preu del bitllet<\/h5>\n<p>Carlos Gonz\u00e1lez ha destacat que \u201caquest esfor\u00e7 inversor que estem realitzant en aquest mandat en la modernitzaci\u00f3 i millora del transport p\u00fablic, l\u2019estem fent <strong>sense pujar la pressi\u00f3 fiscal a la ciutadania i mantenint el mateix preu del bitllet<\/strong> que hi havia quan vam arribar al Govern Municipal\u201d.<\/p>\n<p>En aquest punt, Esther D\u00edez ha apuntat que el Govern Municipal t\u00e9 la voluntat d&#8217;aplicar als usuaris il\u00b7licitans el descompte en el transport p\u00fablic als menors de 30 anys i ha recordat que <strong>actualment 14.000 estudiants menors de 26 anys ja viatgen de manera gratu\u00efta gr\u00e0cies al Bus Lliure<\/strong>.<\/p>\n<h5>Actuacions complement\u00e0ries<\/h5>\n<p>Al costat de la renovaci\u00f3 de la flota, Esther D\u00edez explica que s&#8217;estan duent a terme altres actuacions per a millorar el servei, com \u00e9s el cas de <strong>les obres d&#8217;accessibilitat de parades, la pr\u00f2xima electrificaci\u00f3 de la planta d&#8217;autobusos i la digitalitzaci\u00f3 del servei que inclou el pagament per m\u00f2bil<\/strong>.<\/p>\n<h5>Caracter\u00edstiques dels nous vehicles<\/h5>\n<p>&#8211; La tracci\u00f3 el\u00e8ctrica com a base del funcionament d&#8217;aquests autobusos implica una rebaixa substancial de l&#8217;emissi\u00f3 de gasos contaminants a l&#8217;atmosfera. <strong>Emet un 30% menys de CO\u2082 que un autob\u00fas convencional.<\/strong><\/p>\n<p>&#8211; Compten amb sistema Arrive&amp;Go\u2026 Mitjan\u00e7ant localitzaci\u00f3 GPS, i en condicions normals, el bus arriba a la parada, c\u00e0rrega i desc\u00e0rrega passatgers, i <strong>empr\u00e9n la marxa en manera 100% el\u00e8ctrica, zero emissions contaminants i baix\u00edssimes emissions ac\u00fastiques<\/strong>.<\/p>\n<p>&#8211; <strong>No necessita endollar-se a res<\/strong>, nom\u00e9s genera l&#8217;electricitat que necessita quan circula en manera h\u00edbrida.<\/p>\n<p>&#8211; <strong>L&#8217;energia s&#8217;emmagatzema en Ultracondensadores, amb una capacitat de 1kWh<\/strong>, i que admet c\u00e0rregues i desc\u00e0rregues r\u00e0pides. No necessiten canvi ni manteniment durant la vida de l&#8217;autob\u00fas.<\/p>\n<p>&#8211; Capacitat fins a <strong>105 passatgers.<\/strong><\/p>\n<p>&#8211; <strong>12 metres<\/strong>, 3 portes dobles<\/p>\n<p>&#8211; Preparats per a <strong>passatgers amb cadires de rodes i seients per a embarassades.<\/strong><\/p>\n<hr \/>\n<p>[\/vc_column_text][\/vc_column][\/vc_row][vc_row][vc_column width=&#8221;1\/6&#8243;][\/vc_column][vc_column width=&#8221;2\/3&#8243;]<audio class=\"sc_audio\" src=\"https:\/\/soundcloud.com\/ayuntamiento-de-elche\/presentacion-de-17-nuevos-autobuses-hibridos?si=54a344ec7a8d4ff998d1f9b31a506b53&#038;utm_source=clipboard&#038;utm_medium=text&#038;utm_campaign=social_sharing\" width=\"\" height=\"\"><\/audio>[\/vc_column][vc_column width=&#8221;1\/6&#8243;][\/vc_column][\/vc_row]<\/p>\n<\/div>","protected":false},"excerpt":{"rendered":"<p>[vc_row el_id=&#8221;SUBTITULAR_NOTICIA&#8221;][vc_column][vc_column_text] L&#8217;alcalde, Carlos Gonz\u00e1lez, i l&#8217;edil de Mobilitat, Esther D\u00edez, destaquen que prop de la meitat de la flota del servei p\u00fablic de transport ja s\u00f3n vehicles de baixes [&hellip;]<\/p>\n","protected":false},"author":131,"featured_media":216534,"comment_status":"closed","ping_status":"closed","sticky":false,"template":"","format":"standard","meta":{"footnotes":""},"categories":[391,217,1312],"tags":[],"class_list":["post-216661","post","type-post","status-publish","format-standard","has-post-thumbnail","hentry","category-home-va","category-mobilitat","category-noticias-va"],"_links":{"self":[{"href":"https:\/\/www.elche.es\/va\/wp-json\/wp\/v2\/posts\/216661","targetHints":{"allow":["GET"]}}],"collection":[{"href":"https:\/\/www.elche.es\/va\/wp-json\/wp\/v2\/posts"}],"about":[{"href":"https:\/\/www.elche.es\/va\/wp-json\/wp\/v2\/types\/post"}],"author":[{"embeddable":true,"href":"https:\/\/www.elche.es\/va\/wp-json\/wp\/v2\/users\/131"}],"replies":[{"embeddable":true,"href":"https:\/\/www.elche.es\/va\/wp-json\/wp\/v2\/comments?post=216661"}],"version-history":[{"count":0,"href":"https:\/\/www.elche.es\/va\/wp-json\/wp\/v2\/posts\/216661\/revisions"}],"wp:featuredmedia":[{"embeddable":true,"href":"https:\/\/www.elche.es\/va\/wp-json\/wp\/v2\/media\/216534"}],"wp:attachment":[{"href":"https:\/\/www.elche.es\/va\/wp-json\/wp\/v2\/media?parent=216661"}],"wp:term":[{"taxonomy":"category","embeddable":true,"href":"https:\/\/www.elche.es\/va\/wp-json\/wp\/v2\/categories?post=216661"},{"taxonomy":"post_tag","embeddable":true,"href":"https:\/\/www.elche.es\/va\/wp-json\/wp\/v2\/tags?post=216661"}],"curies":[{"name":"wp","href":"https:\/\/api.w.org\/{rel}","templated":true}]}}