{"id":217772,"date":"2022-10-19T10:07:10","date_gmt":"2022-10-19T09:07:10","guid":{"rendered":"https:\/\/www.elche.es\/2022\/10\/el-centre-de-congressos-acull-la-presentacio-de-les-tendencies-del-calcat-per-a-la-primavera-estiu-de-2024\/"},"modified":"2022-10-19T10:07:11","modified_gmt":"2022-10-19T09:07:11","slug":"el-centre-de-congressos-acull-la-presentacio-de-les-tendencies-del-calcat-per-a-la-primavera-estiu-de-2024","status":"publish","type":"post","link":"https:\/\/www.elche.es\/va\/2022\/10\/el-centre-de-congressos-acull-la-presentacio-de-les-tendencies-del-calcat-per-a-la-primavera-estiu-de-2024\/","title":{"rendered":"El Centre de Congressos acull la presentaci\u00f3 de les tend\u00e8ncies del cal\u00e7at per a la primavera-estiu de 2024"},"content":{"rendered":"<div class=\"wpb-content-wrapper\"><p>[vc_row el_id=&#8221;TEXTO_FIN_NOTICIA&#8221;][vc_column][vc_column_text]<br \/>\nEl regidor de Promoci\u00f3 Econ\u00f2mica, Carles Molina, va assistir a la presentaci\u00f3 de les tend\u00e8ncies per a la primavera-estiu de 2024 que l&#8217;Associaci\u00f3 Espanyola d&#8217;Empreses de Components del cal\u00e7at (AEC) va dur a terme al <strong>Centre de Congressos sota el t\u00edtol &#8216;Innovacions per al Futur, AEC i WGSN<\/strong>&#8216;.<\/p>\n<p>En la seua intervenci\u00f3 en l&#8217;acte Carles Molina va posar en valor la import\u00e0ncia que el sector dels components t\u00e9 com a motor econ\u00f2mic de la ciutat. &#8220;El dels <strong>components del cal\u00e7at \u00e9s un sector que mira al futur i vol estar a l&#8217;avantguarda de la moda nacional i internacional<\/strong>. Presentacions com aquesta a la qual estem assistint afermen la marca de qualitat Elx en una ind\u00fastria fonamental per a l&#8217;economia de la nostra ciutat&#8221;.<br \/>\n[\/vc_column_text][\/vc_column][\/vc_row][vc_row type=&#8221;flexslider_slide&#8221; interval=&#8221;5&#8243; source=&#8221;media_library&#8221; images=&#8221;&#8221; img_size=&#8221;full&#8221; external_img_size=&#8221;&#8221; onclick=&#8221;link_image&#8221; custom_links_target=&#8221;_self&#8221; el_class=&#8221;galerianoticia&#8221; title=&#8221;&#8221; custom_srcs=&#8221;&#8221; custom_links=&#8221;&#8221;][vc_column][vc_gallery type=&#8221;flexslider_slide&#8221; interval=&#8221;5&#8243; images=&#8221;217765,217763,217761&#8243; img_size=&#8221;full&#8221; el_class=&#8221;galerianoticia&#8221;][\/vc_column][\/vc_row][vc_row][vc_column][vc_column_text]<br \/>\nTamara Clo\u00e9 Leguia, Trend Specialist de WGSN, va presentar els pron\u00f2stics de tend\u00e8ncies; colors, acabats i t\u00e8xtils, cuirs i altres materials, accessoris i adorns per al cal\u00e7at i la marroquineria identificats en tres tend\u00e8ncies basades en el model que WGSN desenvolupa per a poder oferir cada temporada la millor informaci\u00f3 en tend\u00e8ncies de moda:<strong> observant el mapa d&#8217;influ\u00e8ncies, sintetitzant les dades, pronosticant mercats, estils de vida i disseny de productes per a aquesta nova temporada: Primavera Estiu 2024<\/strong>.<\/p>\n<hr \/>\n<p>&nbsp;<\/p>\n<p>[\/vc_column_text][\/vc_column][\/vc_row][vc_row][vc_column width=&#8221;1\/6&#8243;][\/vc_column][vc_column width=&#8221;2\/3&#8243;]<audio class=\"sc_audio\" src=\"\" width=\"\" height=\"\"><\/audio>[\/vc_column][vc_column width=&#8221;1\/6&#8243;][\/vc_column][\/vc_row]<\/p>\n<\/div>","protected":false},"excerpt":{"rendered":"<p>[vc_row el_id=&#8221;TEXTO_FIN_NOTICIA&#8221;][vc_column][vc_column_text] El regidor de Promoci\u00f3 Econ\u00f2mica, Carles Molina, va assistir a la presentaci\u00f3 de les tend\u00e8ncies per a la primavera-estiu de 2024 que l&#8217;Associaci\u00f3 Espanyola d&#8217;Empreses de Components del [&hellip;]<\/p>\n","protected":false},"author":131,"featured_media":217768,"comment_status":"closed","ping_status":"closed","sticky":false,"template":"","format":"standard","meta":{"footnotes":""},"categories":[2864,183],"tags":[],"class_list":["post-217772","post","type-post","status-publish","format-standard","has-post-thumbnail","hentry","category-breus","category-pomocio-economica"],"_links":{"self":[{"href":"https:\/\/www.elche.es\/va\/wp-json\/wp\/v2\/posts\/217772","targetHints":{"allow":["GET"]}}],"collection":[{"href":"https:\/\/www.elche.es\/va\/wp-json\/wp\/v2\/posts"}],"about":[{"href":"https:\/\/www.elche.es\/va\/wp-json\/wp\/v2\/types\/post"}],"author":[{"embeddable":true,"href":"https:\/\/www.elche.es\/va\/wp-json\/wp\/v2\/users\/131"}],"replies":[{"embeddable":true,"href":"https:\/\/www.elche.es\/va\/wp-json\/wp\/v2\/comments?post=217772"}],"version-history":[{"count":0,"href":"https:\/\/www.elche.es\/va\/wp-json\/wp\/v2\/posts\/217772\/revisions"}],"wp:featuredmedia":[{"embeddable":true,"href":"https:\/\/www.elche.es\/va\/wp-json\/wp\/v2\/media\/217768"}],"wp:attachment":[{"href":"https:\/\/www.elche.es\/va\/wp-json\/wp\/v2\/media?parent=217772"}],"wp:term":[{"taxonomy":"category","embeddable":true,"href":"https:\/\/www.elche.es\/va\/wp-json\/wp\/v2\/categories?post=217772"},{"taxonomy":"post_tag","embeddable":true,"href":"https:\/\/www.elche.es\/va\/wp-json\/wp\/v2\/tags?post=217772"}],"curies":[{"name":"wp","href":"https:\/\/api.w.org\/{rel}","templated":true}]}}