{"id":217890,"date":"2022-10-19T13:35:31","date_gmt":"2022-10-19T12:35:31","guid":{"rendered":"https:\/\/www.elche.es\/2022\/10\/mobilitat-presenta-formula-bus-un-joc-que-preten-captar-5-000-usuaris-al-mes-i-evitar-lemissio-de-mes-de-11-000-tones-de-co%e2%82%82\/"},"modified":"2022-10-19T14:16:08","modified_gmt":"2022-10-19T13:16:08","slug":"mobilitat-presenta-formula-bus-un-joc-que-preten-captar-5-000-usuaris-al-mes-i-evitar-lemissio-de-mes-de-11-000-tones-de-co%e2%82%82","status":"publish","type":"post","link":"https:\/\/www.elche.es\/va\/2022\/10\/mobilitat-presenta-formula-bus-un-joc-que-preten-captar-5-000-usuaris-al-mes-i-evitar-lemissio-de-mes-de-11-000-tones-de-co%e2%82%82\/","title":{"rendered":"Mobilitat presenta F\u00f3rmula Bus, un joc que pret\u00e9n captar 5.000 usuaris al mes i evitar l&#8217;emissi\u00f3 de m\u00e9s de 11.000 tones de CO\u2082"},"content":{"rendered":"<div class=\"wpb-content-wrapper\"><p>[vc_row el_id=&#8221;SUBTITULAR_NOTICIA&#8221;][vc_column][vc_column_text]<\/p>\n<hr \/>\n<h4>L&#8217;edil de l&#8217;\u00e0rea, Esther D\u00edez, i el gerent d&#8217;AUESA, \u00c1ngel Luis Andreu, presenten un projecte de ludificaci\u00f3 amb el qual els usuaris podran guanyar premis alhora que, des de l&#8217;Ajuntament, es fomenta la utilitzaci\u00f3 del transport col\u00b7lectiu a la ciutat<\/h4>\n<hr \/>\n<p>[\/vc_column_text][\/vc_column][\/vc_row][vc_row type=&#8221;square&#8221; style_color=&#8221;original&#8221; style=&#8221;filled&#8221; size=&#8221;large&#8221; icon=&#8221;inherit&#8221; color=&#8221;&#8221; bg_color=&#8221;&#8221; align=&#8221;center&#8221; link=&#8221;&#8221; target=&#8221;_blank&#8221; popup=&#8221;&#8221; rel=&#8221;&#8221; id=&#8221;&#8221; class=&#8221;btndentronoticia&#8221; animation=&#8221;none&#8221; width=&#8221;&#8221; height=&#8221;&#8221; top=&#8221;small&#8221; bottom=&#8221;small&#8221; left=&#8221;huge&#8221; right=&#8221;huge&#8221;][vc_column]<a href=\"https:\/\/www.elche.es\/wp-content\/uploads\/2022\/07\/PRESENTACION.pdf\" target=\"_blank\" class=\"sc_button sc_button_square sc_button_style_filled style_original sc_button_size_large aligncenter btndentronoticia margin_top_small margin_right_huge margin_bottom_small margin_left_huge\">Clica ac\u00ed per a veure la Presentaci\u00f3<\/a>[\/vc_column][\/vc_row][vc_row el_id=&#8221;TEXTO_NOTICIA&#8221;][vc_column][vc_column_text]La Regidoria de Mobilitat presenta un projecte de ludificaci\u00f3 als autobusos urbans que pret\u00e9n captar 5.000 usuaris al mes i evitar l&#8217;emissi\u00f3 de m\u00e9s de 11.000 tones de CO\u2082, per tal de contribuir a l&#8217;objectiu del Pla de Mobilitat Sostenible d&#8217;Elx de reduir les emissions contaminants i la despesa energ\u00e8tica en un 50% per a 2030. L&#8217;edil de l&#8217;\u00e0rea, Esther D\u00edez, i el gerent d&#8217;Autobusos Urbans d&#8217;Elx (AUESA), \u00c1ngel Luis Andreu, han presentat la iniciativa F\u00f3rmula Bus, amb la qual els usuaris i <strong>les usu\u00e0ries podran optar a sortejos i guanyar premis sumant quan viatgen en autob\u00fas, completar etapes i reptes, alhora que, des de l&#8217;Ajuntament, es fomenta la utilitzaci\u00f3 del transport col\u00b7lectiu a la ciutat<\/strong>.<\/p>\n<p>En concret, els interessats podran <strong>registrar-se en F\u00f3rmula Bus a partir del 24 d&#8217;octubre<\/strong>, data que coincideix amb el llan\u00e7ament de la p\u00e0gina web <strong>(<a href=\"http:\/\/www.formulabus.avanzagrupo.com\">www.formulabus.avanzagrupo.com<\/a>)<\/strong> i comen\u00e7ar a jugar durant sis mesos des del pr\u00f2xim 1 de novembre. Aix\u00ed, a m\u00e9s, ha apuntat Andreu, s&#8217;espera recuperar les xifres de passatgers dels busos urbans previs a la pand\u00e8mia, que \u201cja es troben per damunt del 90%\u201d.<\/p>\n<h5>Viatjar jugant<\/h5>\n<p><strong>F\u00f3rmula Bus s&#8217;enfoca als passatgers que viatgen amb qualsevol dels diferents bons d\u2019autobus d&#8217;AUESA<\/strong> i persegueix, mitjan\u00e7ant t\u00e8cniques de ludificaci\u00f3, influir en la seua manera de moure&#8217;s per a aconseguir un comportament m\u00e9s sostenible. Els participants hauran de complir una s\u00e8rie de desafiaments per a acumular punts i passar d&#8217;etapa en un mapa virtual, en el qual s&#8217;inclouen llocs com els jardins Hort del Cura o Salvador Allende, els Algeps, la pla\u00e7a del Primer de Maig, la UMH o el Palmerar.[\/vc_column_text][\/vc_column][\/vc_row][vc_row source=&#8221;media_library&#8221; image=&#8221;&#8221; img_size=&#8221;full&#8221; external_img_size=&#8221;&#8221; add_caption=&#8221;&#8221; alignment=&#8221;left&#8221; style=&#8221;&#8221; external_style=&#8221;&#8221; border_color=&#8221;grey&#8221; external_border_color=&#8221;grey&#8221; onclick=&#8221;link_image&#8221; img_link_target=&#8221;_self&#8221; el_class=&#8221;fotounicanoticia&#8221; title=&#8221;&#8221; custom_src=&#8221;&#8221; caption=&#8221;&#8221; link=&#8221;&#8221; img_link_large=&#8221;&#8221;][vc_column][vc_single_image image=&#8221;217811&#8243; img_size=&#8221;medium&#8221; alignment=&#8221;center&#8221; onclick=&#8221;link_image&#8221; el_class=&#8221;fotounicanoticia&#8221;][\/vc_column][\/vc_row][vc_row][vc_column][vc_column_text]En finalitzar cada mes, es realitzaran sortejos de multitud de premis que han aportat comer\u00e7os i institucions del municipi \u2013als quals D\u00edez ha agra\u00eft la seua col\u00b7laboraci\u00f3 per impulsar el transport sostenible\u2013, entre els participants que es troben en cada etapa. A mesura que un participant les supera, tindr\u00e0 majors possibilitats d&#8217;obtindre millors premis. A m\u00e9s, <strong>en finalitzar F\u00f3rmula Bus s&#8217;entregaran tres premis directes, valorats en m\u00e9s de 300 euros cadascun i relacionats amb Elx als passatgers m\u00e9s responsables mediambientalment; \u00e9s a dir, als qui compten amb m\u00e9s punts i viatges<\/strong>, tal com ha assenyalat l&#8217;edil.<\/p>\n<p>Els desafiaments estan dirigits a qualsevol class d&#8217;usuari recurrent. Per exemple, <strong>es podr\u00e0 obtindre punts per viatjar un nombre determinat de vegades al mes, viatjar m\u00e9s vegades que el mes anterior i utilitzar l&#8217;autob\u00fas per viatges d&#8217;oci, entre d\u2019altres<\/strong>. Els participants podran consultar en la p\u00e0gina web quins desafiaments han superat en el mes en curs, els punts obtinguts, els premis als quals opten en el seg\u00fcent sorteig mensual i el r\u00e0nquing de participants m\u00e9s sostenibles d&#8217;Elx, entre altres funcionalitats.[\/vc_column_text][\/vc_column][\/vc_row][vc_row el_id=&#8221;DESTACADO_NOTICIA&#8221;][vc_column][vc_column_text el_class=&#8221;cuadronoticia&#8221;]<\/p>\n<h5>A partir del 24 d&#8217;octubre, els interessats podran registrar-se en la web <a href=\"http:\/\/www.formulabus.avanzagrupo.com\">www.formulabus.avanzagrupo.com <\/a>i comen\u00e7ar a jugar durant sis mesos des del pr\u00f2xim 1 de novembre<\/h5>\n<p>[\/vc_column_text][\/vc_column][\/vc_row][vc_row el_id=&#8221;TEXTO_FIN_NOTICIA&#8221;][vc_column][vc_column_text]F\u00f3rmula Bus ser\u00e0 una eina clau en la transformaci\u00f3 de la imatge del transport p\u00fablic d&#8217;Elx, cap a una altra m\u00e9s digital, atractiva i innovadora, i contribuir\u00e0 a aconseguir que l&#8217;autob\u00fas es convertisca en un eix vertebrador essencial que permeta <strong>aconseguir els objectius de reducci\u00f3 d&#8217;emissions contaminants del tr\u00e0nsit rodat de la ciutat en l&#8217;horitz\u00f3 2030<\/strong>.<\/p>\n<h5>Digitalitzaci\u00f3 i nova l\u00ednia M<\/h5>\n<p>Esther D\u00edez, que ha agra\u00eft a Grup Avan\u00e7a el desenvolupament d&#8217;aquesta eina, ha recordat que F\u00f3rmula Bus se suma a les iniciatives empreses per la Regidoria per a promoure \u201cel transport m\u00e9s democr\u00e0tic\u201d \u2013que a Elx mou 12 milions de passatgers a l&#8217;any\u2013, com la <strong>introducci\u00f3 de nous autobusos, de parades m\u00e9s accessibles, del descompte del 30% en els bons i de noves l\u00ednies<\/strong>. En aquest sentit, ha avan\u00e7at que la l\u00ednia M entrar\u00e0 en servei en 2023.<\/p>\n<p>Tamb\u00e9 per al primer semestre de l&#8217;any 2024, tal com ha assenyalat Andreu, <strong>s&#8217;espera la implantaci\u00f3 del canvi de sistema de <em>ticketing<\/em><\/strong>, el pagament amb targeta als vehicles i altres mesures encaminades a la digitalitzaci\u00f3 del sistema de transport p\u00fablic il\u00b7licit\u00e0, com ara el joc de F\u00f3rmula Bus que est\u00e0 incl\u00f2s en aquesta estrat\u00e8gia.<\/p>\n<hr \/>\n<p>&nbsp;<\/p>\n<p>[\/vc_column_text][\/vc_column][\/vc_row][vc_row][vc_column width=&#8221;1\/2&#8243;]<audio class=\"sc_audio\" src=\"https:\/\/soundcloud.com\/ayuntamiento-de-elche\/la-concejalia-de-movilidad-presenta-un-proyecto-de-gamificacion-en-el-transporte-publico?si=b17275dc83634f57b1c3d4bb6885727e&#038;utm_source=clipboard&#038;utm_medium=text&#038;utm_campaign=social_sharing\" width=\"\" height=\"\"><\/audio>[\/vc_column][vc_column width=&#8221;1\/2&#8243;]<audio class=\"sc_audio\" src=\"https:\/\/soundcloud.com\/ayuntamiento-de-elche\/ausesa-presenta-un-proyecto-de-gamificacion-en-el-transporte-publico?si=cb5085ff99234cdcbce52d5674fb55d2&#038;utm_source=clipboard&#038;utm_medium=text&#038;utm_campaign=social_sharing\" width=\"\" height=\"\"><\/audio>[\/vc_column][\/vc_row]<\/p>\n<\/div>","protected":false},"excerpt":{"rendered":"<p>[vc_row el_id=&#8221;SUBTITULAR_NOTICIA&#8221;][vc_column][vc_column_text] L&#8217;edil de l&#8217;\u00e0rea, Esther D\u00edez, i el gerent d&#8217;AUESA, \u00c1ngel Luis Andreu, presenten un projecte de ludificaci\u00f3 amb el qual els usuaris podran guanyar premis alhora que, des [&hellip;]<\/p>\n","protected":false},"author":131,"featured_media":217818,"comment_status":"closed","ping_status":"closed","sticky":false,"template":"","format":"standard","meta":{"footnotes":""},"categories":[391,217,1312],"tags":[],"class_list":["post-217890","post","type-post","status-publish","format-standard","has-post-thumbnail","hentry","category-home-va","category-mobilitat","category-noticias-va"],"_links":{"self":[{"href":"https:\/\/www.elche.es\/va\/wp-json\/wp\/v2\/posts\/217890","targetHints":{"allow":["GET"]}}],"collection":[{"href":"https:\/\/www.elche.es\/va\/wp-json\/wp\/v2\/posts"}],"about":[{"href":"https:\/\/www.elche.es\/va\/wp-json\/wp\/v2\/types\/post"}],"author":[{"embeddable":true,"href":"https:\/\/www.elche.es\/va\/wp-json\/wp\/v2\/users\/131"}],"replies":[{"embeddable":true,"href":"https:\/\/www.elche.es\/va\/wp-json\/wp\/v2\/comments?post=217890"}],"version-history":[{"count":0,"href":"https:\/\/www.elche.es\/va\/wp-json\/wp\/v2\/posts\/217890\/revisions"}],"wp:featuredmedia":[{"embeddable":true,"href":"https:\/\/www.elche.es\/va\/wp-json\/wp\/v2\/media\/217818"}],"wp:attachment":[{"href":"https:\/\/www.elche.es\/va\/wp-json\/wp\/v2\/media?parent=217890"}],"wp:term":[{"taxonomy":"category","embeddable":true,"href":"https:\/\/www.elche.es\/va\/wp-json\/wp\/v2\/categories?post=217890"},{"taxonomy":"post_tag","embeddable":true,"href":"https:\/\/www.elche.es\/va\/wp-json\/wp\/v2\/tags?post=217890"}],"curies":[{"name":"wp","href":"https:\/\/api.w.org\/{rel}","templated":true}]}}