{"id":218864,"date":"2022-10-25T10:25:55","date_gmt":"2022-10-25T09:25:55","guid":{"rendered":"https:\/\/www.elche.es\/2022\/10\/la-policia-local-dete-un-home-per-forcar-el-caixeti-duna-maquina-expenedora-al-centre\/"},"modified":"2022-10-25T10:25:55","modified_gmt":"2022-10-25T09:25:55","slug":"la-policia-local-dete-un-home-per-forcar-el-caixeti-duna-maquina-expenedora-al-centre","status":"publish","type":"post","link":"https:\/\/www.elche.es\/va\/2022\/10\/la-policia-local-dete-un-home-per-forcar-el-caixeti-duna-maquina-expenedora-al-centre\/","title":{"rendered":"La Policia Local det\u00e9 un home per for\u00e7ar el caixet\u00ed d&#8217;una m\u00e0quina expenedora al centre"},"content":{"rendered":"<div class=\"wpb-content-wrapper\"><p>[vc_row el_id=&#8221;SUBTITULAR_NOTICIA&#8221;][vc_column][vc_column_text]<\/p>\n<hr \/>\n<h4>El presumpte autor va emprendre la fugida quan va ser sorpr\u00e9s pels agents eixint de l&#8217;establiment en el qual presumptament havia usat la reixa d&#8217;un embornal per a fer-se amb la recaptaci\u00f3<\/h4>\n<hr \/>\n<p>[\/vc_column_text][\/vc_column][\/vc_row][vc_row el_id=&#8221;TEXTO_NOTICIA&#8221;][vc_column][vc_column_text]<strong>La Policia Local va detindre en la mitjanit del passat dimecres un home de 20 anys per for\u00e7ar el caixet\u00ed d&#8217;una m\u00e0quina expenedora al carrer Capit\u00e0 Lagier<\/strong>, al centre de la ciutat. Una patrulla del cos de seguretat municipal es va despla\u00e7ar fins al lloc alertada per la Sala d&#8217;Operacions (092), que va rebre una telefonada d&#8217;un ve\u00ed que va escoltar forts colps al carrer.<\/p>\n<p>Quan els agents van arribar van observar que una persona eixia d\u2019un establiment a l&#8217;interior del qual se situen m\u00e0quines de venda autom\u00e0tica, el van aturar i aquest va fugir de manera immediata. Despr\u00e9s de la persecuci\u00f3 amb diverses patrulles, finalment <strong>es va aconseguir localitzar al presumpte autor, ocult entre la vegetaci\u00f3 d&#8217;un hort i intentant, novament, donar-se a la fugida sense \u00e8xit<\/strong>. L&#8217;implicat, que tenia ferides sagnants als artells, va rebutjar l&#8217;assist\u00e8ncia sanit\u00e0ria despr\u00e9s de ser traslladat a un centre sanitari.<\/p>\n<p>Els policies van comprovar com una de les m\u00e0quines expenedores danyada tenia el seu cristall trencat \u2013suposadament amb la reixa d&#8217;un embornal\u2013 i el seu caixet\u00ed for\u00e7at. Per aix\u00f2, <strong>l&#8217;home va ser arrestat<\/strong> i va dir als agents que continuaria delinquint, per la qual cosa s&#8217;est\u00e0 investigant la seua possible relaci\u00f3 amb altres robatoris similars ocorreguts en els \u00faltims dies.<\/p>\n<hr \/>\n<p>&nbsp;<\/p>\n<p>[\/vc_column_text][\/vc_column][\/vc_row]<\/p>\n<\/div>","protected":false},"excerpt":{"rendered":"<p>[vc_row el_id=&#8221;SUBTITULAR_NOTICIA&#8221;][vc_column][vc_column_text] El presumpte autor va emprendre la fugida quan va ser sorpr\u00e9s pels agents eixint de l&#8217;establiment en el qual presumptament havia usat la reixa d&#8217;un embornal per a [&hellip;]<\/p>\n","protected":false},"author":131,"featured_media":218861,"comment_status":"closed","ping_status":"closed","sticky":false,"template":"","format":"standard","meta":{"footnotes":""},"categories":[2864,238],"tags":[],"class_list":["post-218864","post","type-post","status-publish","format-standard","has-post-thumbnail","hentry","category-breus","category-policia-local-va"],"_links":{"self":[{"href":"https:\/\/www.elche.es\/va\/wp-json\/wp\/v2\/posts\/218864","targetHints":{"allow":["GET"]}}],"collection":[{"href":"https:\/\/www.elche.es\/va\/wp-json\/wp\/v2\/posts"}],"about":[{"href":"https:\/\/www.elche.es\/va\/wp-json\/wp\/v2\/types\/post"}],"author":[{"embeddable":true,"href":"https:\/\/www.elche.es\/va\/wp-json\/wp\/v2\/users\/131"}],"replies":[{"embeddable":true,"href":"https:\/\/www.elche.es\/va\/wp-json\/wp\/v2\/comments?post=218864"}],"version-history":[{"count":0,"href":"https:\/\/www.elche.es\/va\/wp-json\/wp\/v2\/posts\/218864\/revisions"}],"wp:featuredmedia":[{"embeddable":true,"href":"https:\/\/www.elche.es\/va\/wp-json\/wp\/v2\/media\/218861"}],"wp:attachment":[{"href":"https:\/\/www.elche.es\/va\/wp-json\/wp\/v2\/media?parent=218864"}],"wp:term":[{"taxonomy":"category","embeddable":true,"href":"https:\/\/www.elche.es\/va\/wp-json\/wp\/v2\/categories?post=218864"},{"taxonomy":"post_tag","embeddable":true,"href":"https:\/\/www.elche.es\/va\/wp-json\/wp\/v2\/tags?post=218864"}],"curies":[{"name":"wp","href":"https:\/\/api.w.org\/{rel}","templated":true}]}}