{"id":220009,"date":"2022-10-31T17:37:04","date_gmt":"2022-10-31T16:37:04","guid":{"rendered":"https:\/\/www.elche.es\/2022\/11\/lajuntament-delx-assumeix-les-competencies-per-a-la-construccio-del-nou-conservatori-de-musica\/"},"modified":"2022-11-02T10:05:54","modified_gmt":"2022-11-02T09:05:54","slug":"lajuntament-delx-assumeix-les-competencies-per-a-la-construccio-del-nou-conservatori-de-musica","status":"publish","type":"post","link":"https:\/\/www.elche.es\/va\/2022\/10\/lajuntament-delx-assumeix-les-competencies-per-a-la-construccio-del-nou-conservatori-de-musica\/","title":{"rendered":"L&#8217;Ajuntament d&#8217;Elx assumeix les compet\u00e8ncies per a la construcci\u00f3 del nou Conservatori de M\u00fasica"},"content":{"rendered":"<div class=\"wpb-content-wrapper\"><p>[vc_row el_id=&#8221;SUBTITULAR_NOTICIA&#8221;][vc_column][vc_column_text]<\/p>\n<hr \/>\n<h4>El Ple ordinari d&#8217;octubre acorda prorrogar per quart any consecutiu l&#8217;exempci\u00f3 de la taxa de taules i cadires del sector hostaler i ambulant fins a finals de 2023<\/h4>\n<hr \/>\n<p>[\/vc_column_text][\/vc_column][\/vc_row][vc_row el_id=&#8221;TEXTO_NOTICIA&#8221;][vc_column][vc_column_text]L&#8217;Ajuntament d&#8217;Elx assumeix les compet\u00e8ncies cedides per la Generalitat per a la construcci\u00f3 del nou Conservatori de M\u00fasica. <strong>La inversi\u00f3 ronda els 9,6 milions d&#8217;euros i inclou, entre altres accions, la construcci\u00f3 de l&#8217;edifici, l&#8217;assist\u00e8ncia t\u00e8cnica i la direcci\u00f3 d&#8217;obra<\/strong>. Tal com ha recordat la regidora d&#8217;Educaci\u00f3, Mar\u00eda Jos\u00e9 Mart\u00ednez, el mes de juliol passat el president de la Generalitat, Ximo Puig, anunciava a Elx el comprom\u00eds de dur a terme la important inversi\u00f3 econ\u00f2mica que suposa la construcci\u00f3 del nou conservatori a trav\u00e9s del Pla Edificant. Despr\u00e9s d&#8217;aquest anunci, l&#8217;Ajuntament va presentar la seua sol\u00b7licitud telem\u00e0tica corresponent d&#8217;adhesi\u00f3 a aquest.<\/p>\n<p>En aquest sentit, la regidora ha destacat les diferents accions que han sol\u00b7licitat adherir al pla com, per exemple, el projecte de construcci\u00f3 de gimn\u00e0s del CEIP Blasco Iba\u00f1ez, <strong>l&#8217;aulari infantil per al col\u00b7legi que eixir\u00e0 de la unificaci\u00f3 del CEIP Ausi\u00e0s March i el CEIP Casablanca<\/strong>, el projecte de construcci\u00f3 de la cuina del CEIP L&#8217;Alc\u00fadia, aix\u00ed com els treballs d&#8217;adequaci\u00f3 i ampliaci\u00f3 del CEIP Verge de l&#8217;Assumpci\u00f3.<\/p>\n<p>L&#8217;edil ha posat de manifest que <strong>el Pla Edificant, en la primera fase, s&#8217;ha convertit en una garantia de millora de les infraestructures educatives<\/strong> i ha perm\u00e9s finalitzar obres com ara l&#8217;institut Vicente Verd\u00fa, els aularis de la Galia, la Vallverda, els Garroferes o l&#8217;ampliaci\u00f3 de l&#8217;IES Montserrat Roig i altres que estan en marxa.<\/p>\n<h5>Suspensi\u00f3 taxa de taules i cadires<\/h5>\n<p>A m\u00e9s, per quart any consecutiu s&#8217;ha aprovat per unanimitat <strong>suspendre fins el 31 de desembre de 2023 les taxes per ocupaci\u00f3 de la via p\u00fablica tant per al sector hostaler com per al de venda ambulant.<\/strong> La regidora de Gesti\u00f3 Tribut\u00e0ria i Financera, Patricia Maci\u00e0 ha recordat que es tracta d&#8217;una mesura que t\u00e9 com a finalitat beneficiar el sector de l&#8217;hostaleria i la restauraci\u00f3 i mercats ambulants davant una situaci\u00f3 de crisi sanit\u00e0ria i la inflaci\u00f3 de preus pels costos energ\u00e8tics.<\/p>\n<p>En concret, s&#8217;ha aprovat modificar l&#8217;ordenan\u00e7a fiscal reguladora de la taxa per <strong>utilitzacions privatives o aprofitaments especials derivats de l&#8217;ocupaci\u00f3 de la via p\u00fablica o terrenys d&#8217;\u00fas p\u00fablic amb parades, barraques, casetes de venda, espectacles o atraccions<\/strong>, ind\u00fastries de carrer i ambulants i rodatge cinematogr\u00e0fic de cara a l&#8217;any 2023.<\/p>\n<p>A m\u00e9s, tamb\u00e9 s&#8217;ha acordat la modificaci\u00f3 de l&#8217;ordenan\u00e7a fiscal reguladora de la taxa per utilitzacions privatives o aprofitaments especials constitu\u00efts per l&#8217;ocupaci\u00f3 de terrenys d&#8217;<strong>\u00fas p\u00fablic per taules i cadires amb finalitat lucrativa, tamb\u00e9 per a l&#8217;any vinent<\/strong>.[\/vc_column_text][\/vc_column][\/vc_row][vc_row el_id=&#8221;DESTACADO_NOTICIA&#8221;][vc_column][vc_column_text el_class=&#8221;cuadronoticia&#8221;]<\/p>\n<h5>La sessi\u00f3 plen\u00e0ria tamb\u00e9 aprova la posada en marxa del tercer Pla d&#8217;Igualtat i la modificaci\u00f3 del Pla General i del Pla Especial de Protecci\u00f3 d&#8217;Edificis per a incloure els \u00e0mbits del Recinte Hist\u00f2ric i del Raval-Salvador<\/h5>\n<p>[\/vc_column_text][\/vc_column][\/vc_row][vc_row el_id=&#8221;TEXTO_FIN_NOTICIA&#8221;][vc_column][vc_column_text]<strong>L&#8217;Ajuntament ha deixat d&#8217;ingressar prop de 3,5 milions d&#8217;euros buscant el benefici econ\u00f2mic en els sectors afectats<\/strong>. La regidora ha destacat que \u201caquest govern municipal ha sigut sensible i emp\u00e0tic amb les necessitats del sector al llarg de la legislatura igual que ho ha sigut amb la poblaci\u00f3 m\u00e9s vulnerable amb un gran paquet d&#8217;ajudes socials dirigides al pagament de l&#8217;IBI, al subministrament el\u00e8ctric, als bons comercials o de compra d&#8217;electrodom\u00e8stics eficients\u201d.<\/p>\n<p>\u201cLa suspensi\u00f3 d&#8217;ambdues taxes se suma a les mesures de suport al sector hostaler i ambulant per a mostrar el nostre <strong>comprom\u00eds amb la societat il\u00b7licitana davant les dificultats<\/strong> que esdevenen en els \u00faltims temps\u201d, ha afegit Maci\u00e0.<\/p>\n<h5>Modificaci\u00f3 pressupost\u00e0ria<\/h5>\n<p>El Ple tamb\u00e9 ha aprovat la modificaci\u00f3 n. 25 del Pressupost de 2022 per suplements de cr\u00e8dits per un import total d&#8217;un mili\u00f3. La regidora de Gesti\u00f3 Tribut\u00e0ria i Financera ha assenyalat que en concret s\u00f3n <strong>tres partides per a fer front als increments del cost de la llum<\/strong>. Una destinada al subministrament d&#8217;energia el\u00e8ctrica de l&#8217;enllumenat p\u00fablic per 240.000 euros, una altra al subministrament d&#8217;energia el\u00e8ctrica d&#8217;edificis municipals per 740.000 euros i una altra al subministrament d&#8217;actes eventuals d&#8217;energia el\u00e8ctrica per 56.000 euros. \u201cAquests increments es realitzen de manera obligat\u00f2ria despr\u00e9s de l&#8217;adhesi\u00f3 de l&#8217;Ajuntament a l&#8217;acord de subministrament d&#8217;energia el\u00e8ctrica de l&#8217;Ajuntament d&#8217;Alacant que es va adjudicar recentment i els valors del qual s&#8217;han replicat a conseq\u00fc\u00e8ncia de la crisi\u201d, segons ha explicat Maci\u00e0.<\/p>\n<p>A m\u00e9s, s&#8217;ha aprovat incorporar una nova partida del pressupost denominada \u2018Ajudes de millora de l&#8217;efici\u00e8ncia energ\u00e8tica per a professionals\u2019 per <strong>import de 200.000 euros amb la finalitat que puguen adquirir equipament que contribu\u00efsca a rebaixar la seua factura<\/strong> de la llum.<\/p>\n<h5>Pla d&#8217;Igualtat<\/h5>\n<p>En la sessi\u00f3 plen\u00e0ria tamb\u00e9 s&#8217;ha parlat del <strong>tercer Pla d&#8217;Igualtat<\/strong>. Segons ha explicat el regidor de Recursos Humans, Ram\u00f3n Abad, aquest pla naix a conseq\u00fc\u00e8ncia del ferm <strong>comprom\u00eds amb la igualtat real i efectiva entre dones i homes<\/strong> que l&#8217;Ajuntament adoptar\u00e0 mesures dirigides a evitar qualsevol mena de discriminaci\u00f3 entre dones i homes.<\/p>\n<p>\u201cEns proposem continuar impulsant accions per a aquesta finalitat en tots i cadascun dels \u00e0mbits en els quals es desenvolupa la seua activitat des de la selecci\u00f3 a la formaci\u00f3 del personal, passant per la pol\u00edtica salarial, les condicions de treball, l&#8217;ocupaci\u00f3, la conciliaci\u00f3 i la corresponsabilitat\u201d, ha destacat l&#8217;edil. Aquest pla \u00e9s el vint-i-cinqu\u00e9 acord de la Mesa de Di\u00e0leg Social que l&#8217;Equip de Govern i les organitzacions sindicals han aconseguit al llarg d&#8217;aquest mandat, t\u00e9 una <strong>vig\u00e8ncia de quatre anys des de l&#8217;aprovaci\u00f3 per la Junta de Govern Local i consta de 63 accions a desenvolupar segons el programa estipulat<\/strong>.<\/p>\n<h5>Modificaci\u00f3 Pla General i Pla Especial Protecci\u00f3 Edificis<\/h5>\n<p>El Ple tamb\u00e9 ha aprovat la<strong> modificaci\u00f3 puntual estructural del Pla General i del Pla Especial de Protecci\u00f3 d&#8217;Edificis i Conjunts del terme municipal d&#8217;Elx<\/strong> per a incloure els \u00e0mbits del Recinte Hist\u00f2ric i del Raval-Salvador com a \u00c0rees de Vigil\u00e0ncia Arqueol\u00f2gica en el Cat\u00e0leg de Proteccions.<\/p>\n<p>La regidora d&#8217;Urbanisme, Ana Arabid, ha destacat que es tracta d&#8217;una modificaci\u00f3 absolutament necess\u00e0ria perqu\u00e8 <strong>donar\u00e0 seguretat jur\u00eddica a qualsevol persona que pretenga realitzar qualsevol mena d&#8217;actuaci\u00f3, at\u00e9s que es delimiten amb total precisi\u00f3 ambdues zones<\/strong>. L&#8217;objectiu \u00e9s assegurar una bona tutela patrimonial i realitzar estudis arqueol\u00f2gics previs abans de dur a terme les obres.<\/p>\n<hr \/>\n<p>[\/vc_column_text][\/vc_column][\/vc_row][vc_row][vc_column width=&#8221;1\/6&#8243;][\/vc_column][vc_column width=&#8221;2\/3&#8243;]<audio class=\"sc_audio\" src=\"\" width=\"\" height=\"\"><\/audio>[\/vc_column][vc_column width=&#8221;1\/6&#8243;][\/vc_column][\/vc_row]<\/p>\n<\/div>","protected":false},"excerpt":{"rendered":"<p>[vc_row el_id=&#8221;SUBTITULAR_NOTICIA&#8221;][vc_column][vc_column_text] El Ple ordinari d&#8217;octubre acorda prorrogar per quart any consecutiu l&#8217;exempci\u00f3 de la taxa de taules i cadires del sector hostaler i ambulant fins a finals de 2023 [&hellip;]<\/p>\n","protected":false},"author":131,"featured_media":219979,"comment_status":"closed","ping_status":"closed","sticky":false,"template":"","format":"standard","meta":{"footnotes":""},"categories":[391,1312,2776],"tags":[],"class_list":["post-220009","post","type-post","status-publish","format-standard","has-post-thumbnail","hentry","category-home-va","category-noticias-va","category-ple"],"_links":{"self":[{"href":"https:\/\/www.elche.es\/va\/wp-json\/wp\/v2\/posts\/220009","targetHints":{"allow":["GET"]}}],"collection":[{"href":"https:\/\/www.elche.es\/va\/wp-json\/wp\/v2\/posts"}],"about":[{"href":"https:\/\/www.elche.es\/va\/wp-json\/wp\/v2\/types\/post"}],"author":[{"embeddable":true,"href":"https:\/\/www.elche.es\/va\/wp-json\/wp\/v2\/users\/131"}],"replies":[{"embeddable":true,"href":"https:\/\/www.elche.es\/va\/wp-json\/wp\/v2\/comments?post=220009"}],"version-history":[{"count":0,"href":"https:\/\/www.elche.es\/va\/wp-json\/wp\/v2\/posts\/220009\/revisions"}],"wp:featuredmedia":[{"embeddable":true,"href":"https:\/\/www.elche.es\/va\/wp-json\/wp\/v2\/media\/219979"}],"wp:attachment":[{"href":"https:\/\/www.elche.es\/va\/wp-json\/wp\/v2\/media?parent=220009"}],"wp:term":[{"taxonomy":"category","embeddable":true,"href":"https:\/\/www.elche.es\/va\/wp-json\/wp\/v2\/categories?post=220009"},{"taxonomy":"post_tag","embeddable":true,"href":"https:\/\/www.elche.es\/va\/wp-json\/wp\/v2\/tags?post=220009"}],"curies":[{"name":"wp","href":"https:\/\/api.w.org\/{rel}","templated":true}]}}