{"id":221051,"date":"2022-11-06T11:30:37","date_gmt":"2022-11-06T10:30:37","guid":{"rendered":"https:\/\/www.elche.es\/2022\/11\/lalcalde-reafirma-el-compromis-de-lajuntament-amb-el-treball-de-les-comissions-festeres-i-avala-tots-els-projectes-que-servisquen-per-a-engrandir-les-festes-delx\/"},"modified":"2022-11-07T10:13:48","modified_gmt":"2022-11-07T09:13:48","slug":"lalcalde-reafirma-el-compromis-de-lajuntament-amb-el-treball-de-les-comissions-festeres-i-avala-tots-els-projectes-que-servisquen-per-a-engrandir-les-festes-delx","status":"publish","type":"post","link":"https:\/\/www.elche.es\/va\/2022\/11\/lalcalde-reafirma-el-compromis-de-lajuntament-amb-el-treball-de-les-comissions-festeres-i-avala-tots-els-projectes-que-servisquen-per-a-engrandir-les-festes-delx\/","title":{"rendered":"L&#8217;alcalde reafirma el comprom\u00eds de l&#8217;Ajuntament amb el treball de les comissions festeres i avala \u201ctots els projectes que servisquen per a engrandir les Festes d&#8217;Elx\u201d"},"content":{"rendered":"<div class=\"wpb-content-wrapper\"><p>[vc_row el_id=&#8221;SUBTITULAR_NOTICIA&#8221;][vc_column][vc_column_text]<\/p>\n<hr \/>\n<h4>Carlos Gonz\u00e1lez, l&#8217;edil de l&#8217;\u00e0rea, Mariola Galiana, el president de la Federaci\u00f3 Gestora de Festejos Populars, Fernando Ja\u00e9n, membres de l&#8217;Equip de Govern i de la Corporaci\u00f3 Municipal van assistir a la Gala del Fester, que va congregar m\u00e9s de mig miler de convidats a l&#8217;hotel Hort del Cura<\/h4>\n<hr \/>\n<p>[\/vc_column_text][\/vc_column][\/vc_row][vc_row el_id=&#8221;TEXTO_NOTICIA&#8221;][vc_column][vc_column_text]<strong>L&#8217;alcalde, Carlos Gonz\u00e1lez<\/strong>, va reafirmar el comprom\u00eds municipal amb la <strong>Federaci\u00f3 Gestora de Festejos Populars d&#8217;Elx en la Gala del Fester,<\/strong> celebrada el dissabte 5 de novembre a la nit a l&#8217;hotel Hort del Cura. Davant <strong>m\u00e9s de mig miler de persones<\/strong>, Gonz\u00e1lez va reiterar el suport de l&#8217;Ajuntament i de la Regidoria de Festes al treball dels festers, les comissions, la mateixa Federaci\u00f3 Gestora i \u201ctots els projectes que servisquen per a engrandir les Festes d&#8217;Elx\u201d.<\/p>\n<p>El regidor il\u00b7licit\u00e0, acompanyat de <strong>l&#8217;edil de l&#8217;\u00e0rea, Mariola Galiana, del president de la Federaci\u00f3 Gestora de Festejos Populars, Fernando Ja\u00e9n<\/strong>, de membres de l&#8217;Equip de Govern i de la Corporaci\u00f3 Municipal, va assenyalar que, des del Govern local, es continuaran sumant esfor\u00e7os amb les entitats festeres i treballant \u201camb serietat i determinaci\u00f3\u201d donada la import\u00e0ncia de les celebracions per als il\u00b7licitans i les il\u00b7licitanes i la conviv\u00e8ncia a la ciutat, cosa que va quedar patent amb la pand\u00e8mia.<\/p>\n<p>De fet, Gonz\u00e1lez va manifestar que <strong>les festes no sols s\u00f3n clau des del punt de vista econ\u00f2mic, tur\u00edstic, identitari, cultural i social, sin\u00f3 que signifiquen \u201calegria, retrobaments, estr\u00e9nyer lla\u00e7os, afectes i emocions<\/strong>\u201d. I que les passades Festes d&#8217;Agost van ser \u201cuna quinzena m\u00e0gica\u201d de \u201crecuperaci\u00f3 econ\u00f2mica i emocional\u201d que, per a molts, va indicar, es recordaran com \u201cles millors en d\u00e8cades, extraordin\u00e0ries i en les quals Elx es va bolcar\u201d.[\/vc_column_text][\/vc_column][\/vc_row][vc_row el_id=&#8221;DESTACADO_NOTICIA&#8221;][vc_column][vc_gallery type=&#8221;flexslider_slide&#8221; interval=&#8221;5&#8243; images=&#8221;220925,220929,220961,220951,220933,220949,220947,220945,220943,220941,220939,220937,220935,220931,220927,220957,220953,220955&#8243; img_size=&#8221;full&#8221; el_class=&#8221;galerianoticia&#8221;][\/vc_column][\/vc_row][vc_row][vc_column][vc_column_text]Per aix\u00f2, l&#8217;alcalde va reiterar la seua gratitud a la gran contribuci\u00f3 dels homes i les dones que les fan possible: <strong>\u201cEl vostre paper \u00e9s realment essencial perqu\u00e8 tots puguem gaudir-les\u201d<\/strong>. \u201cHem sigut conscients que escoltar-vos, donar-vos suport i augmentar els recursos destinats a les festes no sols serveix perqu\u00e8 cada any isquen una mica millor, sin\u00f3 perqu\u00e8 la ciutadania gaudisca m\u00e9s, conseq\u00fc\u00e8ncia de la vostra labor i de la nostra suma d&#8217;esfor\u00e7os\u201d, va agregar Gonz\u00e1lez.<\/p>\n<p>Pr\u00e8viament a les paraules de Gonz\u00e1lez, <strong>la reina major i infantil, Alba Berenguer i Julia Moreno; i les dames majors i infantils, Irene Bot\u00edas i Clara Sanz, i Noelia Jim\u00e9nez i Carmen Tortosa<\/strong>, a m\u00e9s de les reines i dames de les 19 comissions festeres de la Federaci\u00f3 Gestora, van desfilar i van saludar els convidats. A m\u00e9s, es van entregar nou plaques com a homenatge a signatures i organitzacions que col\u00b7laboren amb l&#8217;entitat i la Regidoria de Festes una d&#8217;aquestes, el reconeixement de la qual va ser arreplegat per Galiana.<\/p>\n<p>La <strong>distinci\u00f3 \u2018Nit de l\u2019Alb\u00e0\u2019 va recaure en TeleElx<\/strong> per una traject\u00f2ria informativa de proximitat que va arrancar al mar\u00e7 de 1987. Igualment, <strong>el comissari del Cos Nacional de Policia a Elx, Pedro Montore<\/strong>, va entregar a la <strong>dama Clara Sanz<\/strong> una m\u00e8topa, com ja va fer amb la reina major i amb la <strong>dama Irene Bot\u00edas<\/strong> en l&#8217;efem\u00e8ride dels \u00c0ngels Custodis, que va tindre lloc a la pla\u00e7a del Congr\u00e9s Eucar\u00edstic el passat 2 d&#8217;octubre i a la qual Sanz no va poder acudir per q\u00fcestions laborals.[\/vc_column_text][\/vc_column][\/vc_row][vc_row][vc_column][vc_column_text el_class=&#8221;cuadronoticia&#8221;]<\/p>\n<h5>El regidor va cridar a continuar \u201csumant esfor\u00e7os\u201d donada la import\u00e0ncia de les festes il\u00b7licitanes per a la din\u00e0mica de la ciutat, en un acte en el qual es van entregar plaques com a homenatge a firmes i organitzacions que col\u00b7laboren estretament amb la Federaci\u00f3 Gestora i la Regidoria de Festes \u00e9s una de les reconegudes<\/h5>\n<p>[\/vc_column_text][\/vc_column][\/vc_row][vc_row el_id=&#8221;TEXTO_FIN_NOTICIA&#8221;][vc_column][vc_column_text]\u201cHui \u00e9s una nit de reconeixement i d&#8217;agra\u00efment\u201d, va expressar Ja\u00e9n, que va indicar que <strong>l&#8217;objectiu de la Federaci\u00f3 Gestora \u00e9s fer unes festes \u201corientades a tot el poble\u201d<\/strong>; uns actes que no serien possibles sense el treball dels festers. \u201cAquest 2022 ha sigut at\u00edpic, ja que se&#8217;ns va demanar un esfor\u00e7 perqu\u00e8 feia dos anys que no realitz\u00e0vem festes; hem estat al peu del can\u00f3 per a poder oferir el millor que tenim als il\u00b7licitans i visitants\u201d, va declarar.<\/p>\n<p>Aix\u00ed mateix, va agrair el suport d&#8217;empreses, dels mitjans de comunicaci\u00f3, dels progenitors de les reines i dames i del suport \u201cincondicional\u201d de la Policia Local i Nacional. Tamb\u00e9 va verbalitzar la seua gratitud, igual que a la Regidoria de Festes, a altres departaments del Consistori que treballen \u201cbra\u00e7 a bra\u00e7\u201d amb la Federaci\u00f3 Gestora: \u201cMuntatges, electricistes, jardineria, fontaneria\u2026\u201d.<\/p>\n<p><strong>\u201cLa nostra suma d&#8217;esfor\u00e7os dona bons resultats a tots: als festers i a les festes, per\u00f2, sobretot, a Elx\u201d<\/strong>, va concloure Gonz\u00e1lez, que va emfatitzar que, per aix\u00f2, \u201cens trobareu a la Regidora, al Govern municipal i a mi com a alcalde, com hem fet al llarg d&#8217;aquests anys\u201d. La Federaci\u00f3 Gestora de Festejos Populars va ser fundada en 1978 per a coordinar les diferents comissions del nucli urb\u00e0 i destacar la figura de la reines i dames de la Festes d&#8217;Elx. Tal com va recordar Ja\u00e9n, 2023 ser\u00e0 molt especial, ja que l&#8217;entitat que encap\u00e7ala compleix 45 anys d&#8217;exist\u00e8ncia.<\/p>\n<hr \/>\n<p>[\/vc_column_text][\/vc_column][\/vc_row][vc_row][vc_column width=&#8221;1\/6&#8243;][\/vc_column][vc_column width=&#8221;2\/3&#8243;]<audio class=\"sc_audio\" src=\"https:\/\/soundcloud.com\/ayuntamiento-de-elche\/el-alcalde-reafirma-el?si=985eeb50abd34aa58d194c210e9d1d32&#038;utm_source=clipboard&#038;utm_medium=text&#038;utm_campaign=social_sharing\" width=\"\" height=\"\"><\/audio>[\/vc_column][vc_column width=&#8221;1\/6&#8243;][\/vc_column][\/vc_row]<\/p>\n<\/div>","protected":false},"excerpt":{"rendered":"<p>[vc_row el_id=&#8221;SUBTITULAR_NOTICIA&#8221;][vc_column][vc_column_text] Carlos Gonz\u00e1lez, l&#8217;edil de l&#8217;\u00e0rea, Mariola Galiana, el president de la Federaci\u00f3 Gestora de Festejos Populars, Fernando Ja\u00e9n, membres de l&#8217;Equip de Govern i de la Corporaci\u00f3 Municipal [&hellip;]<\/p>\n","protected":false},"author":131,"featured_media":220960,"comment_status":"closed","ping_status":"closed","sticky":false,"template":"","format":"standard","meta":{"footnotes":""},"categories":[191,391,1312],"tags":[],"class_list":["post-221051","post","type-post","status-publish","format-standard","has-post-thumbnail","hentry","category-festes-va","category-home-va","category-noticias-va"],"_links":{"self":[{"href":"https:\/\/www.elche.es\/va\/wp-json\/wp\/v2\/posts\/221051","targetHints":{"allow":["GET"]}}],"collection":[{"href":"https:\/\/www.elche.es\/va\/wp-json\/wp\/v2\/posts"}],"about":[{"href":"https:\/\/www.elche.es\/va\/wp-json\/wp\/v2\/types\/post"}],"author":[{"embeddable":true,"href":"https:\/\/www.elche.es\/va\/wp-json\/wp\/v2\/users\/131"}],"replies":[{"embeddable":true,"href":"https:\/\/www.elche.es\/va\/wp-json\/wp\/v2\/comments?post=221051"}],"version-history":[{"count":0,"href":"https:\/\/www.elche.es\/va\/wp-json\/wp\/v2\/posts\/221051\/revisions"}],"wp:featuredmedia":[{"embeddable":true,"href":"https:\/\/www.elche.es\/va\/wp-json\/wp\/v2\/media\/220960"}],"wp:attachment":[{"href":"https:\/\/www.elche.es\/va\/wp-json\/wp\/v2\/media?parent=221051"}],"wp:term":[{"taxonomy":"category","embeddable":true,"href":"https:\/\/www.elche.es\/va\/wp-json\/wp\/v2\/categories?post=221051"},{"taxonomy":"post_tag","embeddable":true,"href":"https:\/\/www.elche.es\/va\/wp-json\/wp\/v2\/tags?post=221051"}],"curies":[{"name":"wp","href":"https:\/\/api.w.org\/{rel}","templated":true}]}}