{"id":221112,"date":"2022-11-07T11:25:57","date_gmt":"2022-11-07T10:25:57","guid":{"rendered":"https:\/\/www.elche.es\/2022\/11\/el-salo-de-plens-acull-la-benvinguda-a-un-centenar-de-representants-dunes-40-universitats-brasileres-portugueses-i-espanyoles-per-la-xxi-trobada-de-rectors-del-grup-tordesillas\/"},"modified":"2022-11-07T11:25:57","modified_gmt":"2022-11-07T10:25:57","slug":"el-salo-de-plens-acull-la-benvinguda-a-un-centenar-de-representants-dunes-40-universitats-brasileres-portugueses-i-espanyoles-per-la-xxi-trobada-de-rectors-del-grup-tordesillas","status":"publish","type":"post","link":"https:\/\/www.elche.es\/va\/2022\/11\/el-salo-de-plens-acull-la-benvinguda-a-un-centenar-de-representants-dunes-40-universitats-brasileres-portugueses-i-espanyoles-per-la-xxi-trobada-de-rectors-del-grup-tordesillas\/","title":{"rendered":"El Sal\u00f3 de Plens acull la benvinguda a un centenar de representants d&#8217;unes 40 universitats brasileres, portugueses i espanyoles per la XXI Trobada de Rectors del Grup Tordesillas"},"content":{"rendered":"<div class=\"wpb-content-wrapper\"><p>[vc_row el_id=&#8221;SUBTITULAR_NOTICIA&#8221;][vc_column][vc_column_text]<\/p>\n<hr \/>\n<h4>L&#8217;alcalde, Carlos Gonz\u00e1lez, el rector de la UMH, Juan Jos\u00e9 Ruiz, l&#8217;edil d&#8217;Educaci\u00f3 i Universitats, Mar\u00eda Jos\u00e9 Mart\u00ednez, i el president del Consell Social de la instituci\u00f3 acad\u00e8mica il\u00b7licitana, Joaqu\u00edn P\u00e9rez, reben els participants de l&#8217;esdeveniment que se celebrar\u00e0 a Elx fins al dimarts i en el qual es debatr\u00e0 sobre ci\u00e8ncia oberta<\/h4>\n<hr \/>\n<p>[\/vc_column_text][\/vc_column][\/vc_row][vc_row el_id=&#8221;TEXTO_NOTICIA&#8221;][vc_column][vc_column_text]El Sal\u00f3 de Plens de l&#8217;Ajuntament d&#8217;Elx ha acollit la XXI Trobada de Rectors del Grup Tordesillas, que se celebrar\u00e0 des del 6 fins al dimarts 8 de novembre al Rectorat i al Consell Social del campus d&#8217;Elx de la Universitat Miguel Hern\u00e1ndez (UMH). Durant aquest f\u00f2rum acad\u00e8mic hispanolusit\u00e0, <strong>un centenar de representants d&#8217;unes 40 universitats brasileres, portugueses i espanyoles debatran sobre el concepte de ci\u00e8ncia oberta com a eix fonamental en el tr\u00e0nsit cap a un coneixement accessible, global i democr\u00e0tic<\/strong>. La UMH acull aquesta trobada que coincideix amb la celebraci\u00f3 del seu 25 aniversari.<\/p>\n<p>En concret, l&#8217;alcalde d&#8217;Elx, Carlos Gonz\u00e1lez, el rector de la UMH, Juan Jos\u00e9 Ruiz, la regidora d&#8217;Educaci\u00f3 i Universitats, Mar\u00eda Jos\u00e9 Mart\u00ednez, i el president del Consell Social de la instituci\u00f3 acad\u00e8mica il\u00b7licitana, Joaqu\u00edn P\u00e9rez, <strong>han rebut als participants del Brasil, Portugal i diferents punts d&#8217;Espanya en un acte de benvinguda que s&#8217;ha desenvolupat al Sal\u00f3 de Plens del Consistori il\u00b7licit\u00e0<\/strong>. \u201cEns sentim honrats de tindre&#8217;ls a vost\u00e9s com a convidats d&#8217;excepci\u00f3\u201d, ha manifestat el regidor, que ha subratllat la profunda vinculaci\u00f3 i connexi\u00f3 que t\u00e9 la localitat amb la seua universitat i amb el seu rector.<\/p>\n<p>Gonz\u00e1lez ha continuat <strong>exposant als presents alguns dels atractius d&#8217;Elx, com els seus patrimonis de la humanitat per la Unesco, la Dama, l&#8217;esperit din\u00e0mic, emprenedor i cosmopolita de les seues gents, la seua ind\u00fastria sabatera i la seua universitat p\u00fablica presencial.<\/strong> \u201cNo dubte a afirmar, amb total convicci\u00f3, que \u00e9s el fet m\u00e9s rellevant i amb major impacte econ\u00f2mic i social que ha esdevingut a la ciutat des del segle XXI\u201d, ha assenyalat l&#8217;alcalde en refer\u00e8ncia a la UMH, que, ha afegit, \u00e9s un \u201caliat estrat\u00e8gic\u201d en el \u201cdia a dia i en l&#8217;esdevenir de la ciutat\u201d, per contribuir decisivament \u201cal profund canvi econ\u00f2mic, cultural i social\u201d.<\/p>\n<p>En aquest sentit, abans de desitjar als assistents que gaudisquen de la seua estada a Elx i que aquesta els resulte \u00fatil per als valuosos objectius i prop\u00f2sits<strong> de la trobada, ha incidit en all\u00f2 que significa la universitat per a la societat: \u201cProgr\u00e9s individual i col\u00b7lectiu, modernitzaci\u00f3 i democratitzaci\u00f3\u201d<\/strong>. I ha posat d&#8217;exemple la candidatura il\u00b7licitana per a albergar la seu f\u00edsica de l&#8217;Ag\u00e8ncia Espacial Espanyola, ja que les empreses referents en la ind\u00fastria aeroespacial a l\u2019\u00e0mbit nacional, i fins i tot algunes a l\u2019\u00e0mbit europeu, van sorgir precisament del Parc Cient\u00edfic de la UMH. \u201cUna d&#8217;aquestes ha revolucionat el sector\u201d, ha afegit, i \u201cha convertit Espanya en un dels 14 pa\u00efsos del m\u00f3n amb capacitat de llan\u00e7ament de coets a l&#8217;espai\u201d.[\/vc_column_text][\/vc_column][\/vc_row][vc_row type=&#8221;flexslider_slide&#8221; interval=&#8221;5&#8243; source=&#8221;media_library&#8221; images=&#8221;&#8221; img_size=&#8221;full&#8221; external_img_size=&#8221;&#8221; onclick=&#8221;link_image&#8221; custom_links_target=&#8221;_self&#8221; el_class=&#8221;galerianoticia&#8221; title=&#8221;&#8221; custom_srcs=&#8221;&#8221; custom_links=&#8221;&#8221;][vc_column][vc_gallery type=&#8221;flexslider_slide&#8221; interval=&#8221;5&#8243; images=&#8221;221085,221087,221089,221091,221093,221098,221100,221102,221104,221095&#8243; img_size=&#8221;full&#8221; el_class=&#8221;galerianoticia&#8221;][\/vc_column][\/vc_row][vc_row el_id=&#8221;TEXTO_FIN_NOTICIA&#8221;][vc_column][vc_column_text]Abans que la comitiva marxara cap al pati d&#8217;armes del Palau d&#8217;Altamira, on ha continuat la recepci\u00f3, el rector de la UMH ha assenyalat que el desig d&#8217;aquesta trobada \u00e9s servir \u201cper a <strong>sensibilitzar-nos sobre la ci\u00e8ncia oberta, i que, per fi, gr\u00e0cies a les nostres reflexions, puguem estendre-la a un ambient m\u00e9s general i puga arribar a tota la societat per a benefici mutu<\/strong>\u201d. Aix\u00ed mateix, despr\u00e9s d&#8217;agrair a Gonz\u00e1lez i Mart\u00ednez la col\u00b7laboraci\u00f3 municipal amb l&#8217;esdeveniment, Ruiz ha destacat que les relacions amb l&#8217;Ajuntament \u201cs\u00f3n excel\u00b7lents i continuaran sent-ho\u201d.<\/p>\n<p>El programa acad\u00e8mic arrancar\u00e0 el dilluns 7 de novembre amb una taula inaugural en la qual participaran els rectors de la UMH i de la Universitat de Valladolid, al costat de vicerectors i vicerectores de les universitats de Lisboa (Portugal), Bras\u00edlia i la Federal de Rio de Janeiro (ambdues del Brasil). En aquest acte d&#8217;obertura,<strong> es firmar\u00e0 el conveni amb la Fundaci\u00f3 Carolina per part del Grup Tordesillas i hi haur\u00e0 una confer\u00e8ncia inaugural a c\u00e0rrec de l&#8217;exrector de les universitats d&#8217;Alacant i Men\u00e9ndez Pelayo Salvador Ord\u00f3\u00f1ez<\/strong>, titulada \u2018La instituci\u00f3 universit\u00e0ria, el llarg cam\u00ed entre la transmissi\u00f3 oral i les comunicacions qu\u00e0ntiques de la ci\u00e8ncia oberta\u2019.<\/p>\n<p>Igualment, s&#8217;han organitzat taules redones sobre q\u00fcestions com el concepte de ci\u00e8ncia oberta m\u00e9s enll\u00e0 de <em>l&#8217;Open Access<\/em>, sobre ci\u00e8ncia al servei de la societat (estrat\u00e8gies i marcs reguladors), aix\u00ed com sobre la necessitat de democratitzar el coneixement. A m\u00e9s, aquest f\u00f2rum servir\u00e0 per a <strong>presentar els resultats dels diferents Col\u00b7legis Doctorals Tordesillas<\/strong> que, en el cas del Col\u00b7legi de Salut P\u00fablica i Hist\u00f2ria de la Ci\u00e8ncia de la UMH, ser\u00e0 a c\u00e0rrec dels professors Enrique Perdiguero i Mar\u00eda Pastor. Per part seua, l&#8217;investigador del Consell Superior d&#8217;Investigacions Cient\u00edfiques (CSIC) Antonio Lafuente impartir\u00e0 la confer\u00e8ncia de clausura, titulada \u2018Ci\u00e8ncia oberta: nova hist\u00f2ria, diferents pr\u00e0ctiques i altres ontologies\u2019.<\/p>\n<p><strong>La xarxa acad\u00e8mica que conforma el Grup Tordesillas est\u00e0 formada per un total de 53 universitats brasileres, portugueses i espanyoles<\/strong>. Dins de les activitats que promou es troba la creaci\u00f3 dels col\u00b7legis doctorals compostos per, almenys, una universitat de cada pa\u00eds amb l&#8217;objectiu principal de desenvolupar activitats docents i investigaci\u00f3 d&#8217;excel\u00b7l\u00e8ncia. En aquest context, des de 2017 funciona el Col\u00b7legi Doctoral Tordesillas de Salut P\u00fablica i Hist\u00f2ria de la Ci\u00e8ncia, coordinat per la UMH juntament amb la Universitat de Porto (Portugal) i de S\u00e3o Paulo (el Brasil).<\/p>\n<hr \/>\n<p>&nbsp;<\/p>\n<p>[\/vc_column_text][\/vc_column][\/vc_row][vc_row][vc_column width=&#8221;1\/2&#8243;]<audio class=\"sc_audio\" src=\"https:\/\/soundcloud.com\/ayuntamiento-de-elche\/declaraciones-del-alcalde-carlos-gonzalez-en-el-xxi-encuentro-de-rectores-del-grupo-tordesillas?si=a561f47fea944260a6ffa8796665e1c7&#038;utm_source=clipboard&#038;utm_medium=text&#038;utm_campaign=social_sharing\" width=\"\" height=\"\"><\/audio>[\/vc_column][vc_column width=&#8221;1\/2&#8243;]<audio class=\"sc_audio\" src=\"https:\/\/soundcloud.com\/ayuntamiento-de-elche\/declaraciones-del-rector-de-la-umh-juan-ruiz-en-el-xxi-encuentro-de-rectores-del-grupo-tordesillas?si=290f39a789794c86ab2925c1db95a0b1&#038;utm_source=clipboard&#038;utm_medium=text&#038;utm_campaign=social_sharing\" width=\"\" height=\"\"><\/audio>[\/vc_column][\/vc_row]<\/p>\n<\/div>","protected":false},"excerpt":{"rendered":"<p>[vc_row el_id=&#8221;SUBTITULAR_NOTICIA&#8221;][vc_column][vc_column_text] L&#8217;alcalde, Carlos Gonz\u00e1lez, el rector de la UMH, Juan Jos\u00e9 Ruiz, l&#8217;edil d&#8217;Educaci\u00f3 i Universitats, Mar\u00eda Jos\u00e9 Mart\u00ednez, i el president del Consell Social de la instituci\u00f3 acad\u00e8mica [&hellip;]<\/p>\n","protected":false},"author":131,"featured_media":221107,"comment_status":"closed","ping_status":"closed","sticky":false,"template":"","format":"standard","meta":{"footnotes":""},"categories":[194,391,1312],"tags":[],"class_list":["post-221112","post","type-post","status-publish","format-standard","has-post-thumbnail","hentry","category-educacio-va","category-home-va","category-noticias-va"],"_links":{"self":[{"href":"https:\/\/www.elche.es\/va\/wp-json\/wp\/v2\/posts\/221112","targetHints":{"allow":["GET"]}}],"collection":[{"href":"https:\/\/www.elche.es\/va\/wp-json\/wp\/v2\/posts"}],"about":[{"href":"https:\/\/www.elche.es\/va\/wp-json\/wp\/v2\/types\/post"}],"author":[{"embeddable":true,"href":"https:\/\/www.elche.es\/va\/wp-json\/wp\/v2\/users\/131"}],"replies":[{"embeddable":true,"href":"https:\/\/www.elche.es\/va\/wp-json\/wp\/v2\/comments?post=221112"}],"version-history":[{"count":0,"href":"https:\/\/www.elche.es\/va\/wp-json\/wp\/v2\/posts\/221112\/revisions"}],"wp:featuredmedia":[{"embeddable":true,"href":"https:\/\/www.elche.es\/va\/wp-json\/wp\/v2\/media\/221107"}],"wp:attachment":[{"href":"https:\/\/www.elche.es\/va\/wp-json\/wp\/v2\/media?parent=221112"}],"wp:term":[{"taxonomy":"category","embeddable":true,"href":"https:\/\/www.elche.es\/va\/wp-json\/wp\/v2\/categories?post=221112"},{"taxonomy":"post_tag","embeddable":true,"href":"https:\/\/www.elche.es\/va\/wp-json\/wp\/v2\/tags?post=221112"}],"curies":[{"name":"wp","href":"https:\/\/api.w.org\/{rel}","templated":true}]}}