{"id":221388,"date":"2022-11-07T16:22:32","date_gmt":"2022-11-07T15:22:32","guid":{"rendered":"https:\/\/www.elche.es\/2022\/11\/elx-reforca-la-seua-promocio-turistica-a-la-fira-world-travel-market-de-londres\/"},"modified":"2022-11-07T16:22:32","modified_gmt":"2022-11-07T15:22:32","slug":"elx-reforca-la-seua-promocio-turistica-a-la-fira-world-travel-market-de-londres","status":"publish","type":"post","link":"https:\/\/www.elche.es\/va\/2022\/11\/elx-reforca-la-seua-promocio-turistica-a-la-fira-world-travel-market-de-londres\/","title":{"rendered":"Elx refor\u00e7a la seua promoci\u00f3 tur\u00edstica a la fira World Travel Market de Londres"},"content":{"rendered":"<div class=\"wpb-content-wrapper\"><p>[vc_row el_id=&#8221;SUBTITULAR_NOTICIA&#8221;][vc_column][vc_column_text]<\/p>\n<hr>\n<h4>El Patronat de Turisme de la Costa Blanca presenta els tres patrimonis mundials que atresora la ciutat amb l&#8217;objectiu de refor\u00e7ar el posicionament del municipi com a referent del segment cultural i patrimonial a la Comunitat Valenciana<\/h4>\n<hr>\n<p>[\/vc_column_text][\/vc_column][\/vc_row][vc_row el_id=&#8221;TEXTO_NOTICIA&#8221;][vc_column][vc_column_text]El regidor de Turisme, Carles Molina, i representants de Visitelche <strong>promocionaran\u00a0<\/strong> <strong>fins al 9 de novembre els tres patrimonis de la humanitat del municipi en la capital del Regne Unit<\/strong>, que ha sigut presentat hui pel Patronat de Turisme de la Costa Blanca. Un esdeveniment que ha comptat amb l&#8217;assist\u00e8ncia del secretari auton\u00f2mic de Turisme, Francesc Colomer, el president de la diputaci\u00f3 provincial, Carlos Maz\u00f3n, i professionals del sector tur\u00edstic.<\/p>\n<p>Aquesta acci\u00f3, que forma part del pla operatiu anual de fires que marca Visitelche, t\u00e9 en aquesta edici\u00f3, despr\u00e9s de la pand\u00e8mia i de l&#8217;oficialitat del Brexit, una especial import\u00e0ncia, amb l&#8217;objectiu de <strong>recuperar l&#8217;activitat la tur\u00edstica d&#8217;aquest mercat amb xifres pr\u00f2ximes a les obtingudes en 2019<\/strong>.<\/p>\n<p>En l&#8217;actual edici\u00f3 de 2022, <strong>Turisme Comunitat Valenciana mant\u00e9 la seua assist\u00e8ncia a la fira amb estand propi<\/strong>, situat al pavell\u00f3 3 del centre expositiu londinenc, en el qual Visitelche participa al costat del Patronat de Turisme de la Costa Blanca i altres destins de la prov\u00edncia durant les tres jornades de la fira.[\/vc_column_text][\/vc_column][\/vc_row][vc_row type=&#8221;flexslider_slide&#8221; interval=&#8221;5&#8243; source=&#8221;media_library&#8221; images=&#8221;&#8221; img_size=&#8221;full&#8221; external_img_size=&#8221;&#8221; onclick=&#8221;link_image&#8221; custom_links_target=&#8221;_self&#8221; el_class=&#8221;galerianoticia&#8221; title=&#8221;&#8221; custom_srcs=&#8221;&#8221; custom_links=&#8221;&#8221;][vc_column][vc_gallery type=&#8221;flexslider_slide&#8221; interval=&#8221;5&#8243; images=&#8221;221217,221215&#8243; img_size=&#8221;full&#8221; el_class=&#8221;galerianoticia&#8221;][\/vc_column][\/vc_row][vc_row][vc_column][vc_column_text]<\/p>\n<p>De la mateixa manera que Turisme Comunitat Valenciana est\u00e0 fent grans esfor\u00e7os promocionals amb la posada en marxa de noves campanyes en aquest mercat, el Patronat de Turisme de la Costa Blanca ha realitzat, durant la primera jornada de la fira, una <strong>presentaci\u00f3 dels tres Patrimonis Mundials de la UNESCO que atresora Elx: Misteri d\u2019Elx, el Palmerar i el Museu de Pu\u00e7ol, amb l&#8217;objectiu de refor\u00e7ar el posicionament del municipi<\/strong> com a referent del segment cultural i patrimonial a la Costa Blanca i a la Comunitat Valenciana per a aquest mercat brit\u00e0nic. Un mercat consolidat com el segon mercat internacional per a la ciutat il\u00b7licitana darrere del mercat franc\u00e9s.<\/p>\n<p>A m\u00e9s d&#8217;aquestes presentacions, la visita de Visitelche a la fira, encap\u00e7alada pel regidor de Turisme, Carles Molina, mantindr\u00e0 una agenda de treball amb diferents operadors tur\u00edstics i empreses del sector i <strong>mostrar\u00e0 el conjunt de l&#8217;oferta tur\u00edstica de la ciutat amb especial atenci\u00f3 als segments m\u00e9s atractius per als turistes brit\u00e0nics<\/strong> com ara l&#8217;oferta cultural, el patrimoni mundial UNESCO, l&#8217;oferta gastron\u00f2mica, de compres, espais naturals, platges i turisme de congressos.<\/p>\n<p><br data-mce-bogus=\"1\"><\/p>\n<p>[\/vc_column_text][\/vc_column][\/vc_row][vc_row el_id=&#8221;DESTACADO_NOTICIA&#8221;][vc_column][vc_column_text el_class=&#8221;cuadronoticia&#8221;]<\/p>\n<h5>El regidor de Turisme, Carles Molina, i representants de Visitelche mantindran una agenda de treball amb diferents operadors tur\u00edstics brit\u00e0nics i empreses del sector fins al 9 de novembre<\/h5>\n<p>[\/vc_column_text][\/vc_column][\/vc_row][vc_row el_id=&#8221;TEXTO_FIN_NOTICIA&#8221;][vc_column][vc_column_text]<\/p>\n<p>Segons dades de l&#8217;INE generats a trav\u00e9s de l&#8217;an\u00e0lisi de dades de mobilitat de telefonia m\u00f2bil, <strong>la Comunitat Valenciana va tancar el tercer trimestre de 2022 com la quarta regi\u00f3 espanyola que m\u00e9s turistes internacionals va atraure despr\u00e9s de Balears, Catalunya i Andalusia<\/strong>, amb un total de 3,1 milions de viatgers, quasi la meitat d&#8217;aquests procedents de Fran\u00e7a i del Regne Unit. Encara que a Val\u00e8ncia i Castell\u00f3 predomina la proced\u00e8ncia de turistes francesos, durant els tres mesos d\u2019estiu han sigut els turistes brit\u00e0nics els que han viatjat m\u00e9s a la Costa Blanca.<\/p>\n<p>En el cas concret d&#8217;Elx, ha suposat una mica <strong>m\u00e9s del 27% de les visites internacionals, amb prop de 20.000 turistes<\/strong>.<\/p>\n<p>L&#8217;aeroport d&#8217;Alacant-Elx Miguel Hern\u00e1ndez, que connecta el municipi il\u00b7licit\u00e0 amb 20 destins del Regne Unit, \u00e9s sens dubte, <strong>la porta d&#8217;entrada per als milions de turistes brit\u00e0nics que visiten la nostra Comunitat<\/strong>.<\/p>\n<hr>\n<p><br data-mce-bogus=\"1\"><\/p>\n<p>[\/vc_column_text][\/vc_column][\/vc_row][vc_row][vc_column width=&#8221;1\/6&#8243;][\/vc_column][vc_column width=&#8221;2\/3&#8243;]<\/p>\n<audio class=\"sc_audio\" src=\"https:\/\/soundcloud.com\/ayuntamiento-de-elche\/el-concejal-de-turismo-carles-molina-promocionara-elche-en-la-capital-del-reino-unido?si=ff6963944ed14ea9826f0c7085a6d804&#038;utm_source=clipboard&#038;utm_medium=text&#038;utm_campaign=social_sharing\" width=\"\" height=\"\"><\/audio>\n<p>[\/vc_column][vc_column width=&#8221;1\/6&#8243;][\/vc_column][\/vc_row]<\/p>\n<\/div>","protected":false},"excerpt":{"rendered":"<p>[vc_row el_id=&#8221;SUBTITULAR_NOTICIA&#8221;][vc_column][vc_column_text] El Patronat de Turisme de la Costa Blanca presenta els tres patrimonis mundials que atresora la ciutat amb l&#8217;objectiu de refor\u00e7ar el posicionament del municipi com a referent [&hellip;]<\/p>\n","protected":false},"author":131,"featured_media":221214,"comment_status":"closed","ping_status":"closed","sticky":false,"template":"","format":"standard","meta":{"footnotes":""},"categories":[2864,183,228],"tags":[],"class_list":["post-221388","post","type-post","status-publish","format-standard","has-post-thumbnail","hentry","category-breus","category-pomocio-economica","category-turisme-va"],"_links":{"self":[{"href":"https:\/\/www.elche.es\/va\/wp-json\/wp\/v2\/posts\/221388","targetHints":{"allow":["GET"]}}],"collection":[{"href":"https:\/\/www.elche.es\/va\/wp-json\/wp\/v2\/posts"}],"about":[{"href":"https:\/\/www.elche.es\/va\/wp-json\/wp\/v2\/types\/post"}],"author":[{"embeddable":true,"href":"https:\/\/www.elche.es\/va\/wp-json\/wp\/v2\/users\/131"}],"replies":[{"embeddable":true,"href":"https:\/\/www.elche.es\/va\/wp-json\/wp\/v2\/comments?post=221388"}],"version-history":[{"count":0,"href":"https:\/\/www.elche.es\/va\/wp-json\/wp\/v2\/posts\/221388\/revisions"}],"wp:featuredmedia":[{"embeddable":true,"href":"https:\/\/www.elche.es\/va\/wp-json\/wp\/v2\/media\/221214"}],"wp:attachment":[{"href":"https:\/\/www.elche.es\/va\/wp-json\/wp\/v2\/media?parent=221388"}],"wp:term":[{"taxonomy":"category","embeddable":true,"href":"https:\/\/www.elche.es\/va\/wp-json\/wp\/v2\/categories?post=221388"},{"taxonomy":"post_tag","embeddable":true,"href":"https:\/\/www.elche.es\/va\/wp-json\/wp\/v2\/tags?post=221388"}],"curies":[{"name":"wp","href":"https:\/\/api.w.org\/{rel}","templated":true}]}}