{"id":223456,"date":"2022-11-18T15:43:59","date_gmt":"2022-11-18T14:43:59","guid":{"rendered":"https:\/\/www.elche.es\/2022\/11\/la-unitat-de-malalties-infeccioses-de-lhospital-delx-aten-mes-de-300-000-consultes-des-de-la-seua-posada-en-marxa-fa-25-anys\/"},"modified":"2022-11-18T16:12:08","modified_gmt":"2022-11-18T15:12:08","slug":"la-unitat-de-malalties-infeccioses-de-lhospital-delx-aten-mes-de-300-000-consultes-des-de-la-seua-posada-en-marxa-fa-25-anys","status":"publish","type":"post","link":"https:\/\/www.elche.es\/va\/2022\/11\/la-unitat-de-malalties-infeccioses-de-lhospital-delx-aten-mes-de-300-000-consultes-des-de-la-seua-posada-en-marxa-fa-25-anys\/","title":{"rendered":"La Unitat de Malalties Infeccioses de l&#8217;Hospital d&#8217;Elx at\u00e9n m\u00e9s de 300.000 consultes des de la seua posada en marxa fa 25 anys"},"content":{"rendered":"<div class=\"wpb-content-wrapper\"><p>[vc_row el_id=&#8221;SUBTITULAR_NOTICIA&#8221;][vc_column][vc_column_text]<\/p>\n<hr \/>\n<h4>El conseller de Sanitat Universal i Salut P\u00fablica, Miguel M\u00ednguez assisteix juntament amb l&#8217;alcalde, Carlos Gonz\u00e1lez, i amb el gerent del Departament de Salut, Carlos Gos\u00e1lbez, a l&#8217;acte de commemoraci\u00f3 del 25 aniversari de la Unitat<\/h4>\n<hr \/>\n<p>[\/vc_column_text][\/vc_column][\/vc_row][vc_row el_id=&#8221;TEXTO_NOTICIA&#8221;][vc_column][vc_column_text]La Unitat de Malalties Infeccioses de l&#8217;Hospital General Universitari d&#8217;Elx, adscrita al Servei de Medicina Interna, <strong>ha at\u00e9s m\u00e9s de 300.000 consultes des de la seua posada en marxa fa 25 anys<\/strong>. L&#8217;hospital ha acollit l&#8217;acte de celebraci\u00f3 del 25 aniversari al qual ha assistit el conseller de Sanitat Universal i Salut P\u00fablica, Miguel M\u00ednguez, que ha estat acompanyat per l&#8217;alcalde d&#8217;Elx, Carlos Gonz\u00e1lez, pel gerent del Departament de Salut, Carlos Gos\u00e1lbez, pel cap de Servei de Medicina Interna, el doctor F\u00e9lix Guti\u00e9rrez, i per la cap de la Unitat de Malalties Infeccioses, la doctora Mar Masi\u00e1.<\/p>\n<p>El regidor il\u00b7licit\u00e0 ha qualificat <strong>aquesta celebraci\u00f3 com \u201cuna fita a la qual ens unim tots els il\u00b7licitans perqu\u00e8 no sols reconeixem l&#8217;Hospital General d&#8217;Elx i les seues unitats operatives<\/strong> com una infraestructura b\u00e0sica per al desenvolupament social equilibrat de la nostra ciutat i tamb\u00e9 per a la nostra comarca, sin\u00f3 que la sentim com una cosa molt estimada, molt nostra\u201d.[\/vc_column_text][\/vc_column][\/vc_row][vc_row type=&#8221;flexslider_slide&#8221; interval=&#8221;5&#8243; source=&#8221;media_library&#8221; images=&#8221;&#8221; img_size=&#8221;full&#8221; external_img_size=&#8221;&#8221; onclick=&#8221;link_image&#8221; custom_links_target=&#8221;_self&#8221; el_class=&#8221;galerianoticia&#8221; title=&#8221;&#8221; custom_srcs=&#8221;&#8221; custom_links=&#8221;&#8221;][vc_column][vc_gallery type=&#8221;flexslider_slide&#8221; interval=&#8221;5&#8243; images=&#8221;223434,223436,223438,223440,223442,223444,223446,223448&#8243; img_size=&#8221;full&#8221; el_class=&#8221;galerianoticia&#8221;][\/vc_column][\/vc_row][vc_row][vc_column][vc_column_text]\u201cDurant aquests 25 anys la Unitat de Malalties Infeccioses no sols ha realitzat una labor assistencial molt destacada, ha sumat m\u00e9s personal especialitzat i ha desenvolupat una aposta ferma per la formaci\u00f3 interna i per la investigaci\u00f3, que ha consolidat un merescut prestigi pel bon fer dels seus professionals, sin\u00f3 que tamb\u00e9 ha compartit amb l&#8217;Ajuntament un objectiu com\u00fa, <strong>contribuir a la promoci\u00f3 de la salut dels ciutadans, aconseguir una sanitat de qualitat<\/strong>\u201d, ha destacat l&#8217;alcalde, que ha recordat el treball en col\u00b7laboraci\u00f3 amb el Consistori que s&#8217;est\u00e0 realitzant per a desplegar estrat\u00e8gies de prevenci\u00f3 de les malalties infeccioses, aix\u00ed com accions educatives per a lluitar, des de la prevenci\u00f3, contra la S\u00edndrome de la Immunodefici\u00e8ncia Adquirida, la SIDA, i altres malalties infeccioses.<\/p>\n<p>Aix\u00ed mateix, Gonz\u00e1lez ha posat de manifest \u201cla intens\u00edssima\u201d col\u00b7laboraci\u00f3 activa que ha desenvolupat i continua desenvolupant la Unitat de Malalties Infeccioses, al costat de la Ger\u00e8ncia del Departament de Salut de l&#8217;Hospital General, en la lluita contra la COVID-19, que ha mantingut la ciutadania permanentment informada de les principals estrat\u00e8gies de maneig i de control de la pand\u00e8mia i ha at\u00e9s un gran nombre de persones afectades per la s\u00edndrome, <strong>m\u00e9s de 2.500 en r\u00e8gim d&#8217;hospitalitzaci\u00f3, sempre sota la premissa de la m\u00e0xima qualitat assistencial.<\/strong>[\/vc_column_text][\/vc_column][\/vc_row][vc_row el_id=&#8221;DESTACADO_NOTICIA&#8221;][vc_column][vc_column_text el_class=&#8221;cuadronoticia&#8221;]<\/p>\n<h5>El regidor il\u00b7licit\u00e0 reconeix la labor assistencial d&#8217;aquest departament que \u201cha sumat m\u00e9s personal especialitzat i ha desenvolupat una aposta ferma per la formaci\u00f3 interna i per la investigaci\u00f3\u201d<\/h5>\n<p>[\/vc_column_text][\/vc_column][\/vc_row][vc_row el_id=&#8221;TEXTO_FIN_NOTICIA&#8221;][vc_column][vc_column_text]Per part seua, el conseller ha felicitat els professionals pel treball realitzat durant aquests anys i ha assegurat que \u201c<strong>la Unitat de Malalties Infeccioses d&#8217;aquest hospital s&#8217;ha convertit en refer\u00e8ncia i exemple per a altres unitats<\/strong>, no sols de la Comunitat sin\u00f3 de tota Espanya, cosa que no hauria sigut possible sense el treball del personal d&#8217;aquesta Unitat, des del primer fins a l&#8217;\u00faltim. Per aix\u00f2, vull transmetre&#8217;ls el nostre agra\u00efment pel seu bon fer diari\u201d.<\/p>\n<p>M\u00ednguez ha volgut tamb\u00e9 destacar no sols la faceta cl\u00ednica de la unitat sin\u00f3 tamb\u00e9 <strong>la implicaci\u00f3 dels professionals en la doc\u00e8ncia i la investigaci\u00f3. \u201cAquests 25 anys ens demostren que el diagn\u00f2stic, control i tractament de les malalties infeccioses a trav\u00e9s de l&#8217;assist\u00e8ncia, la doc\u00e8ncia i la investigaci\u00f3<\/strong>, ha sigut un \u00e8xit per a l&#8217;Hospital General d&#8217;Elx\u201d, ha manifestat el conseller.<\/p>\n<p>Aix\u00ed mateix, ha ressaltat que \u201c<strong>unitats com aquesta demostren a la perfecci\u00f3 el que ha de representar la sanitat p\u00fablica<\/strong>: prestar la major qualitat assistencial, per\u00f2 servir tamb\u00e9 de suport a la doc\u00e8ncia i la investigaci\u00f3\u201d.<\/p>\n<h5>Unitat de Malalties Infeccioses<\/h5>\n<p>La Unitat de Malalties Infeccioses (UEI) de l&#8217;Hospital General Universitari d&#8217;Elx <strong>va ser creada al novembre de 1997<\/strong>.<\/p>\n<p>En aquest sentit, Carlos Gos\u00e1lbez, gerent del departament de salut, ha explicat que \u201cdes de la seua constituci\u00f3, la unitat ha desenvolupat una intensa activitat assistencial, docent i investigadora. Durant aquests 25 anys, s&#8217;han realitzat m\u00e9s de 300.000 consultes externes de persones amb processos infecciosos i<strong> s&#8217;han at\u00e9s m\u00e9s de 45.000 pacients en r\u00e8gim d&#8217;hospitalitzaci\u00f3; m\u00e9s de 2.500 persones amb COVID-19 durant la pand\u00e8mia<\/strong>\u201d.<\/p>\n<p>Durant tots aquests anys, des de la Unitat s&#8217;han posat en marxa diverses iniciatives per a millorar la qualitat de les prestacions sanit\u00e0ries a la poblaci\u00f3, com ara el Grup de Millora del Tractament de les Infeccions en Atenci\u00f3 Prim\u00e0ria (2009), que <strong>aborda i consensua els protocols d&#8217;actuaci\u00f3 de les principals malalties infeccioses del departament<\/strong>.<\/p>\n<p>A m\u00e9s, gestiona el Centre de Salut Internacional i Atenci\u00f3 al Viatger (2010), que <strong>at\u00e9n cada any m\u00e9s de 600 viatgers i pacients immigrants amb patologies adquirides als seus pa\u00efsos d&#8217;origen<\/strong>, i el Centre de Salut Sexual (2018), l&#8217;activitat de la qual inclou la dispensaci\u00f3 de profilaxi preexposici\u00f3 (PrEP) per a la prevenci\u00f3 del VIH, amb m\u00e9s de 200 usuaris en tractament en l&#8217;actualitat i el garbellat de les complicacions associades a la infecci\u00f3 pel virus del papil\u00b7loma hum\u00e0 (VPH).<\/p>\n<h5>Investigaci\u00f3<\/h5>\n<p>El doctor F\u00e9lix Guti\u00e9rrez, cap de Servei de Medicina Interna de l&#8217;hospital, ha destacat que \u201cla labor dels professionals ha anat m\u00e9s enll\u00e0 de la seua faceta cl\u00ednica, ja que la UEI ha desenvolupat tamb\u00e9 una extensa activitat investigadora. La seua incorporaci\u00f3 a les Xarxes Tem\u00e0tiques d&#8217;Investigaci\u00f3 Cooperativa de l&#8217;Institut de Salut Carles III i el suport per part de la Conselleria de Sanitat i de la Fundaci\u00f3 per a la Investigaci\u00f3 Biom\u00e8dica de la Comunitat Valenciana (FISABIO), han perm\u00e9s projectar l&#8217;activitat investigadora de la unitat a l\u2019\u00e0mbit nacional i internacional\u201d.<\/p>\n<p>En aquests 25 anys s&#8217;han obtingut m\u00e9s de 30 beques d&#8217;investigaci\u00f3 en convocat\u00f2ries competitives, s&#8217;han dut a terme m\u00e9s de 100 assajos cl\u00ednics, molts d&#8217;aquests internacionals i s&#8217;han publicat m\u00e9s de 200 articles cient\u00edfics. La seua integraci\u00f3 com a \u00fanic grup de la Conselleria de Sanitat de la Comunitat Valenciana al recentment creat Centre d&#8217;Investigaci\u00f3 Biom\u00e8dica en Xarxa en Malalties Infeccioses (CIBERINFEC) constitueix un reconeixement a la traject\u00f2ria investigadora del grup.<\/p>\n<h5>Doc\u00e8ncia<\/h5>\n<p>Per part seua, la doctora Mar Masi\u00e1, cap de la Unitat, ha explicat que \u201c<strong>la UEI ha dut a terme una intensa labor docent en pregrau i postgrau.<\/strong> En 2010 va posar en marxa el M\u00e0ster en Malalties Infeccioses i Salut Internacional que va ser acreditat per l&#8217;ANECA com a M\u00e0ster Oficial en 2012\u201d.<\/p>\n<p>\u201c\u00c9s l&#8217;\u00fanic de Malalties Infeccioses de tota la Comunitat Valenciana i <strong>forma anualment entre 30 i 35 llicenciats en Ci\u00e8ncies de la Salut dels hospitals<\/strong> de tota Espanya. A m\u00e9s, ha dirigit un total de 16 tesis doctorals sobre aspectes epidemiol\u00f2gics i cl\u00ednics de les Malalties Infeccioses\u201d, ha assegurat.<\/p>\n<h5>Reconeixements<\/h5>\n<p><strong>La Unitat ha rebut reconeixements externs que avalen l&#8217;excel\u00b7l\u00e8ncia reeixida, entre ells 3 premis \u201cBest in Class\u201d<\/strong> a la millor Unitat de Malalties Infeccioses i Millor Unitat en VIH\/SIDA, la medalla de plata del Bimil\u00b7lenari d&#8217;Elx i el premi a la traject\u00f2ria en prevenci\u00f3 de VIH\/SIDA de la Coordinadora d&#8217;Associacions de VIH i Sida de la Comunitat Valenciana (CALCSICOVA). Ha superat auditories externes de les Ag\u00e8ncies Reguladores de F\u00e0rmacs i tamb\u00e9 una inspecci\u00f3 amb resultat favorable de la \u201cFood and Drug Administration (FDA)\u201d dels EUA<\/p>\n<p>Despr\u00e9s de l&#8217;Acte institucional commemoratiu del 25 aniversari de la Unitat, <strong>s&#8217;ha dut a terme una confer\u00e8ncia magistral denominada &#8220;Lli\u00e7ons Apreses de la Pand\u00e8mia de la COVID-19<\/strong>&#8220;, impartida pel doctor Antoni Trilla, catedr\u00e0tic de Medicina i deg\u00e0 de la Universitat de Barcelona i professor investigador de l&#8217;Institut de Salut Global de Barcelona.<\/p>\n<hr \/>\n<p>&nbsp;[\/vc_column_text][\/vc_column][\/vc_row]<\/p>\n<\/div>","protected":false},"excerpt":{"rendered":"<p>[vc_row el_id=&#8221;SUBTITULAR_NOTICIA&#8221;][vc_column][vc_column_text] El conseller de Sanitat Universal i Salut P\u00fablica, Miguel M\u00ednguez assisteix juntament amb l&#8217;alcalde, Carlos Gonz\u00e1lez, i amb el gerent del Departament de Salut, Carlos Gos\u00e1lbez, a l&#8217;acte [&hellip;]<\/p>\n","protected":false},"author":131,"featured_media":223433,"comment_status":"closed","ping_status":"closed","sticky":false,"template":"","format":"standard","meta":{"footnotes":""},"categories":[391,1312,893],"tags":[],"class_list":["post-223456","post","type-post","status-publish","format-standard","has-post-thumbnail","hentry","category-home-va","category-noticias-va","category-sanidad-va"],"_links":{"self":[{"href":"https:\/\/www.elche.es\/va\/wp-json\/wp\/v2\/posts\/223456","targetHints":{"allow":["GET"]}}],"collection":[{"href":"https:\/\/www.elche.es\/va\/wp-json\/wp\/v2\/posts"}],"about":[{"href":"https:\/\/www.elche.es\/va\/wp-json\/wp\/v2\/types\/post"}],"author":[{"embeddable":true,"href":"https:\/\/www.elche.es\/va\/wp-json\/wp\/v2\/users\/131"}],"replies":[{"embeddable":true,"href":"https:\/\/www.elche.es\/va\/wp-json\/wp\/v2\/comments?post=223456"}],"version-history":[{"count":0,"href":"https:\/\/www.elche.es\/va\/wp-json\/wp\/v2\/posts\/223456\/revisions"}],"wp:featuredmedia":[{"embeddable":true,"href":"https:\/\/www.elche.es\/va\/wp-json\/wp\/v2\/media\/223433"}],"wp:attachment":[{"href":"https:\/\/www.elche.es\/va\/wp-json\/wp\/v2\/media?parent=223456"}],"wp:term":[{"taxonomy":"category","embeddable":true,"href":"https:\/\/www.elche.es\/va\/wp-json\/wp\/v2\/categories?post=223456"},{"taxonomy":"post_tag","embeddable":true,"href":"https:\/\/www.elche.es\/va\/wp-json\/wp\/v2\/tags?post=223456"}],"curies":[{"name":"wp","href":"https:\/\/api.w.org\/{rel}","templated":true}]}}