{"id":223467,"date":"2022-11-18T15:44:22","date_gmt":"2022-11-18T14:44:22","guid":{"rendered":"https:\/\/www.elche.es\/2022\/11\/lajuntament-adjudica-les-obres-del-centre-social-dels-arenals-i-rep-quasi-4-milions-deuros-per-a-la-creacio-de-zones-de-baixes-emissions-i-per-a-la-modernitzacio-del-servei-dautobus\/"},"modified":"2022-11-18T16:11:38","modified_gmt":"2022-11-18T15:11:38","slug":"lajuntament-adjudica-les-obres-del-centre-social-dels-arenals-i-rep-quasi-4-milions-deuros-per-a-la-creacio-de-zones-de-baixes-emissions-i-per-a-la-modernitzacio-del-servei-dautobus","status":"publish","type":"post","link":"https:\/\/www.elche.es\/va\/2022\/11\/lajuntament-adjudica-les-obres-del-centre-social-dels-arenals-i-rep-quasi-4-milions-deuros-per-a-la-creacio-de-zones-de-baixes-emissions-i-per-a-la-modernitzacio-del-servei-dautobus\/","title":{"rendered":"L&#8217;Ajuntament adjudica les obres del Centre Social dels Arenals i rep quasi 4 milions d&#8217;euros per a la creaci\u00f3 de zones de baixes emissions i per a la modernitzaci\u00f3 del servei d&#8217;autob\u00fas"},"content":{"rendered":"<div class=\"wpb-content-wrapper\"><p>[vc_row el_id=&#8221;SUBTITULAR_NOTICIA&#8221;][vc_column][vc_column_text]<\/p>\n<hr \/>\n<h4>El portaveu municipal, H\u00e9ctor D\u00edez, destaca que la subvenci\u00f3 europea Next Generation inclou la digitalitzaci\u00f3 i sostenibilitat del transport p\u00fablic i que pertany al PERTE de Mobilitat Sostenible i Creaci\u00f3 de Zones de Baixes Emissions del Govern d&#8217;Espanya<\/h4>\n<hr \/>\n<p>[\/vc_column_text][\/vc_column][\/vc_row][vc_row el_id=&#8221;TEXTO_NOTICIA&#8221;][vc_column][vc_column_text]<strong>L&#8217;Ajuntament d&#8217;Elx ha adjudicat les obres del Centre Social dels Arenals per m\u00e9s de 1,3 milions d&#8217;euros a la mercantil Avante<\/strong>, que haur\u00e0 d&#8217;executar els treballs en un any i arrancaran en els pr\u00f2xims mesos. El portaveu municipal, H\u00e9ctor D\u00edez, aix\u00ed ho ha anunciat despr\u00e9s de la Junta de Govern Local, que ha recalcat la import\u00e0ncia del projecte, ja que permet \u201cmillorar substancialment els serveis de la pedania i dotar-la de nous espais perqu\u00e8 els residents puguen desenvolupar diferents activitats\u201d.<\/p>\n<p>Concretament, <strong>l&#8217;edifici d&#8217;aproximadament 1.000 metres quadrats se situar\u00e0 a l\u2019illa on se situa l&#8217;actual Centre Social, a l&#8217;avinguda Sant Bartolom\u00e9 de Tirajana<\/strong>. La nova construcci\u00f3, en forma d&#8217;ela, permetr\u00e0 l&#8217;aprofitament de la parcel\u00b7la i acollir\u00e0 a la seua planta baixa la recepci\u00f3 i els serveis p\u00fablics municipals com ara el consultori m\u00e8dic, la Policia Local i l&#8217;Oficina Municipal d&#8217;Atenci\u00f3 al Ciutad\u00e0 (OMAC). Mentre que, al primer pis, s&#8217;instal\u00b7laran espais per al gaudi de la ciutadania: sales de reunions, sala d&#8217;actes multiusos amb capacitat per a un centenar de persones, aix\u00ed com diferents despatxos perqu\u00e8 puguen disposar d&#8217;aquests col\u00b7lectius i entitats.<\/p>\n<p>Despr\u00e9s de recordar que la iniciativa \u00e9s finan\u00e7ada parcialment per la Diputaci\u00f3 Provincial amb fons del Pla Planifica, D\u00edez ha assenyalat que es tracta d&#8217;<strong>un immoble \u201cfuncional, que dona resposta a les necessitats dels ve\u00efns, accessible i projectat amb criteris d&#8217;efici\u00e8ncia energ\u00e8tica<\/strong>\u201d amb l\u2019objectiu de \u201cmillorar la prestaci\u00f3 dels serveis existents i instal\u00b7lar nous en el futur\u201d.<\/p>\n<h5>Modificaci\u00f3 pressupost\u00e0ria i PERTE de Mobilitat Sostenible<\/h5>\n<p>La Junta ha donat llum verda a la modificaci\u00f3 n\u00famero 32 del Pressupost Municipal 2022, de les \u00faltimes de l&#8217;exercici, que suposa una<strong> generaci\u00f3 de cr\u00e8dits de m\u00e9s de 3,1 milions d&#8217;euros, amb la recepci\u00f3 de diferents subvencions com l&#8217;atorgada per la Diputaci\u00f3 al Consistori<\/strong>, de 110.000 euros, per a canviar la gespa artificial del camp de futbol de l&#8217;Altet; els 25.000 euros de la Generalitat Valenciana per a donar suport al Festival Medieval; o els 305.000 euros de la Direcci\u00f3 General de Transports relativa a la disminuci\u00f3 dels preus dels bons de l&#8217;autob\u00fas per a pal\u00b7liar els efectes de l&#8217;increment dels carburants per la guerra d&#8217;Ucra\u00efna entre l&#8217;1 de setembre i el 31 de desembre de 2022.[\/vc_column_text][\/vc_column][\/vc_row][vc_row el_id=&#8221;DESTACADO_NOTICIA&#8221;][vc_column][vc_column_text el_class=&#8221;cuadronoticia&#8221;]<\/p>\n<h5>La Junta Local acorda sol\u00b7licitar a la Direcci\u00f3 General de Qualitat Democr\u00e0tica la retirada del seu Cat\u00e0leg de Vestigis franquistes els 123 carrers de Carr\u00fas que va exigir retirar en un mes, at\u00e9s que aquests vials tenen noms que no exalten la dictadura, i suposaria trastorn en l&#8217;ordre postal, econ\u00f2mic i social del barri<\/h5>\n<p>[\/vc_column_text][\/vc_column][\/vc_row][vc_row][vc_column][vc_column_text]D\u00edez destacat els<strong> quasi 4 milions d&#8217;euros dels fons Next Generation rebuts per l&#8217;Ajuntament mitjan\u00e7ant el Projecte Estrat\u00e8gic per a la Recuperaci\u00f3 i Transformaci\u00f3 Econ\u00f2mica (PERTE)<\/strong> de Mobilitat Sostenible i Creaci\u00f3 de Zones de Baixes Emissions, 2,6 milions imputables al pressupost vigent. I ha subratllat els 1,6 milions de la subvenci\u00f3 europea que es dedicaran a la implantaci\u00f3 d&#8217;\u00e0rees de baixes emissions, els 701.529 euros per a la transformaci\u00f3 digital del servei d&#8217;autob\u00fas i els 701.000 per a la sostenibilitat del transport.<\/p>\n<h5>Parades d&#8217;autob\u00fas m\u00e9s accessibles al pol\u00edgon de Carr\u00fas<\/h5>\n<p>D&#8217;altra banda, la Junta de Govern ha donat llum verda a<strong> l&#8217;adjudicaci\u00f3 de la modernitzaci\u00f3 i la millora de l&#8217;accessibilitat de les sis parades d&#8217;autob\u00fas de la l\u00ednia A, situades al pol\u00edgon de Carr\u00fas<\/strong>, per 240.790 euros. L&#8217;objectiu \u00e9s afavorir a l&#8217;acc\u00e9s al transport p\u00fablic als treballadors i els visitants de l&#8217;\u00e0rea fabril i millorar el servei de l\u2019esmentada ruta dels busos urbans. Per aix\u00f2, l&#8217;empresa Involucra, en un termini d&#8217;execuci\u00f3 tres mesos, haur\u00e0 de reubicar algunes de les parades, aix\u00ed com implementar en les sis les millores amb criteris d&#8217;accessibilitat com ara marquesines, plataformes de parada en carril o material podot\u00e0ctil per a complir amb la normativa.<\/p>\n<h5>Pla Estrat\u00e8gic de Turisme i Hort del Cabolo<\/h5>\n<p>L&#8217;Equip de Govern ha donat el vistiplau definitiu al Pla Estrat\u00e8gic de Turisme i Pla de Dest\u00ed Intel\u00b7ligent Sostenible d&#8217;Elx,<strong> subvencionat pel Ministeri de Turisme amb 2,4 milions dels fons europeus per al seu desenvolupament<\/strong>. Tamb\u00e9 s&#8217;ha fet el pas de crear l&#8217;\u00f2rgan gestor que s&#8217;encarregar\u00e0 de dur a terme les actuacions en el marc d&#8217;aquest i el seu seguiment. Aix\u00ed doncs, del Govern local formaran part d&#8217;aquest els edils de Promoci\u00f3 Econ\u00f2mica, de Medi Ambient, d&#8217;Urbanisme i d&#8217;Esports, Carles Molina, Esther D\u00edez, Ana Arabid i Vicente Alberola, respectivament. Aix\u00ed mateix, s&#8217;incorporaran representants de col\u00b7lectius de l&#8217;\u00e0mbit del turisme de la localitat i d&#8217;altres administracions.[\/vc_column_text][\/vc_column][\/vc_row][vc_row source=&#8221;media_library&#8221; image=&#8221;&#8221; img_size=&#8221;full&#8221; external_img_size=&#8221;&#8221; add_caption=&#8221;&#8221; alignment=&#8221;left&#8221; style=&#8221;&#8221; external_style=&#8221;&#8221; border_color=&#8221;grey&#8221; external_border_color=&#8221;grey&#8221; onclick=&#8221;link_image&#8221; img_link_target=&#8221;_self&#8221; el_class=&#8221;fotounicanoticia&#8221; title=&#8221;&#8221; custom_src=&#8221;&#8221; caption=&#8221;&#8221; link=&#8221;&#8221; img_link_large=&#8221;&#8221;][vc_column][vc_single_image image=&#8221;223384&#8243; img_size=&#8221;full&#8221; onclick=&#8221;link_image&#8221; el_class=&#8221;fotounicanoticia&#8221;][\/vc_column][\/vc_row][vc_row][vc_column][vc_column_text]A m\u00e9s, <strong>s&#8217;ha aprovat al contracte de concessi\u00f3 demanial a favor de l&#8217;Associaci\u00f3 de Discapacitats L\u00edmite Y Ligera Tamarit<\/strong>, que podr\u00e0 continuar emprant el Viver Municipal de l&#8217;Hort del Cabolo i la casa de l&#8217;hort de Sant Antoni, com fa des de fa anys, per al seu projecte i els serveis que presta i es permet aix\u00ed que puguen continuar utilitzant-lo quatre anys m\u00e9s fins a un m\u00e0xim de 75, amb pr\u00f2rrogues successives de dos anys.<\/p>\n<h5>Cat\u00e0leg de Vestigis franquistes de la Conselleria<\/h5>\n<p>Tal com va avan\u00e7ar l&#8217;alcalde, Carlos Gonz\u00e1lez, la Junta de Govern Local ha acordat sol\u00b7licitar a la Direcci\u00f3 General de Qualitat Democr\u00e0tica de la Conselleria de Participaci\u00f3, Transpar\u00e8ncia, Cooperaci\u00f3 i Qualitat Democr\u00e0tica la <strong>retirada del seu Cat\u00e0leg de Vestigis de la Guerra Civil i la Dictadura Franquista els 123 carrers de Carr\u00fas<\/strong>, despr\u00e9s que va manifestar que havien de retirar-se en el termini d&#8217;un mes.[\/vc_column_text][\/vc_column][\/vc_row][vc_row][vc_column][vc_column_text el_class=&#8221;cuadronoticia&#8221;]<\/p>\n<h5>L&#8217;Equip de Govern dona el vistiplau definitiu al Pla Estrat\u00e8gic de Turisme i al Pla de Dest\u00ed Intel\u00b7ligent Sostenible d&#8217;Elx, subvencionat pel Ministeri de Turisme amb 2,4 milions d&#8217;euros i constitueix tamb\u00e9 el seu \u00f2rgan gestor, que implantar\u00e0 les accions d\u2019aquest i efectuar\u00e0 el seu seguiment<\/h5>\n<p>[\/vc_column_text][\/vc_column][\/vc_row][vc_row el_id=&#8221;TEXTO_FIN_NOTICIA&#8221;][vc_column][vc_column_text]Gonz\u00e1lez va afirmar que aquests noms s\u00f3n de persones que <strong>no suposen exaltaci\u00f3 de la Dictadura<\/strong>. En aquest sentit, s&#8217;ha pronunciat el portaveu municipal, que ha definit com a \u201cirreal sol\u00b7licitar a qualsevol municipi que, en el termini d&#8217;un mes, es retiren 123 carrers de la llista de carrers\u201d. \u201cConsiderem que suposa un trastorn en l&#8217;ordre postal, econ\u00f2mic i social de Carr\u00fas, d&#8217;una magnitud que molt probablement a la Conselleria no han tingut en compte ni s\u00f3n conscients del perjudici que es pot crear, ja que el barri t\u00e9 quasi 80.000 habitants amb 32.000 llars, comer\u00e7os i locals\u201d, ha agregat i ha valorat que \u201cgeneraria un impacte molt perjudicial per als ve\u00efns, empreses i xicotets establiments de Carr\u00fas\u201d.<\/p>\n<h5>Carrer Olegari Domarco Seller i estabilitzaci\u00f3 d&#8217;interns<\/h5>\n<p>La Junta de Govern, sobre la base dels informes del Departament d&#8217;Urbanisme, ha ampliat el termini d&#8217;execuci\u00f3 de les obres de <strong>modernitzaci\u00f3 del carrer Olegari Domarco Seller,<\/strong> a Carr\u00fas, fins al 24 de gener de 2023 per les circumst\u00e0ncies alienes que han afectat els treballs quant al subministrament dels materials.<\/p>\n<p>Finalment, D\u00edez ha indicat que <strong>estan tirant endavant les bases reguladores dels processos interns d&#8217;estabilitzaci\u00f3 dels interins<\/strong> del Consistori il\u00b7licit\u00e0 a tenor de la directiva europea aprovada fa uns mesos.<\/p>\n<hr \/>\n<p>&nbsp;<\/p>\n<p>[\/vc_column_text][\/vc_column][\/vc_row][vc_row][vc_column width=&#8221;1\/6&#8243;][\/vc_column][vc_column width=&#8221;2\/3&#8243;]<audio class=\"sc_audio\" src=\"https:\/\/soundcloud.com\/ayuntamiento-de-elche\/junta-del-gobierno-local-18112022?si=7a5768ce8bda46d4805b6cd832d567b4&#038;utm_source=clipboard&#038;utm_medium=text&#038;utm_campaign=social_sharing\" width=\"\" height=\"\"><\/audio>[\/vc_column][vc_column width=&#8221;1\/6&#8243;][\/vc_column][\/vc_row]<\/p>\n<\/div>","protected":false},"excerpt":{"rendered":"<p>[vc_row el_id=&#8221;SUBTITULAR_NOTICIA&#8221;][vc_column][vc_column_text] El portaveu municipal, H\u00e9ctor D\u00edez, destaca que la subvenci\u00f3 europea Next Generation inclou la digitalitzaci\u00f3 i sostenibilitat del transport p\u00fablic i que pertany al PERTE de Mobilitat Sostenible [&hellip;]<\/p>\n","protected":false},"author":131,"featured_media":223383,"comment_status":"closed","ping_status":"closed","sticky":false,"template":"","format":"standard","meta":{"footnotes":""},"categories":[391,3085,1312],"tags":[],"class_list":["post-223467","post","type-post","status-publish","format-standard","has-post-thumbnail","hentry","category-home-va","category-junta-de-govern-local","category-noticias-va"],"_links":{"self":[{"href":"https:\/\/www.elche.es\/va\/wp-json\/wp\/v2\/posts\/223467","targetHints":{"allow":["GET"]}}],"collection":[{"href":"https:\/\/www.elche.es\/va\/wp-json\/wp\/v2\/posts"}],"about":[{"href":"https:\/\/www.elche.es\/va\/wp-json\/wp\/v2\/types\/post"}],"author":[{"embeddable":true,"href":"https:\/\/www.elche.es\/va\/wp-json\/wp\/v2\/users\/131"}],"replies":[{"embeddable":true,"href":"https:\/\/www.elche.es\/va\/wp-json\/wp\/v2\/comments?post=223467"}],"version-history":[{"count":0,"href":"https:\/\/www.elche.es\/va\/wp-json\/wp\/v2\/posts\/223467\/revisions"}],"wp:featuredmedia":[{"embeddable":true,"href":"https:\/\/www.elche.es\/va\/wp-json\/wp\/v2\/media\/223383"}],"wp:attachment":[{"href":"https:\/\/www.elche.es\/va\/wp-json\/wp\/v2\/media?parent=223467"}],"wp:term":[{"taxonomy":"category","embeddable":true,"href":"https:\/\/www.elche.es\/va\/wp-json\/wp\/v2\/categories?post=223467"},{"taxonomy":"post_tag","embeddable":true,"href":"https:\/\/www.elche.es\/va\/wp-json\/wp\/v2\/tags?post=223467"}],"curies":[{"name":"wp","href":"https:\/\/api.w.org\/{rel}","templated":true}]}}