{"id":223715,"date":"2022-11-19T10:19:14","date_gmt":"2022-11-19T09:19:14","guid":{"rendered":"https:\/\/www.elche.es\/2022\/11\/dos-centes-persones-participen-aquest-dissabte-a-lhotel-hort-del-cura-en-el-ii-torneig-nacional-ciutat-delx-de-domino\/"},"modified":"2022-11-21T10:34:39","modified_gmt":"2022-11-21T09:34:39","slug":"dos-centes-persones-participen-aquest-dissabte-a-lhotel-hort-del-cura-en-el-ii-torneig-nacional-ciutat-delx-de-domino","status":"publish","type":"post","link":"https:\/\/www.elche.es\/va\/2022\/11\/dos-centes-persones-participen-aquest-dissabte-a-lhotel-hort-del-cura-en-el-ii-torneig-nacional-ciutat-delx-de-domino\/","title":{"rendered":"Dos-centes persones participen aquest dissabte a l&#8217;hotel Hort del Cura en el II Torneig Nacional Ciutat d&#8217;Elx de D\u00f2mino"},"content":{"rendered":"<div class=\"wpb-content-wrapper\"><p>[vc_row el_id=&#8221;TEXTO_NOTICIA&#8221;][vc_column][vc_column_text]Els aficionats al domin\u00f3 han tingut aquest dissabte una cita destacada a l&#8217;hotel Hort del Cura amb motiu del <strong>II Torneig Nacional Ciutat d&#8217;Elx per parelles<\/strong>, i al qual han assistit dos-cents jugadors de diferents comunitats aut\u00f2nomes i pa\u00efsos.<\/p>\n<p>La inauguraci\u00f3 ha sigut a c\u00e0rrec de <strong>l&#8217;edil de Participaci\u00f3 Ciutadana, Puri Vives<\/strong>, que ha donat la benvinguda i ha agra\u00eft als assistents la seua pres\u00e8ncia a la localitat, a m\u00e9s de reiterar el suport municipal a la il\u00b7licitana <strong>Associaci\u00f3 d&#8217;Amics de D\u00f2mino d&#8217;Elx (ADDEL)<\/strong>, promotora de l&#8217;esdeveniment al costat del Consistori.<\/p>\n<p>En aquest sentit, Vives ha subratllat que, des del Govern local, \u201cens posem en marxa\u201d de cara a l&#8217;organitzaci\u00f3, amb l&#8217;Associaci\u00f3, del <strong>Campionat d&#8217;Espanya per parelles l&#8217;any vinent al Centre de Congressos<\/strong>, per al qual es preveu l&#8217;aflu\u00e8ncia d&#8217;un miler de persones.[\/vc_column_text][\/vc_column][\/vc_row][vc_row el_id=&#8221;DESTACADO_NOTICIA&#8221;][vc_column][vc_gallery type=&#8221;flexslider_slide&#8221; interval=&#8221;5&#8243; images=&#8221;223545,223547,223549,223551&#8243; img_size=&#8221;full&#8221; el_class=&#8221;galerianoticia&#8221;][\/vc_column][\/vc_row][vc_row el_id=&#8221;TEXTO_FIN_NOTICIA&#8221;][vc_column][vc_column_text]El <strong>president d&#8217;ADDEL, Manuel Gonz\u00e1lez<\/strong>, a m\u00e9s de mostrar la seua gratitud a l&#8217;Ajuntament per donar suport a l&#8217;entitat en tot moment des de la seua fundaci\u00f3 en 2021, ha recordat que aquest joc-esport serveix per a exercitar la mem\u00f2ria i la concentraci\u00f3, a m\u00e9s de fomentar la disciplina, el treball en equip, l&#8217;estrat\u00e8gia o les habilitats matem\u00e0tiques. Per aix\u00f2 s&#8217;est\u00e0 treballant per a introduir-lo en col\u00b7legis.<\/p>\n<p>Aix\u00ed mateix, en aquest II Torneig han sigut presents el <strong>president i el secretari de la Federaci\u00f3 Espanyola de D\u00f2mino, Faustino Alegr\u00eda i Javier Casta\u00f1\u00f3n, i la presidenta de l&#8217;Associaci\u00f3 Blanca Doble Espanya, Lola Barber\u00e1<\/strong>. Tamb\u00e9 han participat com a jugadors figures destacades de la societat i de l&#8217;economia il\u00b7licitana.<\/p>\n<hr \/>\n<p>[\/vc_column_text][\/vc_column][\/vc_row]<\/p>\n<\/div>","protected":false},"excerpt":{"rendered":"<p>[vc_row el_id=&#8221;TEXTO_NOTICIA&#8221;][vc_column][vc_column_text]Els aficionats al domin\u00f3 han tingut aquest dissabte una cita destacada a l&#8217;hotel Hort del Cura amb motiu del II Torneig Nacional Ciutat d&#8217;Elx per parelles, i al qual [&hellip;]<\/p>\n","protected":false},"author":131,"featured_media":223544,"comment_status":"closed","ping_status":"closed","sticky":false,"template":"","format":"standard","meta":{"footnotes":""},"categories":[391,1312,208],"tags":[],"class_list":["post-223715","post","type-post","status-publish","format-standard","has-post-thumbnail","hentry","category-home-va","category-noticias-va","category-participacio-ciutadana-va"],"_links":{"self":[{"href":"https:\/\/www.elche.es\/va\/wp-json\/wp\/v2\/posts\/223715","targetHints":{"allow":["GET"]}}],"collection":[{"href":"https:\/\/www.elche.es\/va\/wp-json\/wp\/v2\/posts"}],"about":[{"href":"https:\/\/www.elche.es\/va\/wp-json\/wp\/v2\/types\/post"}],"author":[{"embeddable":true,"href":"https:\/\/www.elche.es\/va\/wp-json\/wp\/v2\/users\/131"}],"replies":[{"embeddable":true,"href":"https:\/\/www.elche.es\/va\/wp-json\/wp\/v2\/comments?post=223715"}],"version-history":[{"count":0,"href":"https:\/\/www.elche.es\/va\/wp-json\/wp\/v2\/posts\/223715\/revisions"}],"wp:featuredmedia":[{"embeddable":true,"href":"https:\/\/www.elche.es\/va\/wp-json\/wp\/v2\/media\/223544"}],"wp:attachment":[{"href":"https:\/\/www.elche.es\/va\/wp-json\/wp\/v2\/media?parent=223715"}],"wp:term":[{"taxonomy":"category","embeddable":true,"href":"https:\/\/www.elche.es\/va\/wp-json\/wp\/v2\/categories?post=223715"},{"taxonomy":"post_tag","embeddable":true,"href":"https:\/\/www.elche.es\/va\/wp-json\/wp\/v2\/tags?post=223715"}],"curies":[{"name":"wp","href":"https:\/\/api.w.org\/{rel}","templated":true}]}}