{"id":223897,"date":"2022-11-22T15:45:06","date_gmt":"2022-11-22T14:45:06","guid":{"rendered":"https:\/\/www.elche.es\/2022\/11\/tres-cents-metges-de-familia-de-tota-la-comunitat-valenciana-es-donen-cita-a-elx-pel-xxxii-congres-de-la-sovamfic\/"},"modified":"2022-11-22T15:53:19","modified_gmt":"2022-11-22T14:53:19","slug":"tres-cents-metges-de-familia-de-tota-la-comunitat-valenciana-es-donen-cita-a-elx-pel-xxxii-congres-de-la-sovamfic","status":"publish","type":"post","link":"https:\/\/www.elche.es\/va\/2022\/11\/tres-cents-metges-de-familia-de-tota-la-comunitat-valenciana-es-donen-cita-a-elx-pel-xxxii-congres-de-la-sovamfic\/","title":{"rendered":"Tres-cents metges de fam\u00edlia de tota la Comunitat Valenciana es donen cita a Elx pel XXXII Congr\u00e9s de la SOVAMFIC"},"content":{"rendered":"<div class=\"wpb-content-wrapper\"><p>[vc_row el_id=&#8221;SUBTITULAR_NOTICIA&#8221;][vc_column][vc_column_text]<\/p>\n<hr \/>\n<h4>L&#8217;edil de Sanitat, Mariola Galiana, acompanyada per la presidenta de l&#8217;entitat, la doctora Mar\u00eda \u00c1ngeles Medina, informen de l&#8217;esdeveniment que es desenvolupa el divendres 25 de novembre i el dissabte 26 al Centre de Congressos Ciutat d\u2019Elx<\/h4>\n<hr \/>\n<p>[\/vc_column_text][\/vc_column][\/vc_row][vc_row el_id=&#8221;TEXTO_NOTICIA&#8221;][vc_column][vc_column_text]Tres-cents metges de fam\u00edlia de tota la Comunitat Valenciana participaran en el XXXII Congr\u00e9s de la Societat Valenciana de Medicina Familiar i Comunit\u00e0ria (SOVAMFIC), que <strong>es desenvolupar\u00e0 al Centre de Congressos Ciutat d\u2019Elx el divendres 25 de novembre i el dissabte 26<\/strong>. L&#8217;edil de Sanitat, Mariola Galiana, ha informat de la trobada, acompanyada per la presidenta de l&#8217;entitat i metgessa al Consultori Auxiliar Doctor Alberto Garc\u00eda, la il\u00b7licitana Mar\u00eda \u00c1ngeles Medina, i pel membre del comit\u00e9 organitzador i coordinador m\u00e8dic del Centre de Salut El Raval, el doctor Juan Manuel Zazo.[\/vc_column_text][\/vc_column][\/vc_row][vc_row source=&#8221;media_library&#8221; image=&#8221;&#8221; img_size=&#8221;medium&#8221; external_img_size=&#8221;&#8221; add_caption=&#8221;&#8221; alignment=&#8221;center&#8221; style=&#8221;&#8221; external_style=&#8221;&#8221; border_color=&#8221;grey&#8221; external_border_color=&#8221;grey&#8221; onclick=&#8221;link_image&#8221; img_link_target=&#8221;_self&#8221; el_class=&#8221;fotounicanoticiavertical&#8221; title=&#8221;&#8221; custom_src=&#8221;&#8221; caption=&#8221;&#8221; link=&#8221;&#8221; img_link_large=&#8221;&#8221;][vc_column][vc_single_image image=&#8221;223863&#8243; img_size=&#8221;medium&#8221; alignment=&#8221;center&#8221; onclick=&#8221;link_image&#8221; el_class=&#8221;fotounicanoticiavertical&#8221;][\/vc_column][\/vc_row][vc_row][vc_column][vc_column_text]Entre els nombrosos simposis i confer\u00e8ncies coordinades per m\u00e9s d&#8217;una vintena de metges repartits en els comit\u00e9s organitzador i cient\u00edfic,<strong> els professionals exposaran temes com ara la gesti\u00f3 de la transformaci\u00f3 i la investigaci\u00f3 en atenci\u00f3 prim\u00e0ria<\/strong>, actualitzaci\u00f3 en anticoagulaci\u00f3 i de l&#8217;abordatge del tabaquisme, sobre medicaments, vacunes i salut planet\u00e0ria, els aspectes normatius, iniciaci\u00f3 a l&#8217;ecografia o els aspectes normatius, \u00e8tics i deontol\u00f2gics de la Llei d&#8217;Eutan\u00e0sia.[\/vc_column_text][\/vc_column][\/vc_row][vc_row el_id=&#8221;DESTACADO_NOTICIA&#8221;][vc_column][vc_column_text el_class=&#8221;cuadronoticia&#8221;]<\/p>\n<h5>Pr\u00e8viament, el dijous 24 se celebrar\u00e0 la XXIII Jornada de Residents i Tutors, i el dissabte es realitzar\u00e0 un col\u00b7loqui comunitari al Centre Social El Raval i un taller de RCP a la pla\u00e7a de les instal\u00b7lacions de Porta de la Morera<\/h5>\n<p>[\/vc_column_text][\/vc_column][\/vc_row][vc_row][vc_column][vc_column_text]<strong>L&#8217;obertura ser\u00e0 el divendres a les 11.30 hores<\/strong>. A continuaci\u00f3, el doctor Domingo Orozco, metge de fam\u00edlia i Vicerector d&#8217;Investigaci\u00f3 de la Universitat Miguel Hern\u00e1ndez (UMH), oferir\u00e0 la confer\u00e8ncia inaugural \u2018La medicina familiar i Comunit\u00e0ria a la Universitat\u2019.[\/vc_column_text][\/vc_column][\/vc_row][vc_row source=&#8221;media_library&#8221; image=&#8221;&#8221; img_size=&#8221;medium&#8221; external_img_size=&#8221;&#8221; add_caption=&#8221;&#8221; alignment=&#8221;center&#8221; style=&#8221;&#8221; external_style=&#8221;&#8221; border_color=&#8221;grey&#8221; external_border_color=&#8221;grey&#8221; onclick=&#8221;link_image&#8221; img_link_target=&#8221;_self&#8221; el_class=&#8221;fotounicanoticiavertical&#8221; title=&#8221;&#8221; custom_src=&#8221;&#8221; caption=&#8221;&#8221; link=&#8221;&#8221; img_link_large=&#8221;&#8221;][vc_column][vc_single_image image=&#8221;223861&#8243; img_size=&#8221;medium&#8221; alignment=&#8221;center&#8221; onclick=&#8221;link_image&#8221; el_class=&#8221;fotounicanoticiavertical&#8221;][\/vc_column][\/vc_row][vc_row][vc_column][vc_column_text]Com a activitat pr\u00e8via, el dijous 24 tindr\u00e0 lloc a les instal\u00b7lacions de Porta de la Morera la XXIII Jornada de Residents i Tutors. I com a novetat, de cara a promoure la salut en la ciutadania d&#8217;Elx, s&#8217;ha organitzat un col\u00b7loqui comunitari al Centre Social El Raval el dissabte 26, de 10.00 a 11.00 hores, i un taller de reanimaci\u00f3 cardiopulmonar b\u00e0sica (RCP) a la pla\u00e7a del Centre de Congressos el mateix dia, d&#8217;11.30 a 13.00. <strong>Ambdues activitats condu\u00efdes per metges i en les quals col\u00b7labora l&#8217;Ajuntament.<\/strong><\/p>\n<p>&nbsp;[\/vc_column_text][\/vc_column][\/vc_row][vc_row source=&#8221;media_library&#8221; image=&#8221;&#8221; img_size=&#8221;medium&#8221; external_img_size=&#8221;&#8221; add_caption=&#8221;&#8221; alignment=&#8221;center&#8221; style=&#8221;&#8221; external_style=&#8221;&#8221; border_color=&#8221;grey&#8221; external_border_color=&#8221;grey&#8221; onclick=&#8221;link_image&#8221; img_link_target=&#8221;_self&#8221; el_class=&#8221;fotounicanoticiavertical&#8221; title=&#8221;&#8221; custom_src=&#8221;&#8221; caption=&#8221;&#8221; link=&#8221;&#8221; img_link_large=&#8221;&#8221;][vc_column][vc_single_image image=&#8221;223859&#8243; img_size=&#8221;medium&#8221; alignment=&#8221;center&#8221; onclick=&#8221;link_image&#8221; el_class=&#8221;fotounicanoticiavertical&#8221;][\/vc_column][\/vc_row][vc_row el_id=&#8221;TEXTO_FIN_NOTICIA&#8221;][vc_column][vc_column_text]Galiana ha agra\u00eft a SOVAMFIC que haja tornat a triar la localitat per a albergar l&#8217;esdeveniment, l&#8217;\u00faltima edici\u00f3 del qual a la capital del Baix Vinalop\u00f3 va ser 2007. A m\u00e9s, ha desitjat que aquest servisca per a generar coneixements aplicables als consultoris i als ambulatoris de tota la Comunitat, <strong>amb la finalitat de continuar prestant als pacients un servei p\u00fablic de qualitat.<\/strong><\/p>\n<hr \/>\n<p>&nbsp;<\/p>\n<p>[\/vc_column_text][\/vc_column][\/vc_row][vc_row][vc_column width=&#8221;1\/6&#8243;][\/vc_column][vc_column width=&#8221;2\/3&#8243;]<audio class=\"sc_audio\" src=\"https:\/\/soundcloud.com\/ayuntamiento-de-elche\/trescientos-medicos-de-familia-se-dan-cita-en-elche-por-el-congreso-de-la-sovamfic?si=1b2f7c382c0145d08571dbd73f31a86c&#038;utm_source=clipboard&#038;utm_medium=text&#038;utm_campaign=social_sharing\" width=\"\" height=\"\"><\/audio>[\/vc_column][vc_column width=&#8221;1\/6&#8243;][\/vc_column][\/vc_row]<\/p>\n<\/div>","protected":false},"excerpt":{"rendered":"<p>[vc_row el_id=&#8221;SUBTITULAR_NOTICIA&#8221;][vc_column][vc_column_text] L&#8217;edil de Sanitat, Mariola Galiana, acompanyada per la presidenta de l&#8217;entitat, la doctora Mar\u00eda \u00c1ngeles Medina, informen de l&#8217;esdeveniment que es desenvolupa el divendres 25 de novembre i [&hellip;]<\/p>\n","protected":false},"author":131,"featured_media":223866,"comment_status":"closed","ping_status":"closed","sticky":false,"template":"","format":"standard","meta":{"footnotes":""},"categories":[391,1312,893],"tags":[],"class_list":["post-223897","post","type-post","status-publish","format-standard","has-post-thumbnail","hentry","category-home-va","category-noticias-va","category-sanidad-va"],"_links":{"self":[{"href":"https:\/\/www.elche.es\/va\/wp-json\/wp\/v2\/posts\/223897","targetHints":{"allow":["GET"]}}],"collection":[{"href":"https:\/\/www.elche.es\/va\/wp-json\/wp\/v2\/posts"}],"about":[{"href":"https:\/\/www.elche.es\/va\/wp-json\/wp\/v2\/types\/post"}],"author":[{"embeddable":true,"href":"https:\/\/www.elche.es\/va\/wp-json\/wp\/v2\/users\/131"}],"replies":[{"embeddable":true,"href":"https:\/\/www.elche.es\/va\/wp-json\/wp\/v2\/comments?post=223897"}],"version-history":[{"count":0,"href":"https:\/\/www.elche.es\/va\/wp-json\/wp\/v2\/posts\/223897\/revisions"}],"wp:featuredmedia":[{"embeddable":true,"href":"https:\/\/www.elche.es\/va\/wp-json\/wp\/v2\/media\/223866"}],"wp:attachment":[{"href":"https:\/\/www.elche.es\/va\/wp-json\/wp\/v2\/media?parent=223897"}],"wp:term":[{"taxonomy":"category","embeddable":true,"href":"https:\/\/www.elche.es\/va\/wp-json\/wp\/v2\/categories?post=223897"},{"taxonomy":"post_tag","embeddable":true,"href":"https:\/\/www.elche.es\/va\/wp-json\/wp\/v2\/tags?post=223897"}],"curies":[{"name":"wp","href":"https:\/\/api.w.org\/{rel}","templated":true}]}}