{"id":223926,"date":"2022-11-22T15:44:07","date_gmt":"2022-11-22T14:44:07","guid":{"rendered":"https:\/\/www.elche.es\/2022\/11\/la-denominacio-dorigen-i-la-regidoria-de-desenvolupament-rural-envien-caixes-de-magrana-mollar-a-influencers-que-sumen-mes-de-4-milions-de-seguidors\/"},"modified":"2022-11-22T15:53:34","modified_gmt":"2022-11-22T14:53:34","slug":"la-denominacio-dorigen-i-la-regidoria-de-desenvolupament-rural-envien-caixes-de-magrana-mollar-a-influencers-que-sumen-mes-de-4-milions-de-seguidors","status":"publish","type":"post","link":"https:\/\/www.elche.es\/va\/2022\/11\/la-denominacio-dorigen-i-la-regidoria-de-desenvolupament-rural-envien-caixes-de-magrana-mollar-a-influencers-que-sumen-mes-de-4-milions-de-seguidors\/","title":{"rendered":"La Denominaci\u00f3 d&#8217;Origen i la Regidoria de Desenvolupament Rural envien caixes de Magrana Mollar a \u2018influencers\u2019 que sumen m\u00e9s de 4 milions de seguidors"},"content":{"rendered":"<div class=\"wpb-content-wrapper\"><p>[vc_row el_id=&#8221;SUBTITULAR_NOTICIA&#8221;][vc_column][vc_column_text]<\/p>\n<hr \/>\n<h4>La protagonista de l&#8217;\u00faltima campanya de la DOP, Alaska, al costat del padr\u00ed de l&#8217;any passat, Jos\u00e9 Ribagorda, o de la periodista il\u00b7licitana, M\u00f3nica Carrillo, tamb\u00e9 rebran aquest obsequi<\/h4>\n<hr \/>\n<p>[\/vc_column_text][\/vc_column][\/vc_row][vc_row el_id=&#8221;TEXTO_NOTICIA&#8221;][vc_column][vc_column_text]El Consell Regulador de la Denominaci\u00f3 d&#8217;Origen de la Magrana Mollar d&#8217;Elx, amb el suport de la Regidoria de Desenvolupament Rural de l&#8217;Ajuntament d&#8217;Elx, ha enviat <strong>un centenar de caixes amb el producte estrela del Camp d\u2019Elx a personalitats populars i <em>influencers<\/em> vinculats amb el m\u00f3n de la gastronomia, la nutrici\u00f3 i l&#8217;esport<\/strong> que sumen m\u00e9s de 4 milions de seguidors en les seues xarxes socials.<\/p>\n<p>A m\u00e9s, aquestes caixes de magranes tamb\u00e9 arribaran a altres personalitats populars com ara <strong>Alaska<\/strong>, protagonista de l&#8217;\u00faltima campanya promocional de la Denominaci\u00f3 d&#8217;Origen, al costat del padr\u00ed d&#8217;honor de la temporada 2021\/2022, el periodista <strong>Jos\u00e9 Ribagorda<\/strong>, de la periodista il\u00b7licitana <strong>M\u00f3nica Carrillo<\/strong> o de la periodista <strong>Pepa Fern\u00e1ndez<\/strong>, que va visitar Elx fa anys per a dedicar el seu programa de r\u00e0dio a la magrana mollar d&#8217;Elx.<\/p>\n<p><strong>L&#8217;enviament est\u00e0 compost per una caixa de 5 quilos de magranes d&#8217;Elx<\/strong> i inclou una postal que fa al\u00b7lusi\u00f3 a les caracter\u00edstiques que converteixen la magrana mollar d&#8217;Elx en \u2018La reina de totes les magranes\u2019.<\/p>\n<p>El president de la DOP de la Granada Mollar d&#8217;Elx, Francisco Oliva, i el regidor de Desenvolupament Rural de l&#8217;Ajuntament d&#8217;Elx, Felip S\u00e0nchez, han assistit a l&#8217;envasament de les caixes i <strong>han destacat la import\u00e0ncia que tenen aquesta classe d&#8217;accions per a donar a con\u00e9ixer aquesta fruita<\/strong>.[\/vc_column_text][\/vc_column][\/vc_row][vc_row type=&#8221;flexslider_slide&#8221; interval=&#8221;5&#8243; source=&#8221;media_library&#8221; images=&#8221;&#8221; img_size=&#8221;full&#8221; external_img_size=&#8221;&#8221; onclick=&#8221;link_image&#8221; custom_links_target=&#8221;_self&#8221; el_class=&#8221;galerianoticia&#8221; title=&#8221;&#8221; custom_srcs=&#8221;&#8221; custom_links=&#8221;&#8221;][vc_column][vc_gallery type=&#8221;flexslider_slide&#8221; interval=&#8221;5&#8243; images=&#8221;223921,223923&#8243; img_size=&#8221;full&#8221; el_class=&#8221;galerianoticia&#8221;][\/vc_column][\/vc_row][vc_row el_id=&#8221;TEXTO_FIN_NOTICIA&#8221;][vc_column][vc_column_text]Oliva explica que \u201cd&#8217;una banda, volem tindre un detall amb la gent que en tots aquests anys ha tingut alguna mena de relaci\u00f3 amb la magrana mollar d&#8217;Elx, mentre que en el cas de les persones amb les quals no existeix aquesta vinculaci\u00f3 tan estreta, all\u00f2 que pretenem \u00e9s <strong>acostar-los la nostra magrana, que puguen gaudir-la i que comproven per elles mateixes les seues qualitats<\/strong>\u201d.<\/p>\n<p>Per part seua, el regidor de Desenvolupament Rural de l&#8217;Ajuntament d&#8217;Elx, Felip S\u00e0nchez, ha assenyalat que aquesta iniciativa s&#8217;emmarca dins del conveni de promoci\u00f3 que t\u00e9 la Regidoria amb la Denominaci\u00f3 d&#8217;Origen Protegida de la Magrana Mollar d&#8217;Elx amb la finalitat de <strong>promoure aquesta varietat \u00fanica i impulsar el seu consum<\/strong>.<\/p>\n<p>En aquest sentit, Felip S\u00e0nchez ha apuntat que aquest<strong> enviament de caixes de magranes \u201cpermet relacionar les qualitats tan bones de la magrana mollar d&#8217;Elx amb persones que difonen aquestos valors<\/strong> i tamb\u00e9 \u00e9s una manera d&#8217;agrair-los aquesta vinculaci\u00f3, la notorietat que ens han donat i donar-la a con\u00e9ixer a altres persones que sabran apreciar les seues caracter\u00edstiques\u201d.<\/p>\n<hr \/>\n<p>&nbsp;<\/p>\n<p>[\/vc_column_text][\/vc_column][\/vc_row][vc_row][vc_column width=&#8221;1\/6&#8243;][\/vc_column][vc_column width=&#8221;2\/3&#8243;]<audio class=\"sc_audio\" src=\"https:\/\/soundcloud.com\/ayuntamiento-de-elche\/envian-cajas-de-granada-mollar-a-influencers-que-suman-mas-de-4-millones-de-seguidores?si=0e9cd7cb57bb4fd9acd4559242916511&#038;utm_source=clipboard&#038;utm_medium=text&#038;utm_campaign=social_sharing\" width=\"\" height=\"\"><\/audio>[\/vc_column][vc_column width=&#8221;1\/6&#8243;][\/vc_column][\/vc_row]<\/p>\n<\/div>","protected":false},"excerpt":{"rendered":"<p>[vc_row el_id=&#8221;SUBTITULAR_NOTICIA&#8221;][vc_column][vc_column_text] La protagonista de l&#8217;\u00faltima campanya de la DOP, Alaska, al costat del padr\u00ed de l&#8217;any passat, Jos\u00e9 Ribagorda, o de la periodista il\u00b7licitana, M\u00f3nica Carrillo, tamb\u00e9 rebran aquest [&hellip;]<\/p>\n","protected":false},"author":131,"featured_media":223920,"comment_status":"closed","ping_status":"closed","sticky":false,"template":"","format":"standard","meta":{"footnotes":""},"categories":[2716,391,1312],"tags":[],"class_list":["post-223926","post","type-post","status-publish","format-standard","has-post-thumbnail","hentry","category-desenvolupament-rural-va","category-home-va","category-noticias-va"],"_links":{"self":[{"href":"https:\/\/www.elche.es\/va\/wp-json\/wp\/v2\/posts\/223926","targetHints":{"allow":["GET"]}}],"collection":[{"href":"https:\/\/www.elche.es\/va\/wp-json\/wp\/v2\/posts"}],"about":[{"href":"https:\/\/www.elche.es\/va\/wp-json\/wp\/v2\/types\/post"}],"author":[{"embeddable":true,"href":"https:\/\/www.elche.es\/va\/wp-json\/wp\/v2\/users\/131"}],"replies":[{"embeddable":true,"href":"https:\/\/www.elche.es\/va\/wp-json\/wp\/v2\/comments?post=223926"}],"version-history":[{"count":0,"href":"https:\/\/www.elche.es\/va\/wp-json\/wp\/v2\/posts\/223926\/revisions"}],"wp:featuredmedia":[{"embeddable":true,"href":"https:\/\/www.elche.es\/va\/wp-json\/wp\/v2\/media\/223920"}],"wp:attachment":[{"href":"https:\/\/www.elche.es\/va\/wp-json\/wp\/v2\/media?parent=223926"}],"wp:term":[{"taxonomy":"category","embeddable":true,"href":"https:\/\/www.elche.es\/va\/wp-json\/wp\/v2\/categories?post=223926"},{"taxonomy":"post_tag","embeddable":true,"href":"https:\/\/www.elche.es\/va\/wp-json\/wp\/v2\/tags?post=223926"}],"curies":[{"name":"wp","href":"https:\/\/api.w.org\/{rel}","templated":true}]}}