{"id":224271,"date":"2022-11-23T13:23:42","date_gmt":"2022-11-23T12:23:42","guid":{"rendered":"https:\/\/www.elche.es\/2022\/11\/la-regidoria-de-comerc-encen-les-llums-de-nadal-amb-173-arcs-aquest-divendres-25-de-novembre-per-a-incentivar-les-compres-durant-el-black-friday\/"},"modified":"2022-11-23T15:13:54","modified_gmt":"2022-11-23T14:13:54","slug":"la-regidoria-de-comerc-encen-les-llums-de-nadal-amb-173-arcs-aquest-divendres-25-de-novembre-per-a-incentivar-les-compres-durant-el-black-friday","status":"publish","type":"post","link":"https:\/\/www.elche.es\/va\/2022\/11\/la-regidoria-de-comerc-encen-les-llums-de-nadal-amb-173-arcs-aquest-divendres-25-de-novembre-per-a-incentivar-les-compres-durant-el-black-friday\/","title":{"rendered":"La Regidoria de Comer\u00e7 enc\u00e9n les llums de Nadal amb 173 arcs aquest divendres 25 de novembre per a incentivar les compres durant el \u2018Black Friday\u2019"},"content":{"rendered":"<div class=\"wpb-content-wrapper\"><p>[vc_row el_id=&#8221;SUBTITULAR_NOTICIA&#8221;][vc_column][vc_column_text]<\/p>\n<hr \/>\n<h4>Enguany l&#8217;horari de la il\u00b7luminaci\u00f3 estar\u00e0 m\u00e9s restringit a causa de les mesures d&#8217;efici\u00e8ncia energ\u00e8tica i les llums s&#8217;activaran de 18.00 hores a 23.00 de diumenge a dijous mentre que els divendres i dissabtes es mantindran fins a l\u20191.00 de la matinada<\/h4>\n<hr \/>\n<p>[\/vc_column_text][\/vc_column][\/vc_row][vc_row el_id=&#8221;TEXTO_NOTICIA&#8221;][vc_column][vc_column_text]La Regidoria de Comer\u00e7 de l&#8217;Ajuntament d&#8217;Elx encendr\u00e0 l&#8217;enllumenat nadalenc aquest divendres 25 de novembre a les 18.00 hores amb <strong>un total de 173 arcs lluminosos repartits pels carrers comercials dels barris del municipi i una inversi\u00f3 de 41.000 euros<\/strong>. Aix\u00ed ho ha anunciat l&#8217;edil de l&#8217;\u00e0rea, Felip S\u00e0nchez, que ha destacat que \u201cl&#8217;encesa es fa coincidir amb la campanya pr\u00e8via de les compres de Nadal del \u2018Black Friday\u2019 com a mesura de suport al comer\u00e7 local i incentiu per a atraure p\u00fablic i reclam tur\u00edstic\u201d.[\/vc_column_text][\/vc_column][\/vc_row][vc_row el_id=&#8221;DESTACADO_NOTICIA&#8221;][vc_column][vc_column_text el_class=&#8221;cuadronoticia&#8221;]<\/p>\n<h5>L&#8217;edil de l&#8217;\u00e0rea, Felip S\u00e0nchez, anima la poblaci\u00f3 a eixir als carrers i a comprar durant aquestes dates al comer\u00e7 de proximitat<\/h5>\n<p>[\/vc_column_text][\/vc_column][\/vc_row][vc_row el_id=&#8221;TEXTO_FIN_NOTICIA&#8221;][vc_column][vc_column_text]S\u00e0nchez ha recordat que enguany l&#8217;enllumenat als carrers <strong>estar\u00e0 m\u00e9s restringit a causa de les mesures d&#8217;efici\u00e8ncia energ\u00e8tica que han de complir tots els ajuntaments<\/strong>, per la qual cosa es reduir\u00e0 l&#8217;horari nocturn d&#8217;encesa per a disminuir l&#8217;impacte econ\u00f2mic i mediambiental, en un horari en el qual el comer\u00e7 ja est\u00e0 tancat. En concret, l&#8217;edil ha explicat que la il\u00b7luminaci\u00f3 s&#8217;encendr\u00e0 a les 18.00 hores i s&#8217;apagar\u00e0 a les 23.00 de diumenge a dijous mentre que els divendres i els dissabtes es mantindr\u00e0 fins a l\u20191.00 de la matinada a causa de l&#8217;aflu\u00e8ncia de p\u00fablic que \u00e9s major i com a mesura de suport a l&#8217;hostaleria.<\/p>\n<p>Els arcs lluminosos seran als <strong>carrers<\/strong> Alfons XII, Hospital\/Troneta, Ample, Alm\u00f2rida, Bisbe Tormo, Concepci\u00f3 Arenal, Capit\u00e0 Antoni Mena, Poeta Miguel Hern\u00e1ndez, Nit de l\u2019Alb\u00e0\/Diagonal, Av. Novelda, Cam\u00ed dels Magros, Jos\u00e9 Garc\u00eda Ferr\u00e1ndez, Alfredo Mira Gran, Pla\u00e7a de Castella, Jaime G\u00f3mez Orts, Antonio Machado, Pla\u00e7a d&#8217;Espanya, Marqu\u00e9s d&#8217;Asprella, i Bisbe Winibal.<\/p>\n<p>El regidor <strong>ha animat la poblaci\u00f3 a eixir als carrers<\/strong> i a comprar durant aquestes dates al comer\u00e7 de proximitat.<\/p>\n<hr \/>\n<p>&nbsp;<\/p>\n<p>[\/vc_column_text][\/vc_column][\/vc_row][vc_row][vc_column width=&#8221;1\/6&#8243;][\/vc_column][vc_column width=&#8221;2\/3&#8243;]<audio class=\"sc_audio\" src=\"https:\/\/soundcloud.com\/ayuntamiento-de-elche\/la-concejalia-de-comercio-enciende-las-luces-de-navidad-con-173-arcos?si=a6bc8e6f80cf407696ef8cd71843dae7&#038;utm_source=clipboard&#038;utm_medium=text&#038;utm_campaign=social_sharing\" width=\"\" height=\"\"><\/audio>[\/vc_column][vc_column width=&#8221;1\/6&#8243;][\/vc_column][\/vc_row]<\/p>\n<\/div>","protected":false},"excerpt":{"rendered":"<p>[vc_row el_id=&#8221;SUBTITULAR_NOTICIA&#8221;][vc_column][vc_column_text] Enguany l&#8217;horari de la il\u00b7luminaci\u00f3 estar\u00e0 m\u00e9s restringit a causa de les mesures d&#8217;efici\u00e8ncia energ\u00e8tica i les llums s&#8217;activaran de 18.00 hores a 23.00 de diumenge a dijous [&hellip;]<\/p>\n","protected":false},"author":131,"featured_media":224267,"comment_status":"closed","ping_status":"closed","sticky":false,"template":"","format":"standard","meta":{"footnotes":""},"categories":[391,1312],"tags":[],"class_list":["post-224271","post","type-post","status-publish","format-standard","has-post-thumbnail","hentry","category-home-va","category-noticias-va"],"_links":{"self":[{"href":"https:\/\/www.elche.es\/va\/wp-json\/wp\/v2\/posts\/224271","targetHints":{"allow":["GET"]}}],"collection":[{"href":"https:\/\/www.elche.es\/va\/wp-json\/wp\/v2\/posts"}],"about":[{"href":"https:\/\/www.elche.es\/va\/wp-json\/wp\/v2\/types\/post"}],"author":[{"embeddable":true,"href":"https:\/\/www.elche.es\/va\/wp-json\/wp\/v2\/users\/131"}],"replies":[{"embeddable":true,"href":"https:\/\/www.elche.es\/va\/wp-json\/wp\/v2\/comments?post=224271"}],"version-history":[{"count":0,"href":"https:\/\/www.elche.es\/va\/wp-json\/wp\/v2\/posts\/224271\/revisions"}],"wp:featuredmedia":[{"embeddable":true,"href":"https:\/\/www.elche.es\/va\/wp-json\/wp\/v2\/media\/224267"}],"wp:attachment":[{"href":"https:\/\/www.elche.es\/va\/wp-json\/wp\/v2\/media?parent=224271"}],"wp:term":[{"taxonomy":"category","embeddable":true,"href":"https:\/\/www.elche.es\/va\/wp-json\/wp\/v2\/categories?post=224271"},{"taxonomy":"post_tag","embeddable":true,"href":"https:\/\/www.elche.es\/va\/wp-json\/wp\/v2\/tags?post=224271"}],"curies":[{"name":"wp","href":"https:\/\/api.w.org\/{rel}","templated":true}]}}