{"id":224689,"date":"2022-11-24T15:20:46","date_gmt":"2022-11-24T14:20:46","guid":{"rendered":"https:\/\/www.elche.es\/2022\/11\/amacmec-entrega-a-lalcalde-i-a-membres-de-lequip-de-govern-el-dorsal-i-la-samarreta-de-la-xviii-carrera-contra-el-cancer-de-mama\/"},"modified":"2022-11-25T09:52:37","modified_gmt":"2022-11-25T08:52:37","slug":"amacmec-entrega-a-lalcalde-i-a-membres-de-lequip-de-govern-el-dorsal-i-la-samarreta-de-la-xviii-carrera-contra-el-cancer-de-mama","status":"publish","type":"post","link":"https:\/\/www.elche.es\/va\/2022\/11\/amacmec-entrega-a-lalcalde-i-a-membres-de-lequip-de-govern-el-dorsal-i-la-samarreta-de-la-xviii-carrera-contra-el-cancer-de-mama\/","title":{"rendered":"AMACMEC entrega a l&#8217;alcalde i a membres de l&#8217;Equip de Govern el dorsal i la samarreta de la XVIII Carrera contra el c\u00e0ncer de mama"},"content":{"rendered":"<div class=\"wpb-content-wrapper\"><p>[vc_row el_id=&#8221;TEXTO_FIN_NOTICIA&#8221;][vc_column][vc_column_text]La presidenta d&#8217;AMACMEC (Associaci\u00f3 de Dones Afectades per c\u00e0ncer de mama d&#8217;Elx i comarca), Manuela Agull\u00f3, ha entregat a l&#8217;alcalde d&#8217;Elx, Carlos Gonz\u00e1lez, al regidor d&#8217;Esports, Vicente Alberola, a l&#8217;edil de Benestar Social, Mariano Valera, i a altres membres de l&#8217;Equip de Govern els dorsals i les samarretes per a participar en la XVIII Carrera Contra el C\u00e0ncer de Mama que se <strong>celebrar\u00e0 el diumenge 27 de novembre a partir de les deu del mat\u00ed, amb eixida i arribada al passeig de l&#8217;Estaci\u00f3<\/strong>.<\/p>\n<p><strong>La carrera es dividir\u00e0 en tres modalitats: carrera, marxa i infantil, i el recorregut ser\u00e0 el mateix que en edicions anteriors<\/strong>. L&#8217;alcalde, que correr\u00e0 la prova, ha agra\u00eft el gest de l&#8217;Associaci\u00f3 i el treball que realitzen durant tot l&#8217;any.[\/vc_column_text][\/vc_column][\/vc_row][vc_row source=&#8221;media_library&#8221; image=&#8221;&#8221; img_size=&#8221;full&#8221; external_img_size=&#8221;&#8221; add_caption=&#8221;&#8221; alignment=&#8221;left&#8221; style=&#8221;&#8221; external_style=&#8221;&#8221; border_color=&#8221;grey&#8221; external_border_color=&#8221;grey&#8221; onclick=&#8221;link_image&#8221; img_link_target=&#8221;_self&#8221; el_class=&#8221;fotounicanoticia&#8221; title=&#8221;&#8221; custom_src=&#8221;&#8221; caption=&#8221;&#8221; link=&#8221;&#8221; img_link_large=&#8221;&#8221;][vc_column][vc_single_image image=&#8221;224684&#8243; img_size=&#8221;full&#8221; onclick=&#8221;link_image&#8221; el_class=&#8221;fotounicanoticia&#8221;][\/vc_column][\/vc_row][vc_row][vc_column][vc_column_text]Gonz\u00e1lez ha destacat la import\u00e0ncia de la carrera que, \u201ca banda de ser una trobada de conviv\u00e8ncia, dona visibilitat a un problema tan important per a les dones i la poblaci\u00f3\u201d. \u201c<strong>\u00c9s essencial que la societat al costat de les institucions treballe perqu\u00e8 hi haja una major investigaci\u00f3<\/strong> i, en definitiva, recursos per a cuidar les dones afectades pel c\u00e0ncer de mama\u201d, ha assenyalat el regidor il\u00b7licit\u00e0.<\/p>\n<p>Els llocs d&#8217;<strong>inscripci\u00f3 presencial<\/strong> s\u00f3n les seus d&#8217;AMACMEC, Gimn\u00e0s Curves, Pikolinos, Electrodom\u00e8stics La Nave (a les dues botigues), Ortop\u00e8dia Ronda Sud Crevillent, Boutique M\u00eda i <strong>chiplevante.com per a la venda en l\u00ednia<\/strong>.<\/p>\n<p><strong>El preu d&#8217;inscripci\u00f3 \u00e9s de 10 euros per als adults i de 5 euros per a xiquets de fins a 12 anys<\/strong> i inclou avituallament i esmorzar gratu\u00eft<\/p>\n<hr \/>\n<p>&nbsp;<\/p>\n<p>[\/vc_column_text][\/vc_column][\/vc_row][vc_row][vc_column width=&#8221;1\/6&#8243;][\/vc_column][vc_column width=&#8221;2\/3&#8243;]<audio class=\"sc_audio\" src=\"\" width=\"\" height=\"\"><\/audio>[\/vc_column][vc_column width=&#8221;1\/6&#8243;][\/vc_column][\/vc_row]<\/p>\n<\/div>","protected":false},"excerpt":{"rendered":"<p>[vc_row el_id=&#8221;TEXTO_FIN_NOTICIA&#8221;][vc_column][vc_column_text]La presidenta d&#8217;AMACMEC (Associaci\u00f3 de Dones Afectades per c\u00e0ncer de mama d&#8217;Elx i comarca), Manuela Agull\u00f3, ha entregat a l&#8217;alcalde d&#8217;Elx, Carlos Gonz\u00e1lez, al regidor d&#8217;Esports, Vicente Alberola, a [&hellip;]<\/p>\n","protected":false},"author":131,"featured_media":224687,"comment_status":"closed","ping_status":"closed","sticky":false,"template":"","format":"standard","meta":{"footnotes":""},"categories":[187,391],"tags":[],"class_list":["post-224689","post","type-post","status-publish","format-standard","has-post-thumbnail","hentry","category-esports","category-home-va"],"_links":{"self":[{"href":"https:\/\/www.elche.es\/va\/wp-json\/wp\/v2\/posts\/224689","targetHints":{"allow":["GET"]}}],"collection":[{"href":"https:\/\/www.elche.es\/va\/wp-json\/wp\/v2\/posts"}],"about":[{"href":"https:\/\/www.elche.es\/va\/wp-json\/wp\/v2\/types\/post"}],"author":[{"embeddable":true,"href":"https:\/\/www.elche.es\/va\/wp-json\/wp\/v2\/users\/131"}],"replies":[{"embeddable":true,"href":"https:\/\/www.elche.es\/va\/wp-json\/wp\/v2\/comments?post=224689"}],"version-history":[{"count":0,"href":"https:\/\/www.elche.es\/va\/wp-json\/wp\/v2\/posts\/224689\/revisions"}],"wp:featuredmedia":[{"embeddable":true,"href":"https:\/\/www.elche.es\/va\/wp-json\/wp\/v2\/media\/224687"}],"wp:attachment":[{"href":"https:\/\/www.elche.es\/va\/wp-json\/wp\/v2\/media?parent=224689"}],"wp:term":[{"taxonomy":"category","embeddable":true,"href":"https:\/\/www.elche.es\/va\/wp-json\/wp\/v2\/categories?post=224689"},{"taxonomy":"post_tag","embeddable":true,"href":"https:\/\/www.elche.es\/va\/wp-json\/wp\/v2\/tags?post=224689"}],"curies":[{"name":"wp","href":"https:\/\/api.w.org\/{rel}","templated":true}]}}