{"id":225113,"date":"2022-11-28T11:22:33","date_gmt":"2022-11-28T10:22:33","guid":{"rendered":"https:\/\/www.elche.es\/2022\/11\/mes-de-6-000-il%c2%b7licitans-i-il%c2%b7licitanes-es-beneficiaran-de-les-mesures-del-govern-per-a-alleujar-la-carrega-hipotecaria\/"},"modified":"2022-11-28T13:06:57","modified_gmt":"2022-11-28T12:06:57","slug":"mes-de-6-000-il%c2%b7licitans-i-il%c2%b7licitanes-es-beneficiaran-de-les-mesures-del-govern-per-a-alleujar-la-carrega-hipotecaria","status":"publish","type":"post","link":"https:\/\/www.elche.es\/va\/2022\/11\/mes-de-6-000-il%c2%b7licitans-i-il%c2%b7licitanes-es-beneficiaran-de-les-mesures-del-govern-per-a-alleujar-la-carrega-hipotecaria\/","title":{"rendered":"M\u00e9s de 6.000 il\u00b7licitans i il\u00b7licitanes es beneficiaran de les mesures del Govern per a alleujar la c\u00e0rrega hipotec\u00e0ria"},"content":{"rendered":"<div class=\"wpb-content-wrapper\"><p>[vc_row el_id=&#8221;SUBTITULAR_NOTICIA&#8221;][vc_column][vc_column_text]<\/p>\n<hr \/>\n<h4>Carlos Gonz\u00e1lez considera que es tracta d&#8217;una proposta \u201coportuna i necess\u00e0ria\u201d davant la pujada de la quota de les hipoteques variables a conseq\u00fc\u00e8ncia de la Guerra d&#8217;Ucra\u00efna<\/h4>\n<hr \/>\n<p>[\/vc_column_text][\/vc_column][\/vc_row][vc_row el_id=&#8221;TEXTO_NOTICIA&#8221;][vc_column][vc_column_text]L&#8217;alcalde d&#8217;Elx, Carlos Gonz\u00e1lez, considera \u201coportunes i necess\u00e0ries\u201d el conjunt de mesures aprovades pel Govern d&#8217;Espanya per a facilitar el p<strong>agament de la hipoteca a m\u00e9s d&#8217;un mili\u00f3 de llars<\/strong> a Espanya davant l&#8217;increment dels tipus d&#8217;inter\u00e9s.<\/p>\n<p>Gonz\u00e1lez ha declarat que, d&#8217;acord amb les dades de l&#8217;Institut Nacional d&#8217;Estad\u00edstica, s&#8217;estima que m\u00e9s de<strong> 6.000 il\u00b7licitans i il\u00b7licitanes es podran beneficiar del paquet de mesures<\/strong> anunciades pel Govern d&#8217;Espanya per a alleujar el pagament de les hipoteques a les fam\u00edlies vulnerables i a les rendes mitjanes.<\/p>\n<p>\u201cLa proposta aprovada aquesta mateixa setmana pel Consell de Ministres, despr\u00e9s de l&#8217;acord aconseguit amb les patronals del sector financer, \u00e9s oportuna i <strong>necess\u00e0ria en el moment actual en el qual les fam\u00edlies han vist com la pujada de l&#8217;eur\u00edbor<\/strong> ha fet que les seues quotes hipotec\u00e0ries s&#8217;incrementen, la qual cosa redueix la capacitat econ\u00f2mica de les llars\u201d, ha declarat l&#8217;alcalde, que ha afegit que \u201ces tracta, per tant, d&#8217;una mesura m\u00e9s adoptada pel Govern, molt positiva a la meua manera de veure, i que t\u00e9 la finalitat de reduir l&#8217;impacte de la inflaci\u00f3 sobre les fam\u00edlies, perqu\u00e8 la pujada de l&#8217;Euribor \u00e9s una decisi\u00f3 adoptada pel Banc Central Europeu per a frenar l&#8217;increment de preus que ha provocat la guerra a Ucra\u00efna\u201d.[\/vc_column_text][\/vc_column][\/vc_row][vc_row el_id=&#8221;DESTACADO_NOTICIA&#8221;][vc_column][vc_column_text el_class=&#8221;cuadronoticia&#8221;]<\/p>\n<h5>Les iniciatives adoptades actuen en tres vies: milloren el tractament de les fam\u00edlies vulnerables; creen un nou marc d&#8217;actuaci\u00f3 per a les llars de classe mitjana en risc de vulnerabilitat, i estableixen mesures generals aplicables a totes les hipoteques<\/h5>\n<p>[\/vc_column_text][\/vc_column][\/vc_row][vc_row el_id=&#8221;TEXTO_FIN_NOTICIA&#8221;][vc_column][vc_column_text]La crisi actual derivada de la Guerra d&#8217;Ucra\u00efna ha provocat la pujada de l&#8217;Eur\u00edbor, tipus d&#8217;inter\u00e9s de refer\u00e8ncia de les hipoteques a tipus variable, que s\u00f3n la majoria de les contractades. Davant d\u2019aquesta situaci\u00f3, <strong>el Govern ha acordat amb les entitats banc\u00e0ries adoptar un paquet de mesures que entrarien en vigor a partir de l&#8217;1 de gener<\/strong> i que pretenen proporcionar als ciutadans alternatives per a esmorteir la c\u00e0rrega hipotec\u00e0ria i comptar amb m\u00e9s certitud sobre el seu nivell de despeses a mitj\u00e0 i a llarg termini.<\/p>\n<p>Les iniciatives adoptades actuen en tres vies: milloren el tractament de les fam\u00edlies vulnerables; creen un nou marc d&#8217;actuaci\u00f3 per a les llars de classe mitjana en risc de vulnerabilitat, i <strong>estableixen mesures generals aplicables a totes les hipoteques<\/strong>.<\/p>\n<p>En primer lloc, es refor\u00e7a l&#8217;actual Codi de Bones Pr\u00e0ctiques per a deutors hipotecaris vulnerables, aquelles fam\u00edlies amb rendes inferiors als 25.200 euros a l&#8217;any i un increment de l&#8217;esfor\u00e7 del 50%, amb habitatges de fins a 300.000 euros. En concret, es redueix el tipus d&#8217;inter\u00e9s aplicable durant els 5 anys d\u2019abs\u00e8ncia en el pagament del principal de la hipoteca, que <strong>passa de l&#8217;Euribor m\u00e9s 0,25% a l&#8217;Euribor menys 0,10%<\/strong>.<\/p>\n<p>A m\u00e9s, <strong>s&#8217;introdueix la possibilitat que les fam\u00edlies sol\u00b7liciten la reestructuraci\u00f3 del deute en m\u00e9s d&#8217;una ocasi\u00f3<\/strong>; es duplica fins als 24 mesos el termini per a sol\u00b7licitar la daci\u00f3 en paga de l&#8217;habitatge habitual, i s&#8217;amplia de 6 a 12 mesos el termini per a sol\u00b7licitar el lloguer social al mateix habitatge a l&#8217;entitat financera, per un import m\u00e0xim del 3% del seu valor, per part de les persones en situaci\u00f3 de vulnerabilitat que estiguen sotmeses a una situaci\u00f3 de desnonament del seu habitatge habitual.<\/p>\n<p>Com a exemple de l&#8217;impacte d&#8217;aquestes mesures, tal com va explicar aquesta setmana la vicepresidenta Nadia Calvi\u00f1o, <strong>una fam\u00edlia amb una hipoteca tipus de 120.000 euros i una quota mensual -despr\u00e9s de la revisi\u00f3 dels tipus d&#8217;inter\u00e9s- de 524 euros veur\u00e0 redu\u00efda<\/strong> la seua quota durant el per\u00edode de car\u00e8ncia de 5 anys en m\u00e9s d&#8217;un 50%, fins als 246 euros.<\/p>\n<p>S&#8217;amplia, a m\u00e9s, l&#8217;\u00e0mbit del Codi perqu\u00e8 s&#8217;aplique a m\u00e9s de 300.000 fam\u00edlies. Aix\u00ed, les llars vulnerables que no hagen experimentat un augment del 50% de la c\u00e0rrega hipotec\u00e0ria podran acollir-se tamb\u00e9 al Codi, en aquest cas amb una falta en el pagament del principal de 2 anys, <strong>un tipus d&#8217;inter\u00e9s menor durant aquest per\u00edode i la possibilitat d&#8217;allargar el termini de la hipoteca fins a 7 anys<\/strong>.<\/p>\n<p>La protecci\u00f3 s&#8217;est\u00e9n a les fam\u00edlies de classe mitjana que es troben en risc de vulnerabilitat a conseq\u00fc\u00e8ncia de l&#8217;augment r\u00e0pid de la c\u00e0rrega hipotec\u00e0ria: el nou Codi de Bones Pr\u00e0ctiques ser\u00e0 <strong>aplicable a les llars amb renda inferior a 3,5 vegades l&#8217;Indicador P\u00fablic de Renda d&#8217;Efectes M\u00faltiples (IPREM) -uns 29.400 euros anuals-<\/strong> que hagen de fer front a una quota hipotec\u00e0ria superior al 30% de la seua renda i que hagen experimentat un increment d&#8217;aquesta c\u00e0rrega hipotec\u00e0ria d&#8217;almenys el 20%.<\/p>\n<p>Per a aquests casos, les entitats financeres <strong>hauran d&#8217;oferir la possibilitat de congelar la quota durant 12 mesos<\/strong>, una reducci\u00f3 del tipus d&#8217;inter\u00e9s aplicable al principal que s&#8217;ajorne i un allargament del termini del pr\u00e9stec de fins a 7 anys.<\/p>\n<hr \/>\n<p>&nbsp;<\/p>\n<p>[\/vc_column_text][\/vc_column][\/vc_row]<\/p>\n<\/div>","protected":false},"excerpt":{"rendered":"<p>[vc_row el_id=&#8221;SUBTITULAR_NOTICIA&#8221;][vc_column][vc_column_text] Carlos Gonz\u00e1lez considera que es tracta d&#8217;una proposta \u201coportuna i necess\u00e0ria\u201d davant la pujada de la quota de les hipoteques variables a conseq\u00fc\u00e8ncia de la Guerra d&#8217;Ucra\u00efna [\/vc_column_text][\/vc_column][\/vc_row][vc_row [&hellip;]<\/p>\n","protected":false},"author":131,"featured_media":179723,"comment_status":"closed","ping_status":"closed","sticky":false,"template":"","format":"standard","meta":{"footnotes":""},"categories":[391,1312],"tags":[],"class_list":["post-225113","post","type-post","status-publish","format-standard","has-post-thumbnail","hentry","category-home-va","category-noticias-va"],"_links":{"self":[{"href":"https:\/\/www.elche.es\/va\/wp-json\/wp\/v2\/posts\/225113","targetHints":{"allow":["GET"]}}],"collection":[{"href":"https:\/\/www.elche.es\/va\/wp-json\/wp\/v2\/posts"}],"about":[{"href":"https:\/\/www.elche.es\/va\/wp-json\/wp\/v2\/types\/post"}],"author":[{"embeddable":true,"href":"https:\/\/www.elche.es\/va\/wp-json\/wp\/v2\/users\/131"}],"replies":[{"embeddable":true,"href":"https:\/\/www.elche.es\/va\/wp-json\/wp\/v2\/comments?post=225113"}],"version-history":[{"count":0,"href":"https:\/\/www.elche.es\/va\/wp-json\/wp\/v2\/posts\/225113\/revisions"}],"wp:featuredmedia":[{"embeddable":true,"href":"https:\/\/www.elche.es\/va\/wp-json\/wp\/v2\/media\/179723"}],"wp:attachment":[{"href":"https:\/\/www.elche.es\/va\/wp-json\/wp\/v2\/media?parent=225113"}],"wp:term":[{"taxonomy":"category","embeddable":true,"href":"https:\/\/www.elche.es\/va\/wp-json\/wp\/v2\/categories?post=225113"},{"taxonomy":"post_tag","embeddable":true,"href":"https:\/\/www.elche.es\/va\/wp-json\/wp\/v2\/tags?post=225113"}],"curies":[{"name":"wp","href":"https:\/\/api.w.org\/{rel}","templated":true}]}}