{"id":226621,"date":"2022-12-02T15:40:49","date_gmt":"2022-12-02T14:40:49","guid":{"rendered":"https:\/\/www.elche.es\/2022\/12\/lajuntament-delx-concedira-el-ram-dor-al-catedratic-il%c2%b7licita-lorenzo-prats-albentosa-en-el-xliv-aniversari-de-la-constitucio\/"},"modified":"2022-12-02T16:40:21","modified_gmt":"2022-12-02T15:40:21","slug":"lajuntament-delx-concedira-el-ram-dor-al-catedratic-il%c2%b7licita-lorenzo-prats-albentosa-en-el-xliv-aniversari-de-la-constitucio","status":"publish","type":"post","link":"https:\/\/www.elche.es\/va\/2022\/12\/lajuntament-delx-concedira-el-ram-dor-al-catedratic-il%c2%b7licita-lorenzo-prats-albentosa-en-el-xliv-aniversari-de-la-constitucio\/","title":{"rendered":"L&#8217;Ajuntament d&#8217;Elx concedir\u00e0 el Ram d\u2019Or al catedr\u00e0tic il\u00b7licit\u00e0 Lorenzo Prats-Albentosa en el XLIV aniversari de la Constituci\u00f3"},"content":{"rendered":"<div class=\"wpb-content-wrapper\"><p>[vc_row el_id=&#8221;SUBTITULAR_NOTICIA&#8221;][vc_column][vc_column_text]<\/p>\n<hr \/>\n<h4>El professor doctor en Dret Civil pronunciar\u00e0 en l&#8217;acte municipal per l&#8217;efem\u00e8ride, que tindr\u00e0 lloc al Sal\u00f3 de Plens el pr\u00f2xim dimarts 6 de desembre a les dotze del migdia, la confer\u00e8ncia \u2018El dret fonamental a l&#8217;habitatge\u2019<\/h4>\n<hr \/>\n<p>[\/vc_column_text][\/vc_column][\/vc_row][vc_row type=&#8221;square&#8221; style_color=&#8221;original&#8221; style=&#8221;filled&#8221; size=&#8221;large&#8221; icon=&#8221;inherit&#8221; color=&#8221;&#8221; bg_color=&#8221;&#8221; align=&#8221;center&#8221; link=&#8221;&#8221; target=&#8221;_blank&#8221; popup=&#8221;&#8221; rel=&#8221;&#8221; id=&#8221;&#8221; class=&#8221;btndentronoticia&#8221; animation=&#8221;none&#8221; width=&#8221;&#8221; height=&#8221;&#8221; top=&#8221;small&#8221; bottom=&#8221;small&#8221; left=&#8221;huge&#8221; right=&#8221;huge&#8221;][vc_column]<a href=\"https:\/\/www.elche.es\/wp-content\/uploads\/2022\/11\/20221130-MOCION-PREMIADOS.pdf\" target=\"_blank\" class=\"sc_button sc_button_square sc_button_style_filled style_original sc_button_size_large aligncenter btndentronoticia margin_top_small margin_right_huge margin_bottom_small margin_left_huge\">Clica ac\u00ed per a veure la Moci\u00f3 <\/a>[\/vc_column][\/vc_row][vc_row el_id=&#8221;TEXTO_NOTICIA&#8221;][vc_column][vc_column_text]L&#8217;Ajuntament d&#8217;Elx concedir\u00e0 el Ram d\u2019Or al catedr\u00e0tic en Dret Civil Lorenzo Prats-Albentosa, en l&#8217;acte municipal del XLIV aniversari de la Constituci\u00f3 Espanyola que tindr\u00e0 lloc al Sal\u00f3 de Plens el pr\u00f2xim dimarts 6 de desembre a les dotze del migdia. L&#8217;alcalde, Carlos Gonz\u00e1lez, ha informat que l&#8217;il\u00b7licit\u00e0, en el marc d&#8217;aquest esdeveniment, pronunciar\u00e0 la confer\u00e8ncia \u2018El dret fonamental a l&#8217;habitatge\u2019. Prats-Albentosa \u00e9s professor doctor en Dret Civil en CUNEF Universitat, el Col\u00b7legi Universitari d&#8217;Estudis Financers de Madrid. I ha desenvolupat una <strong>carrera investigadora de m\u00e0xima rellev\u00e0ncia en diversos camps del dret, com ara en consum, lleis concursals, mediaci\u00f3 i acords extrajudicials o comer\u00e7 electr\u00f2nic de continguts digitals<\/strong>.<\/p>\n<p>Format a les universitats de Val\u00e8ncia, Bolonya, Cambridge i Chicago, compta amb una destacada experi\u00e8ncia com a <strong>representant del Govern d&#8217;Espanya al Comit\u00e9 de Dret Civil del Consell de la Uni\u00f3 Europea i a la Xarxa d&#8217;Experts Nacionals en Dret Contractual Europeu de la Comissi\u00f3 Europea<\/strong>. A m\u00e9s, ha sigut assessor dels gabinets dels ministres de Just\u00edcia del Govern d&#8217;Espanya de 2004 a 2007. I, aix\u00ed mateix, \u00e9s membre d&#8217;associacions i fundacions de gran prestigi internacional com ara el Club Espanyol de l&#8217;Arbitratge, la Cambra Internacional de Comer\u00e7, la Cort de l&#8217;Arbitratge Internacional de Londres o el Grup de Magistrats Europeus per la Mediaci\u00f3.[\/vc_column_text][\/vc_column][\/vc_row][vc_row el_id=&#8221;DESTACADO_NOTICIA&#8221;][vc_column][vc_column_text el_class=&#8221;cuadronoticia&#8221;]<\/p>\n<h5>Aix\u00ed mateix, s&#8217;atorgar\u00e0 la Medalla de Plata del Bimil\u00b7lenari a un total de deu persones, entitats i col\u00b7lectius destacats del municipi en relaci\u00f3 amb els valors de la Carta Magna, aprovada pels espanyols en 1978<\/h5>\n<p>[\/vc_column_text][\/vc_column][\/vc_row][vc_row el_id=&#8221;TEXTO_FIN_NOTICIA&#8221;][vc_column][vc_column_text]A m\u00e9s d&#8217;exercir com a advocat des de 1986, ha fet classes a les universitats Aut\u00f2noma de Barcelona, Complutense, de Val\u00e8ncia i la de Cant\u00e0bria. <strong>Actualment, \u00e9s \u00e0rbitre de la Cort Espanyola d&#8217;Arbitratge i vocal permanent de la Comissi\u00f3 General de Codificaci\u00f3 del Ministeri de Just\u00edcia<\/strong>, entre altres organismes.<\/p>\n<h5>Medalla de Plata del Bimil\u00b7lenari<\/h5>\n<p>D&#8217;altra banda, Carlos Gonz\u00e1lez ha informat que <strong>la Junta de Govern ha acordat distingir en l&#8217;efem\u00e8ride amb la Medalla de Plata del Bimil\u00b7lenari un total de deu persones<\/strong>, entitats i col\u00b7lectius destacats del municipi \u201cen relaci\u00f3 amb els valors de la nostra C\u00e0rrega Magna\u201d.<\/p>\n<p>Concretament, a la magistrada de l&#8217;Audi\u00e8ncia Provincial d&#8217;Alacant i que va ser degana Il\u00b7lustre Col\u00b7legi d&#8217;Advocats d&#8217;Elx (ICAE), <strong>Mar\u00eda Jos\u00e9 Boix Flux\u00e1<\/strong>, \u201cper la seua gesti\u00f3 de l&#8217;administraci\u00f3 de just\u00edcia a la nostra ciutat, excel\u00b7lent i carregada d&#8217;humanitat; al <strong>Menjador Social Al Taufik<\/strong> \u201cper la seua labor social cap a les persones m\u00e9s desfavorides del municipi\u201d; al mundialment reconegut investigador i cosm\u00f2leg il\u00b7licit\u00e0 de la Baia <strong>Iv\u00e1n Agull\u00f3 R\u00f3denas<\/strong> \u201cper la seua not\u00f2ria labor professional en el camp de la f\u00edsica te\u00f2rica\u201d; a l&#8217;empresa familiar <strong>Alm\u00e0ssera \u201cEl Tendre\u201d<\/strong>, fundada en 1839, per una traject\u00f2ria que \u201cha sabut conservar el respecte a la tradici\u00f3 i l&#8217;aposta per la innovaci\u00f3\u201d; i al periodista esportiu i escriptor <strong>Santiago Gamb\u00edn Hern\u00e1ndez<\/strong>.<\/p>\n<p>Tamb\u00e9 a<strong> Vicente Bordonado Gomis<\/strong> \u201cpel seu comprom\u00eds ferm en la divulgaci\u00f3 de l&#8217;activitat i les tradicions del Camp d\u2019Elx\u201d; al projecte <strong>CONVIELX<\/strong> \u201cla finalitat del qual \u00e9s millorar el clima de conviv\u00e8ncia als centres de secund\u00e0ria a la nostra ciutat i reduir el frac\u00e0s escolar\u201d; a la <strong>Fundaci\u00f3 Secretariat Gitano<\/strong>, \u201cfonamental a l&#8217;hora de lluitar per fer desapar\u00e9ixer les barreres socials de les persones d&#8217;\u00e8tnia gitana\u201d; a <strong>l&#8217;Associaci\u00f3 de Dones i Fam\u00edlies de l&#8217;\u00c0mbit Rural (AMFAR)<\/strong>, \u201cclau per a donar visibilitat al treball que desenvolupen les dones en l&#8217;activitat agr\u00e0ria del camp il\u00b7licit\u00e0\u201d; i a <strong>l&#8217;IES Joanot Martorell<\/strong> \u201cper la seua labor docent i afavorir la integraci\u00f3 social i, de la mateixa manera, per una brillant gesti\u00f3 de la multiculturalitat a les aules\u201d.<\/p>\n<p>El regidor il\u00b7licit\u00e0 ha concl\u00f2s i ha afirmat que aquests premis s\u00f3n de gran import\u00e0ncia per a la ciutat \u201ci per a <strong>donar major brillantor a la commemoraci\u00f3 de l&#8217;aniversari de la Constituci\u00f3<\/strong>, que per a aquest Equip de Govern \u00e9s un acte molt simb\u00f2lic i molt rellevant\u201d.<\/p>\n<hr \/>\n<p>&nbsp;<\/p>\n<p>[\/vc_column_text][\/vc_column][\/vc_row][vc_row][vc_column width=&#8221;1\/6&#8243;][\/vc_column][vc_column width=&#8221;2\/3&#8243;]<audio class=\"sc_audio\" src=\"https:\/\/soundcloud.com\/ayuntamiento-de-elche\/elche-otorgara-el-ram-dor-al-ilicitano-y-doctor-en-derecho-civil-lorenzo-prats-albentosa?si=f1739f03a7a34d71993aef21820d4278&#038;utm_source=clipboard&#038;utm_medium=text&#038;utm_campaign=social_sharing\" width=\"\" height=\"\"><\/audio>[\/vc_column][vc_column width=&#8221;1\/6&#8243;][\/vc_column][\/vc_row]<\/p>\n<\/div>","protected":false},"excerpt":{"rendered":"<p>[vc_row el_id=&#8221;SUBTITULAR_NOTICIA&#8221;][vc_column][vc_column_text] El professor doctor en Dret Civil pronunciar\u00e0 en l&#8217;acte municipal per l&#8217;efem\u00e8ride, que tindr\u00e0 lloc al Sal\u00f3 de Plens el pr\u00f2xim dimarts 6 de desembre a les dotze [&hellip;]<\/p>\n","protected":false},"author":131,"featured_media":226484,"comment_status":"closed","ping_status":"closed","sticky":false,"template":"","format":"standard","meta":{"footnotes":""},"categories":[391,1312],"tags":[],"class_list":["post-226621","post","type-post","status-publish","format-standard","has-post-thumbnail","hentry","category-home-va","category-noticias-va"],"_links":{"self":[{"href":"https:\/\/www.elche.es\/va\/wp-json\/wp\/v2\/posts\/226621","targetHints":{"allow":["GET"]}}],"collection":[{"href":"https:\/\/www.elche.es\/va\/wp-json\/wp\/v2\/posts"}],"about":[{"href":"https:\/\/www.elche.es\/va\/wp-json\/wp\/v2\/types\/post"}],"author":[{"embeddable":true,"href":"https:\/\/www.elche.es\/va\/wp-json\/wp\/v2\/users\/131"}],"replies":[{"embeddable":true,"href":"https:\/\/www.elche.es\/va\/wp-json\/wp\/v2\/comments?post=226621"}],"version-history":[{"count":0,"href":"https:\/\/www.elche.es\/va\/wp-json\/wp\/v2\/posts\/226621\/revisions"}],"wp:featuredmedia":[{"embeddable":true,"href":"https:\/\/www.elche.es\/va\/wp-json\/wp\/v2\/media\/226484"}],"wp:attachment":[{"href":"https:\/\/www.elche.es\/va\/wp-json\/wp\/v2\/media?parent=226621"}],"wp:term":[{"taxonomy":"category","embeddable":true,"href":"https:\/\/www.elche.es\/va\/wp-json\/wp\/v2\/categories?post=226621"},{"taxonomy":"post_tag","embeddable":true,"href":"https:\/\/www.elche.es\/va\/wp-json\/wp\/v2\/tags?post=226621"}],"curies":[{"name":"wp","href":"https:\/\/api.w.org\/{rel}","templated":true}]}}