{"id":226680,"date":"2022-12-02T15:39:22","date_gmt":"2022-12-02T14:39:22","guid":{"rendered":"https:\/\/www.elche.es\/2022\/12\/lajuntament-adjudica-la-redaccio-del-projecte-per-a-la-regeneracio-de-la-facana-est-de-carrus\/"},"modified":"2022-12-02T16:41:47","modified_gmt":"2022-12-02T15:41:47","slug":"lajuntament-adjudica-la-redaccio-del-projecte-per-a-la-regeneracio-de-la-facana-est-de-carrus","status":"publish","type":"post","link":"https:\/\/www.elche.es\/va\/2022\/12\/lajuntament-adjudica-la-redaccio-del-projecte-per-a-la-regeneracio-de-la-facana-est-de-carrus\/","title":{"rendered":"L&#8217;Ajuntament adjudica la redacci\u00f3 del projecte per a la regeneraci\u00f3 de la fa\u00e7ana est de Carr\u00fas"},"content":{"rendered":"<div class=\"wpb-content-wrapper\"><p>[vc_row el_id=&#8221;SUBTITULAR_NOTICIA&#8221;][vc_column][vc_column_text]<\/p>\n<hr \/>\n<h4>La Junta de Govern trau a licitaci\u00f3 l&#8217;obra per a la construcci\u00f3 d&#8217;un gimn\u00e0s al col\u00b7legi Julio Mar\u00eda L\u00f3pez Orozco, una nova actuaci\u00f3 del Pla Edificant per a la millora de les infraestructures educatives<\/h4>\n<hr \/>\n<p>[\/vc_column_text][\/vc_column][\/vc_row][vc_row el_id=&#8221;TEXTO_FIN_NOTICIA&#8221;][vc_column][vc_column_text]La Junta de Govern Local <strong>ha adjudicat el contracte d&#8217;assist\u00e8ncia t\u00e8cnica per a la redacci\u00f3 del projecte i la direcci\u00f3 d&#8217;obra de la regeneraci\u00f3 de la fa\u00e7ana est de Carr\u00fas<\/strong>.<\/p>\n<p>Aix\u00ed ho ha anunciat el <strong>portaveu de l&#8217;equip de Govern, H\u00e9ctor D\u00edez<\/strong>, que ha apuntat que es tracta d&#8217;un important pas per a fer realitat aquest important projecte.<\/p>\n<p>\u201cEl departament d&#8217;Urbanisme, despr\u00e9s de l&#8217;avaluaci\u00f3, proposa adjudicar aquest contracte a la<strong> UTE AJF Arquitectura i enginyeria i Urbanisme i enginyeria Estudi Mediterrani<\/strong>. Una UTE de despatxos d&#8217;arquitectes que s&#8217;adjudica aquest contracte que va eixir a licitaci\u00f3 per 256.900 euros i un termini d&#8217;execuci\u00f3 de 27 mesos\u201d, ha indicat el portaveu, que ha aclarit que \u201cparlem de redacci\u00f3 del projecte, execuci\u00f3 d&#8217;obra i termini de garantia per aix\u00f2 \u00e9s tan llarg el per\u00edode. <strong>Amb aquesta actuaci\u00f3 fem un nou pas de cara a la futura licitaci\u00f3 de l&#8217;obra<\/strong>\u201d.<\/p>\n<h5>Nova actuaci\u00f3 del Pla Edificant<\/h5>\n<p>D&#8217;altra banda, la Junta ha tret a licitaci\u00f3 les obres per a la <strong>construcci\u00f3 d&#8217;un gimn\u00e0s al col\u00b7legi Julio Mar\u00eda L\u00f3pez Orozco<\/strong>. \u201cEl projecte ix a licitaci\u00f3 per 558.500 euros i un termini d&#8217;execuci\u00f3 de deu mesos. L&#8217;objectiu \u00e9s dotar a aquest centre escolar d&#8217;un gimn\u00e0s d&#8217;una superf\u00edcie de 372 metres quadrats, per a crear en superf\u00edcie coberta una pista esportiva, vestuaris, lavabos, magatzem i despatx\u201d, ha apuntat D\u00edez, que ha indicat que es tracta d&#8217;un nou projecte del Pla Edificant que ix a licitaci\u00f3 i que confirma que es tracta d&#8217;una interessant <strong>eina per a millorar les infraestructures educatives de la ciutat i les pedanies<\/strong>.<\/p>\n<h5>Nou pas la regeneraci\u00f3 de l&#8217;entorn d&#8217;Antonio Machado<\/h5>\n<p>En l&#8217;\u00e0rea d&#8217;Urbanisme, el Govern Municipal <strong>ha aprovat el projecte per a la urbanitzaci\u00f3 de l&#8217;illa de Reebok al carrer Antonio Machado<\/strong>.<\/p>\n<p>\u201cHui hem aprovat el projecte d&#8217;urbanitzaci\u00f3, una vegada que ja es va concedir la llic\u00e8ncia d&#8217;enderrocament de l&#8217;antiga nau i hem donat llum verda a desenvolupar una illa que compr\u00e9n 7.258 metres quadrats que quedar\u00e0 urbanitzada amb <strong>una part d&#8217;espai p\u00fablic amb zona verda de 2.455 metres quadrats amb una pla\u00e7a i jard\u00ed amb zones verdes, camins per als vianants i jocs infantils<\/strong>. Hi haur\u00e0 una zona de m\u00e9s de 4.000 metres quadrats amb uns baixos destinats a un supermercat, aix\u00ed com el desenvolupament de torres d&#8217;habitatges a la part que dona a Antonio Machado\u201d, ha indicat D\u00edez.<\/p>\n<p>El portaveu ha assenyalat que el projecte d&#8217;urbanitzaci\u00f3 d&#8217;aquesta illa <strong>t\u00e9 un pressupost de 406.000 euros i una duraci\u00f3 m\u00e0xima de sis mesos d&#8217;obres<\/strong>.<\/p>\n<p>\u201cAmb aquest projecte d&#8217;urbanitzaci\u00f3 el Govern Municipal est\u00e0 conven\u00e7ut que s&#8217;afavoreix un projecte, tant de zona comercial com d&#8217;habitatges i zones verdes que dinamitzar\u00e0 l&#8217;entorn d&#8217;Antonio Machado en una zona en la qual queden diferents naus en des\u00fas i que necessita d&#8217;actuaci\u00f3 de regeneraci\u00f3 urbana com aquesta\u201d, ha apuntat el portaveu, que ha recordat que en aquesta zona tamb\u00e9 s&#8217;estan desenvolupant altres actuacions que contribuiran a dinamitzar la zona com ara la <strong>creaci\u00f3 d&#8217;un centre geri\u00e0tric i la construcci\u00f3 d&#8217;habitatges particulars<\/strong>.<\/p>\n<p>En l&#8217;\u00e0rea d&#8217;Urbanisme s&#8217;ha procedit tamb\u00e9 a l&#8217;aprovaci\u00f3 inicial de l<strong>&#8216;ordenan\u00e7a per a regular la instal\u00b7laci\u00f3 i eliminaci\u00f3 de barreres arquitect\u00f2niques a les edificacions particulars i p\u00fabliques<\/strong>, aix\u00ed com criteris d&#8217;efici\u00e8ncia energ\u00e8tica i de sostenibilitat. Despr\u00e9s d&#8217;estar sotm\u00e9s l&#8217;esborrany inicial al p\u00fablic no ha rebut cap aportaci\u00f3 ni suggeriment, per tant, ara anir\u00e0 a Ple i a exposici\u00f3 per a la presentaci\u00f3 d&#8217;al\u00b7legacions i dur a terme finalment la seua aprovaci\u00f3 definitiva.<\/p>\n<h5>Millores en el manteniment en pedanies i en senyalitzaci\u00f3<\/h5>\n<p>Hui s&#8217;ha procedit a adjudicar el lot 2 del contracte de manteniment i conservaci\u00f3 d&#8217;espais p\u00fablics al terme municipal d&#8217;Elx. Correspon a actuacions a les pedanies i s&#8217;adjudica per un import de 150.000 euros i un termini d&#8217;execuci\u00f3 d&#8217;un any. Aquest contracte permetr\u00e0 <strong>actuar en voreres, itineraris per als vianants, places i jardins amb actuacions als Bassars, els Arenals, Torrellano o l&#8217;Altet<\/strong>.<\/p>\n<p>D\u00edez ha recordat que recentment es va adjudicar el <strong>lot 1 per 350.000 euros i corresponent a espais p\u00fablics al nucli urb\u00e0<\/strong>.<\/p>\n<p>\u201cEn total es tracta d&#8217;una <strong>inversi\u00f3 de mig mili\u00f3 d&#8217;euros<\/strong> que permetr\u00e0 la millora de zones per als vianants i voreres en barris i pedanies a partir de 2023\u201d, ha indicat l&#8217;edil.<\/p>\n<p>Tamb\u00e9 s&#8217;han adjudicat els contractes de manteniment i conservaci\u00f3 de senyalitzaci\u00f3 al terme municipal d&#8217;Elx. Es tracta d&#8217;un <strong>contracte de dos lots, un d&#8217;aquests per a la senyalitzaci\u00f3 horitzontal (conservaci\u00f3 de la pintura) i un altre per a la senyalitzaci\u00f3 vertical de tr\u00e0nsit informativa<\/strong>. Es tracta d&#8217;un pressupost anual total de 480.000 euros i cinc anys.<\/p>\n<h5>Agenda Urbana<\/h5>\n<p>La Junta de Govern ha acordat encarregar a la Regidoria de Gesti\u00f3 Tribut\u00e0ria i Financera i Fons Europeus la <strong>redacci\u00f3 del pla d&#8217;acci\u00f3 d&#8217;Agenda Urbana<\/strong> perqu\u00e8 l&#8217;Ajuntament d&#8217;Elx es dote d&#8217;aquest document que ser\u00e0 imprescindible per a continuar rebent ajudes provinents d&#8217;Europa.<\/p>\n<p>Tal com ha explicat el portaveu de l&#8217;Equip de Govern, H\u00e9ctor D\u00edez, \u201c<strong>el Govern d&#8217;Espanya ha establit dins de les seues directrius d&#8217;actuaci\u00f3 que els municipis estem obligats a posar en marxa un pla d&#8217;acci\u00f3<\/strong> per a generar una Agenda Urbana, un document que ser\u00e0 un requisit imprescindible per a accedir a fons europeus en els pr\u00f2xims mesos\u201d.<\/p>\n<p>D\u00edez ha destacat que <strong>els fons europeus s&#8217;han convertit en una l\u00ednia molt important de finan\u00e7ament per als grans ajuntaments<\/strong>, gr\u00e0cies a programes com ara l&#8217;Estrat\u00e8gia DUSI i els Fons Next Generation, a l&#8217;hora de posar en marxa actuacions de sostenibilitat o modernitzaci\u00f3 de serveis p\u00fablics municipals, per\u00f2 tamb\u00e9 inversions en barris i pedanies per a millorar les infraestructures esportives o culturals.<\/p>\n<p>D\u00edez ha dit que<strong> l&#8217;Ajuntament d&#8217;Elx ha aconseguit una subvenci\u00f3 de 30.000 euros<\/strong> de la Conselleria de Transpar\u00e8ncia per a redactar aquest document de Pla d&#8217;acci\u00f3 d&#8217;Agenda Urbana.<\/p>\n<hr \/>\n<p>&nbsp;[\/vc_column_text][\/vc_column][\/vc_row][vc_row][vc_column width=&#8221;1\/6&#8243;][\/vc_column][vc_column width=&#8221;2\/3&#8243;]<audio class=\"sc_audio\" src=\"https:\/\/soundcloud.com\/ayuntamiento-de-elche\/junta-del-gobierno-local-02122022?si=8285b8064c454da896e253be9d608f93&#038;utm_source=clipboard&#038;utm_medium=text&#038;utm_campaign=social_sharing\" width=\"\" height=\"\"><\/audio>[\/vc_column][vc_column width=&#8221;1\/6&#8243;][\/vc_column][\/vc_row]<\/p>\n<\/div>","protected":false},"excerpt":{"rendered":"<p>[vc_row el_id=&#8221;SUBTITULAR_NOTICIA&#8221;][vc_column][vc_column_text] La Junta de Govern trau a licitaci\u00f3 l&#8217;obra per a la construcci\u00f3 d&#8217;un gimn\u00e0s al col\u00b7legi Julio Mar\u00eda L\u00f3pez Orozco, una nova actuaci\u00f3 del Pla Edificant per a [&hellip;]<\/p>\n","protected":false},"author":131,"featured_media":226480,"comment_status":"closed","ping_status":"closed","sticky":false,"template":"","format":"standard","meta":{"footnotes":""},"categories":[654,391,3085,1312],"tags":[],"class_list":["post-226680","post","type-post","status-publish","format-standard","has-post-thumbnail","hentry","category-edusi-va","category-home-va","category-junta-de-govern-local","category-noticias-va"],"_links":{"self":[{"href":"https:\/\/www.elche.es\/va\/wp-json\/wp\/v2\/posts\/226680","targetHints":{"allow":["GET"]}}],"collection":[{"href":"https:\/\/www.elche.es\/va\/wp-json\/wp\/v2\/posts"}],"about":[{"href":"https:\/\/www.elche.es\/va\/wp-json\/wp\/v2\/types\/post"}],"author":[{"embeddable":true,"href":"https:\/\/www.elche.es\/va\/wp-json\/wp\/v2\/users\/131"}],"replies":[{"embeddable":true,"href":"https:\/\/www.elche.es\/va\/wp-json\/wp\/v2\/comments?post=226680"}],"version-history":[{"count":0,"href":"https:\/\/www.elche.es\/va\/wp-json\/wp\/v2\/posts\/226680\/revisions"}],"wp:featuredmedia":[{"embeddable":true,"href":"https:\/\/www.elche.es\/va\/wp-json\/wp\/v2\/media\/226480"}],"wp:attachment":[{"href":"https:\/\/www.elche.es\/va\/wp-json\/wp\/v2\/media?parent=226680"}],"wp:term":[{"taxonomy":"category","embeddable":true,"href":"https:\/\/www.elche.es\/va\/wp-json\/wp\/v2\/categories?post=226680"},{"taxonomy":"post_tag","embeddable":true,"href":"https:\/\/www.elche.es\/va\/wp-json\/wp\/v2\/tags?post=226680"}],"curies":[{"name":"wp","href":"https:\/\/api.w.org\/{rel}","templated":true}]}}