{"id":226725,"date":"2022-12-02T15:15:27","date_gmt":"2022-12-02T14:15:27","guid":{"rendered":"https:\/\/www.elche.es\/2022\/12\/elx-registra-al-novembre-20-879-aturats-i-consolida-la-baixada-continuada-de-la-desocupacio-durant-2022\/"},"modified":"2022-12-02T15:15:27","modified_gmt":"2022-12-02T14:15:27","slug":"elx-registra-al-novembre-20-879-aturats-i-consolida-la-baixada-continuada-de-la-desocupacio-durant-2022","status":"publish","type":"post","link":"https:\/\/www.elche.es\/va\/2022\/12\/elx-registra-al-novembre-20-879-aturats-i-consolida-la-baixada-continuada-de-la-desocupacio-durant-2022\/","title":{"rendered":"Elx registra al novembre 20.879 aturats i consolida la baixada continuada de la desocupaci\u00f3 durant 2022"},"content":{"rendered":"<div class=\"wpb-content-wrapper\"><p>[vc_row el_id=&#8221;SUBTITULAR_NOTICIA&#8221;][vc_column][vc_column_text]<\/p>\n<hr \/>\n<h4>L&#8217;alcalde, Carlos Gonz\u00e1lez, destaca que els \u201cesfor\u00e7os realitzats tant pel teixit empresarial com per les administracions p\u00fabliques estan donant bons resultats\u201d<\/h4>\n<hr \/>\n<p>[\/vc_column_text][\/vc_column][\/vc_row][vc_row el_id=&#8221;TEXTO_NOTICIA&#8221;][vc_column][vc_column_text]Elx ha registrat un total de 20.879 aturats durant el mes de novembre, segons dades facilitades per les oficines de Labora. A<strong>questa xifra d&#8217;aturats \u00e9s la m\u00e9s baixa comptabilitzada des de 2008 i se situa ja prop dels valors previs a l&#8217;inici de la crisi econ\u00f2mica<\/strong>.<\/p>\n<p>La baixada del nombre d&#8217;aturats al novembre \u00e9s una <strong>continuaci\u00f3 de la tend\u00e8ncia registrada durant tot 2022 al terme municipal<\/strong>. El mes de gener es van comptabilitzar 22.107 persones demandants d&#8217;ocupaci\u00f3 i aquesta xifra s&#8217;ha anat reduint progressivament fins a aconseguir els 20.879 aturats de l&#8217;\u00faltim mes.<\/p>\n<p>Del total d&#8217;aturats al novembre, <strong>13.166 corresponen a dones, mentre que 7.713 s\u00f3n homes<\/strong>. La reducci\u00f3 percentual de l&#8217;atur des de gener a novembre a Elx ha sigut d&#8217;un 5,55% i ha disminu\u00eft en un 7,70% en homes i un 4,25% en dones.[\/vc_column_text][\/vc_column][\/vc_row][vc_row el_id=&#8221;DESTACADO_NOTICIA&#8221;][vc_column][vc_column_text el_class=&#8221;cuadronoticia&#8221;]<\/p>\n<h5>La xifra de persones sense ocupaci\u00f3 comptabilitzada per les oficines de Labora en l&#8217;\u00faltim mes al municipi \u00e9s la m\u00e9s baixa des de 2008<\/h5>\n<p>[\/vc_column_text][\/vc_column][\/vc_row][vc_row el_id=&#8221;TEXTO_FIN_NOTICIA&#8221;][vc_column][vc_column_text]Per part seua, les contractacions registrades al novembre al municipi han ascendit a 4.905, de les quals 2.442 han correspost a contractes de dones i 2.463 als efectuats en homes.<\/p>\n<h5>Campanya comercial<\/h5>\n<p>Per a l&#8217;alcalde d&#8217;Elx, Carlos Gonz\u00e1lez, les xifres positives del mes de novembre s\u00f3n \u201cuna <strong>mostra de la capacitat de recuperaci\u00f3 que t\u00e9 l&#8217;estructura productiva i laboral del nostre municipi<\/strong> i constaten la solidesa de l&#8217;economia il\u00b7licitana\u201d.<\/p>\n<p>En opini\u00f3 de Gonz\u00e1lez, les dades de reducci\u00f3 de l&#8217;atur i d&#8217;increment de la contractaci\u00f3 demostren que <strong>&#8220;els esfor\u00e7os realitzats tant pel teixit empresarial com per les administracions p\u00fabliques estan donant bons resultats\u201d<\/strong>.<\/p>\n<hr \/>\n<p>[\/vc_column_text][\/vc_column][\/vc_row][vc_row][vc_column width=&#8221;1\/6&#8243;][\/vc_column][vc_column width=&#8221;2\/3&#8243;]<audio class=\"sc_audio\" src=\"\" width=\"\" height=\"\"><\/audio>[\/vc_column][vc_column width=&#8221;1\/6&#8243;][\/vc_column][\/vc_row]<\/p>\n<\/div>","protected":false},"excerpt":{"rendered":"<p>[vc_row el_id=&#8221;SUBTITULAR_NOTICIA&#8221;][vc_column][vc_column_text] L&#8217;alcalde, Carlos Gonz\u00e1lez, destaca que els \u201cesfor\u00e7os realitzats tant pel teixit empresarial com per les administracions p\u00fabliques estan donant bons resultats\u201d [\/vc_column_text][\/vc_column][\/vc_row][vc_row el_id=&#8221;TEXTO_NOTICIA&#8221;][vc_column][vc_column_text]Elx ha registrat un total de [&hellip;]<\/p>\n","protected":false},"author":131,"featured_media":226685,"comment_status":"closed","ping_status":"closed","sticky":false,"template":"","format":"standard","meta":{"footnotes":""},"categories":[391,1312],"tags":[],"class_list":["post-226725","post","type-post","status-publish","format-standard","has-post-thumbnail","hentry","category-home-va","category-noticias-va"],"_links":{"self":[{"href":"https:\/\/www.elche.es\/va\/wp-json\/wp\/v2\/posts\/226725","targetHints":{"allow":["GET"]}}],"collection":[{"href":"https:\/\/www.elche.es\/va\/wp-json\/wp\/v2\/posts"}],"about":[{"href":"https:\/\/www.elche.es\/va\/wp-json\/wp\/v2\/types\/post"}],"author":[{"embeddable":true,"href":"https:\/\/www.elche.es\/va\/wp-json\/wp\/v2\/users\/131"}],"replies":[{"embeddable":true,"href":"https:\/\/www.elche.es\/va\/wp-json\/wp\/v2\/comments?post=226725"}],"version-history":[{"count":0,"href":"https:\/\/www.elche.es\/va\/wp-json\/wp\/v2\/posts\/226725\/revisions"}],"wp:featuredmedia":[{"embeddable":true,"href":"https:\/\/www.elche.es\/va\/wp-json\/wp\/v2\/media\/226685"}],"wp:attachment":[{"href":"https:\/\/www.elche.es\/va\/wp-json\/wp\/v2\/media?parent=226725"}],"wp:term":[{"taxonomy":"category","embeddable":true,"href":"https:\/\/www.elche.es\/va\/wp-json\/wp\/v2\/categories?post=226725"},{"taxonomy":"post_tag","embeddable":true,"href":"https:\/\/www.elche.es\/va\/wp-json\/wp\/v2\/tags?post=226725"}],"curies":[{"name":"wp","href":"https:\/\/api.w.org\/{rel}","templated":true}]}}