{"id":226934,"date":"2022-12-04T10:01:07","date_gmt":"2022-12-04T09:01:07","guid":{"rendered":"https:\/\/www.elche.es\/2022\/12\/mes-de-700-esportistes-participen-en-la-i-carrera-solidaria-ruta-091-organitzada-per-la-policia-nacional\/"},"modified":"2022-12-12T15:12:58","modified_gmt":"2022-12-12T14:12:58","slug":"mes-de-700-esportistes-participen-en-la-i-carrera-solidaria-ruta-091-organitzada-per-la-policia-nacional","status":"publish","type":"post","link":"https:\/\/www.elche.es\/va\/2022\/12\/mes-de-700-esportistes-participen-en-la-i-carrera-solidaria-ruta-091-organitzada-per-la-policia-nacional\/","title":{"rendered":"M\u00e9s de 700 esportistes participen en la I Carrera Solid\u00e0ria Ruta 091 organitzada per la Policia Nacional"},"content":{"rendered":"<div class=\"wpb-content-wrapper\"><p>[vc_row el_id=&#8221;SUBTITULAR_NOTICIA&#8221;][vc_column][vc_column_text]<\/p>\n<hr \/>\n<h4>La recaptaci\u00f3 de la prova, de cinc quil\u00f2metres de recorregut amb eixida i arribada a la Pla\u00e7a de Baix, es destina a ajudar Sense Barreres (Associaci\u00f3 de Malalties Rares i Discapacitat) i Anoa-Elx (Associaci\u00f3 de Diversitat Funcional) \u201cper la seua labor digna d&#8217;elogi\u201d, segons ha explicat el comissari, Pedro Montore<\/h4>\n<hr \/>\n<p>[\/vc_column_text][\/vc_column][\/vc_row][vc_row el_id=&#8221;TEXTO_NOTICIA&#8221;][vc_column][vc_column_text]M\u00e9s de 700 esportistes han participat en la <strong>I Carrera Solid\u00e0ria Ruta 091 organitzada per la Comissaria de la Policia Nacional<\/strong> amb eixida i arribada a la Pla\u00e7a de Baix i amb un recorregut de cinc quil\u00f2metres.<\/p>\n<p><strong>La recaptaci\u00f3 de la prova anir\u00e0 destinada a ajudar Sense Barreres (Associaci\u00f3 de Malalties Rares i Discapacitat) i Anoa-Elx (Associaci\u00f3 de Diversitat Funcional)<\/strong> els membres i els representants de les quals van ser presents en la cita amb sengles parades on van explicar les seues activitat a les persones interessades.[\/vc_column_text][\/vc_column][\/vc_row][vc_row el_id=&#8221;DESTACADO_NOTICIA&#8221;][vc_column][vc_gallery type=&#8221;flexslider_slide&#8221; interval=&#8221;5&#8243; images=&#8221;226850,226852,226854,226856,226880,226860,226862,226864,226866,226868,226870,226872,226874,226876,226878,226858,226882&#8243; img_size=&#8221;full&#8221; el_class=&#8221;galerianoticia&#8221;][\/vc_column][\/vc_row][vc_row][vc_column][vc_column_text]Aquesta cita esportiva ha comptat amb la participaci\u00f3 en la carrera de<strong> l&#8217;alcalde, Carlos Gonz\u00e1lez, la regidora d&#8217;Urbanisme, Ana Arabid, i l&#8217;edil d&#8217;Igualtat, Mariano Valera, i amb la pres\u00e8ncia dels edils d&#8217;Esports, Vicente Alberola, i de Seguretat, Ram\u00f3n Abad<\/strong>, entre altres membres de la Corporaci\u00f3 Municipal.<\/p>\n<p><strong>El guanyador de la prova ha sigut Pau Gonz\u00e1lez-Espresati<\/strong> amb un temps de 16\u201926\u2019\u2019, <strong>seguit d&#8217;Adri\u00e1n Irles Marco<\/strong> (16\u201942\u2019\u2019) <strong>i de Luis Quiles<\/strong> (17\u201928\u2019\u2019). En la categoria femenina la triomfadora ha sigut <strong>Cristina Cartagena<\/strong>, que ha entrat en meta amb un registre de 21\u201952\u2019\u2019, <strong>seguida d&#8217;Aranzazu Rodr\u00edguez<\/strong> (21\u201956\u2019\u2019) i de<strong> Paula Amor\u00f3s<\/strong> (22\u201957\u2019\u2019).[\/vc_column_text][\/vc_column][\/vc_row][vc_row][vc_column][vc_column_text el_class=&#8221;cuadronoticia&#8221;]<\/p>\n<h5>La cita esportiva ha comptat amb la participaci\u00f3 en la carrera de l&#8217;alcalde, Carlos Gonz\u00e1lez, els regidors d&#8217;Urbanisme, Ana Arabid, i d&#8217;Igualtat, Mariano Valera, i amb la pres\u00e8ncia dels edils d&#8217;Esports, Vicente Alberola, i de Seguretat, Ram\u00f3n Abad, entre altres membres de la Corporaci\u00f3 Municipal<\/h5>\n<p>[\/vc_column_text][\/vc_column][\/vc_row][vc_row el_id=&#8221;TEXTO_FIN_NOTICIA&#8221;][vc_column][vc_column_text]La carrera ha congregat nombr\u00f3s p\u00fablic a la Pla\u00e7a de Baix, on s&#8217;ha viscut una gran festa esportiva que ha comptat amb <strong>l&#8217;actuaci\u00f3 del mentalista il\u00b7licit\u00e0 Diego Rubio<\/strong>, a m\u00e9s del sorteig de diferents obsequis. L&#8217;organitzaci\u00f3 ha comptat amb la participaci\u00f3 d&#8217;agents de la Comissaria il\u00b7licitana, de la Provincial d&#8217;Alacant i de la Prefectura de Val\u00e8ncia, en concret membres de Participaci\u00f3 Ciutadana, guies canins, la unitat de drons i l&#8217;helic\u00f2pter de la Prefectura Superior, segons ha explicat el <strong>comissari, Pedro Montore<\/strong>.<\/p>\n<p>El responsable de la Comissaria va elogiar el treball que desenvolupen les associacions benefici\u00e0ries de l&#8217;ajuda, aix\u00ed com la col\u00b7laboraci\u00f3 de l&#8217;Ajuntament d&#8217;Elx a trav\u00e9s de la Policia Local i de la Regidoria d&#8217;Esports, \u201cque ens han donat totes les facilitats\u201d.<\/p>\n<hr \/>\n<p>[\/vc_column_text][\/vc_column][\/vc_row]<\/p>\n<\/div>","protected":false},"excerpt":{"rendered":"<p>[vc_row el_id=&#8221;SUBTITULAR_NOTICIA&#8221;][vc_column][vc_column_text] La recaptaci\u00f3 de la prova, de cinc quil\u00f2metres de recorregut amb eixida i arribada a la Pla\u00e7a de Baix, es destina a ajudar Sense Barreres (Associaci\u00f3 de Malalties [&hellip;]<\/p>\n","protected":false},"author":131,"featured_media":226849,"comment_status":"closed","ping_status":"closed","sticky":false,"template":"","format":"standard","meta":{"footnotes":""},"categories":[190,187,391,1312,3206],"tags":[],"class_list":["post-226934","post","type-post","status-publish","format-standard","has-post-thumbnail","hentry","category-drets-socials","category-esports","category-home-va","category-noticias-va","category-portada-drets-socials"],"_links":{"self":[{"href":"https:\/\/www.elche.es\/va\/wp-json\/wp\/v2\/posts\/226934","targetHints":{"allow":["GET"]}}],"collection":[{"href":"https:\/\/www.elche.es\/va\/wp-json\/wp\/v2\/posts"}],"about":[{"href":"https:\/\/www.elche.es\/va\/wp-json\/wp\/v2\/types\/post"}],"author":[{"embeddable":true,"href":"https:\/\/www.elche.es\/va\/wp-json\/wp\/v2\/users\/131"}],"replies":[{"embeddable":true,"href":"https:\/\/www.elche.es\/va\/wp-json\/wp\/v2\/comments?post=226934"}],"version-history":[{"count":0,"href":"https:\/\/www.elche.es\/va\/wp-json\/wp\/v2\/posts\/226934\/revisions"}],"wp:featuredmedia":[{"embeddable":true,"href":"https:\/\/www.elche.es\/va\/wp-json\/wp\/v2\/media\/226849"}],"wp:attachment":[{"href":"https:\/\/www.elche.es\/va\/wp-json\/wp\/v2\/media?parent=226934"}],"wp:term":[{"taxonomy":"category","embeddable":true,"href":"https:\/\/www.elche.es\/va\/wp-json\/wp\/v2\/categories?post=226934"},{"taxonomy":"post_tag","embeddable":true,"href":"https:\/\/www.elche.es\/va\/wp-json\/wp\/v2\/tags?post=226934"}],"curies":[{"name":"wp","href":"https:\/\/api.w.org\/{rel}","templated":true}]}}