{"id":227051,"date":"2022-12-05T13:56:47","date_gmt":"2022-12-05T12:56:47","guid":{"rendered":"https:\/\/www.elche.es\/2022\/12\/lajuntament-col%c2%b7labora-amb-lassociacio-sistema-participatiu-de-garantia-spg-alacant-en-una-iniciativa-per-a-promoure-lagroecologia-al-municipi-delx\/"},"modified":"2022-12-05T13:56:48","modified_gmt":"2022-12-05T12:56:48","slug":"lajuntament-col%c2%b7labora-amb-lassociacio-sistema-participatiu-de-garantia-spg-alacant-en-una-iniciativa-per-a-promoure-lagroecologia-al-municipi-delx","status":"publish","type":"post","link":"https:\/\/www.elche.es\/va\/2022\/12\/lajuntament-col%c2%b7labora-amb-lassociacio-sistema-participatiu-de-garantia-spg-alacant-en-una-iniciativa-per-a-promoure-lagroecologia-al-municipi-delx\/","title":{"rendered":"L&#8217;Ajuntament col\u00b7labora amb l&#8217;Associaci\u00f3 Sistema Participatiu de Garantia SPG Alacant en una iniciativa per a promoure l&#8217;agroecologia al municipi d&#8217;Elx"},"content":{"rendered":"<div class=\"wpb-content-wrapper\"><p>[vc_row el_id=&#8221;SUBTITULAR_NOTICIA&#8221;][vc_column][vc_column_text]<\/p>\n<hr \/>\n<h4>El regidor de Comer\u00e7 i Medi Rural, Felip S\u00e0nchez, i el president de l&#8217;associaci\u00f3, Alberto Jos\u00e9 Diego Garz\u00f3n, renoven el conveni de col\u00b7laboraci\u00f3 la quantia econ\u00f2mica del qual aconsegueix els 5.000 euros<\/h4>\n<hr \/>\n<p>[\/vc_column_text][\/vc_column][\/vc_row][vc_row el_id=&#8221;TEXTO_NOTICIA&#8221;][vc_column][vc_column_text]L&#8217;Ajuntament col\u00b7labora amb l&#8217;Associaci\u00f3 Sistema Participatiu de Garantia. SPG Alacant en una iniciativa per a promoure l&#8217;agroecologia a Elx, amb <strong>una contribuci\u00f3 econ\u00f2mica de 5.000 destinada a impulsar els productes ecol\u00f2gics al municipi il\u00b7licit\u00e0<\/strong>. El regidor de Comer\u00e7 i Medi Rural, Felip S\u00e0nchez, i el president de l&#8217;associaci\u00f3, Alberto Jos\u00e9 Diego Garz\u00f3n, han signat la pr\u00f2rroga del conveni de col\u00b7laboraci\u00f3.[\/vc_column_text][\/vc_column][\/vc_row][vc_row source=&#8221;media_library&#8221; image=&#8221;&#8221; img_size=&#8221;full&#8221; external_img_size=&#8221;&#8221; add_caption=&#8221;&#8221; alignment=&#8221;left&#8221; style=&#8221;&#8221; external_style=&#8221;&#8221; border_color=&#8221;grey&#8221; external_border_color=&#8221;grey&#8221; onclick=&#8221;link_image&#8221; img_link_target=&#8221;_self&#8221; el_class=&#8221;fotounicanoticia&#8221; title=&#8221;&#8221; custom_src=&#8221;&#8221; caption=&#8221;&#8221; link=&#8221;&#8221; img_link_large=&#8221;&#8221;][vc_column][vc_single_image image=&#8221;227040&#8243; img_size=&#8221;full&#8221; onclick=&#8221;link_image&#8221; el_class=&#8221;fotounicanoticia&#8221;][\/vc_column][\/vc_row][vc_row][vc_column][vc_column_text]Ambdues parts acorden estendre per un per\u00edode anual el conveni per a <strong>dur a terme activitats de promoci\u00f3 de productes ecol\u00f2gics<\/strong> i de suport a entitats, organitzacions, col\u00b7lectius, agricultors i consumidors que treballen i promouen l&#8217;agroecologia i la sobirania aliment\u00e0ria al municipi d&#8217;Elx.[\/vc_column_text][\/vc_column][\/vc_row][vc_row el_id=&#8221;DESTACADO_NOTICIA&#8221;][vc_column][vc_column_text el_class=&#8221;cuadronoticia&#8221;]<\/p>\n<h5>L&#8217;objectiu principal ser\u00e0 realitzar activitats que donen suport a entitats, organitzacions, col\u00b7lectius, agricultors i consumidors que treballen i promouen la sobirania aliment\u00e0ria<\/h5>\n<p>[\/vc_column_text][\/vc_column][\/vc_row][vc_row el_id=&#8221;TEXTO_FIN_NOTICIA&#8221;][vc_column][vc_column_text]\u201cAquest conveni serveix per a donar a <strong>con\u00e9ixer l&#8217;oportunitat de consumir la producci\u00f3 agroecol\u00f2gica que es fa al Camp d\u2019Elx<\/strong> i que els seus agricultors puguen trobar suport en aquesta entitat, tot dins de les l\u00ednies estrat\u00e8giques que marquem des de la Regidoria de Desenvolupament Rural\u201d, ha explicat l&#8217;edil.<\/p>\n<p>El president de l&#8217;associaci\u00f3 ha destacat el seu inter\u00e9s per \u201ccontinuar desenvolupant els mercats ecol\u00f2gics a<strong>mb productes de proximitat i produ\u00efts a Elx<\/strong>\u201d.<\/p>\n<hr \/>\n<p>&nbsp;<\/p>\n<p>[\/vc_column_text][\/vc_column][\/vc_row][vc_row][vc_column width=&#8221;1\/6&#8243;][\/vc_column][vc_column width=&#8221;2\/3&#8243;]<audio class=\"sc_audio\" src=\"https:\/\/soundcloud.com\/ayuntamiento-de-elche\/firma-de-la-prorroga-del-convenio-entre-el-ayuntamiento-y-aspg?si=b4a4dacaa5824a2889d6d7e8451288fe&#038;utm_source=clipboard&#038;utm_medium=text&#038;utm_campaign=social_sharing\" width=\"\" height=\"\"><\/audio>[\/vc_column][vc_column width=&#8221;1\/6&#8243;][\/vc_column][\/vc_row]<\/p>\n<\/div>","protected":false},"excerpt":{"rendered":"<p>[vc_row el_id=&#8221;SUBTITULAR_NOTICIA&#8221;][vc_column][vc_column_text] El regidor de Comer\u00e7 i Medi Rural, Felip S\u00e0nchez, i el president de l&#8217;associaci\u00f3, Alberto Jos\u00e9 Diego Garz\u00f3n, renoven el conveni de col\u00b7laboraci\u00f3 la quantia econ\u00f2mica del qual [&hellip;]<\/p>\n","protected":false},"author":131,"featured_media":227039,"comment_status":"closed","ping_status":"closed","sticky":false,"template":"","format":"standard","meta":{"footnotes":""},"categories":[2716,391,1312],"tags":[],"class_list":["post-227051","post","type-post","status-publish","format-standard","has-post-thumbnail","hentry","category-desenvolupament-rural-va","category-home-va","category-noticias-va"],"_links":{"self":[{"href":"https:\/\/www.elche.es\/va\/wp-json\/wp\/v2\/posts\/227051","targetHints":{"allow":["GET"]}}],"collection":[{"href":"https:\/\/www.elche.es\/va\/wp-json\/wp\/v2\/posts"}],"about":[{"href":"https:\/\/www.elche.es\/va\/wp-json\/wp\/v2\/types\/post"}],"author":[{"embeddable":true,"href":"https:\/\/www.elche.es\/va\/wp-json\/wp\/v2\/users\/131"}],"replies":[{"embeddable":true,"href":"https:\/\/www.elche.es\/va\/wp-json\/wp\/v2\/comments?post=227051"}],"version-history":[{"count":0,"href":"https:\/\/www.elche.es\/va\/wp-json\/wp\/v2\/posts\/227051\/revisions"}],"wp:featuredmedia":[{"embeddable":true,"href":"https:\/\/www.elche.es\/va\/wp-json\/wp\/v2\/media\/227039"}],"wp:attachment":[{"href":"https:\/\/www.elche.es\/va\/wp-json\/wp\/v2\/media?parent=227051"}],"wp:term":[{"taxonomy":"category","embeddable":true,"href":"https:\/\/www.elche.es\/va\/wp-json\/wp\/v2\/categories?post=227051"},{"taxonomy":"post_tag","embeddable":true,"href":"https:\/\/www.elche.es\/va\/wp-json\/wp\/v2\/tags?post=227051"}],"curies":[{"name":"wp","href":"https:\/\/api.w.org\/{rel}","templated":true}]}}