{"id":228819,"date":"2022-12-15T14:26:23","date_gmt":"2022-12-15T13:26:23","guid":{"rendered":"https:\/\/www.elche.es\/2022\/12\/la-regidoria-deficiencia-energetica-ensenya-a-estalviar-en-la-factura-de-la-llum-mitjancant-un-joc-als-carrers-del-centre-delx\/"},"modified":"2022-12-15T14:26:23","modified_gmt":"2022-12-15T13:26:23","slug":"la-regidoria-deficiencia-energetica-ensenya-a-estalviar-en-la-factura-de-la-llum-mitjancant-un-joc-als-carrers-del-centre-delx","status":"publish","type":"post","link":"https:\/\/www.elche.es\/va\/2022\/12\/la-regidoria-deficiencia-energetica-ensenya-a-estalviar-en-la-factura-de-la-llum-mitjancant-un-joc-als-carrers-del-centre-delx\/","title":{"rendered":"La Regidoria d&#8217;Efici\u00e8ncia Energ\u00e8tica ensenya a estalviar en la factura de la llum mitjan\u00e7ant un joc als carrers del centre d&#8217;Elx"},"content":{"rendered":"<div class=\"wpb-content-wrapper\"><p>[vc_row el_id=&#8221;SUBTITULAR_NOTICIA&#8221;][vc_column][vc_column_text]<\/p>\n<hr \/>\n<h4>La iniciativa s&#8217;inicia a la Pla\u00e7a de Baix mitjan\u00e7ant l&#8217;escaneig d&#8217;un codi QR amb el qual el jugador podr\u00e0 respondre una s\u00e8rie de preguntes que el conduiran a un formulari que haur\u00e0 d&#8217;emplenar per a optar a un patinet el\u00e8ctric<\/h4>\n<hr \/>\n<p>[\/vc_column_text][\/vc_column][\/vc_row][vc_row el_id=&#8221;TEXTO_NOTICIA&#8221;][vc_column][vc_column_text]Per a sensibilitzar la ciutadania en la transici\u00f3 a un model de ciutat m\u00e9s sostenible i resilient, la Regidoria d&#8217;Efici\u00e8ncia Energ\u00e8tica de l&#8217;Ajuntament d&#8217;Elx ha llan\u00e7at una campanya de Street M\u00e0rqueting sobre l&#8217;\u00fas eficient i el consum energ\u00e8tic a la llar. <strong>Ensenyar a estalviar en la factura de la llum mitjan\u00e7ant un joc als carrers del centre d&#8217;Elx<\/strong> \u00e9s l&#8217;activitat que ha presentat l&#8217;edil de l&#8217;\u00e0rea, Felip S\u00e0nchez, que ha destacat que aquesta iniciativa, en la qual es podr\u00e0 participar fins al 20 de desembre, es basa principalment a respondre un total de 12 preguntes que se centraran en recomanacions per a reduir el consum i les despeses.[\/vc_column_text][\/vc_column][\/vc_row][vc_row source=&#8221;media_library&#8221; image=&#8221;&#8221; img_size=&#8221;full&#8221; external_img_size=&#8221;&#8221; add_caption=&#8221;&#8221; alignment=&#8221;left&#8221; style=&#8221;&#8221; external_style=&#8221;&#8221; border_color=&#8221;grey&#8221; external_border_color=&#8221;grey&#8221; onclick=&#8221;link_image&#8221; img_link_target=&#8221;_self&#8221; el_class=&#8221;fotounicanoticia&#8221; title=&#8221;&#8221; custom_src=&#8221;&#8221; caption=&#8221;&#8221; link=&#8221;&#8221; img_link_large=&#8221;&#8221;][vc_column][vc_single_image image=&#8221;228800&#8243; img_size=&#8221;full&#8221; onclick=&#8221;link_image&#8221; el_class=&#8221;fotounicanoticia&#8221;][\/vc_column][\/vc_row][vc_row][vc_column][vc_column_text]S\u00e0nchez ha explicat que la campanya, sota el t\u00edtol \u2018L&#8217;elf energ\u00e8tic\u2019 i realitzada per Cacahuete Comunicaci\u00f3n, <strong>compta amb quatre rondes de preguntes, a trav\u00e9s de les quals el jugador aprendr\u00e0 tots els m\u00e8todes d&#8217;estalviar energia a la seua casa<\/strong> des del bon \u00fas d&#8217;electrodom\u00e8stics fins a l&#8217;adequat equipament de la cuina o la il\u00b7luminaci\u00f3, entre altres aspectes.[\/vc_column_text][\/vc_column][\/vc_row][vc_row el_id=&#8221;DESTACADO_NOTICIA&#8221;][vc_column][vc_column_text el_class=&#8221;cuadronoticia&#8221;]<\/p>\n<h5>L&#8217;edil de l&#8217;\u00e0rea, Felip S\u00e0nchez, anima la ciutadania a participar en aquesta activitat que permetr\u00e0 rec\u00f3rrer el centre hist\u00f2ric i aprendre els consells necessaris per a millorar l&#8217;efici\u00e8ncia energ\u00e8tica a les cases<\/h5>\n<p>[\/vc_column_text][\/vc_column][\/vc_row][vc_row el_id=&#8221;TEXTO_FIN_NOTICIA&#8221;][vc_column][vc_column_text]<strong>Principalment, consisteix a escanejar el codi QR que hi ha situat a la Pla\u00e7a de Baix<\/strong>, respondre a les preguntes adequadament per a descobrir les pistes, que permetran trobar altres codis QR amagats al centre de la ciutat amb l&#8217;objectiu final d&#8217;emplenar un formulari i poder optar a un patinet el\u00e8ctric.<\/p>\n<p>El regidor ha informat que <strong>entre el 21 i el 22 de desembre es publicar\u00e0 en la p\u00e0gina municipal el nom de la persona guanyadora<\/strong>.<\/p>\n<p>S\u00e1nchez ha animat a participar en aquesta activitat que <strong>d&#8217;una manera l\u00fadica i divertida en fam\u00edlia permetr\u00e0 rec\u00f3rrer el centre hist\u00f2ric<\/strong> i que la ciutadania aprenga els consells necessaris per a millorar l&#8217;efici\u00e8ncia energ\u00e8tica a la llar i reduir la factura el\u00e8ctrica.<\/p>\n<hr \/>\n<p>&nbsp;<\/p>\n<p>[\/vc_column_text][\/vc_column][\/vc_row][vc_row][vc_column width=&#8221;1\/6&#8243;][\/vc_column][vc_column width=&#8221;2\/3&#8243;]<audio class=\"sc_audio\" src=\"https:\/\/soundcloud.com\/ayuntamiento-de-elche\/campana-de-street-marketing-sobre-eficiencia-energetica?si=14b0270ba0e54df88a80ea0c35142bb3&#038;utm_source=clipboard&#038;utm_medium=text&#038;utm_campaign=social_sharing\" width=\"\" height=\"\"><\/audio>[\/vc_column][vc_column width=&#8221;1\/6&#8243;][\/vc_column][\/vc_row]<\/p>\n<\/div>","protected":false},"excerpt":{"rendered":"<p>[vc_row el_id=&#8221;SUBTITULAR_NOTICIA&#8221;][vc_column][vc_column_text] La iniciativa s&#8217;inicia a la Pla\u00e7a de Baix mitjan\u00e7ant l&#8217;escaneig d&#8217;un codi QR amb el qual el jugador podr\u00e0 respondre una s\u00e8rie de preguntes que el conduiran a [&hellip;]<\/p>\n","protected":false},"author":131,"featured_media":228701,"comment_status":"closed","ping_status":"closed","sticky":false,"template":"","format":"standard","meta":{"footnotes":""},"categories":[2787,391,1312],"tags":[],"class_list":["post-228819","post","type-post","status-publish","format-standard","has-post-thumbnail","hentry","category-eficiencia-energetica-va","category-home-va","category-noticias-va"],"_links":{"self":[{"href":"https:\/\/www.elche.es\/va\/wp-json\/wp\/v2\/posts\/228819","targetHints":{"allow":["GET"]}}],"collection":[{"href":"https:\/\/www.elche.es\/va\/wp-json\/wp\/v2\/posts"}],"about":[{"href":"https:\/\/www.elche.es\/va\/wp-json\/wp\/v2\/types\/post"}],"author":[{"embeddable":true,"href":"https:\/\/www.elche.es\/va\/wp-json\/wp\/v2\/users\/131"}],"replies":[{"embeddable":true,"href":"https:\/\/www.elche.es\/va\/wp-json\/wp\/v2\/comments?post=228819"}],"version-history":[{"count":0,"href":"https:\/\/www.elche.es\/va\/wp-json\/wp\/v2\/posts\/228819\/revisions"}],"wp:featuredmedia":[{"embeddable":true,"href":"https:\/\/www.elche.es\/va\/wp-json\/wp\/v2\/media\/228701"}],"wp:attachment":[{"href":"https:\/\/www.elche.es\/va\/wp-json\/wp\/v2\/media?parent=228819"}],"wp:term":[{"taxonomy":"category","embeddable":true,"href":"https:\/\/www.elche.es\/va\/wp-json\/wp\/v2\/categories?post=228819"},{"taxonomy":"post_tag","embeddable":true,"href":"https:\/\/www.elche.es\/va\/wp-json\/wp\/v2\/tags?post=228819"}],"curies":[{"name":"wp","href":"https:\/\/api.w.org\/{rel}","templated":true}]}}