{"id":230602,"date":"2022-12-26T11:57:45","date_gmt":"2022-12-26T10:57:45","guid":{"rendered":"https:\/\/www.elche.es\/2022\/12\/lomic-elabora-un-calendari-en-el-qual-es-recorda-als-consumidors-consells-basics-a-lhora-de-realitzar-les-seues-compres\/"},"modified":"2022-12-26T11:57:46","modified_gmt":"2022-12-26T10:57:46","slug":"lomic-elabora-un-calendari-en-el-qual-es-recorda-als-consumidors-consells-basics-a-lhora-de-realitzar-les-seues-compres","status":"publish","type":"post","link":"https:\/\/www.elche.es\/va\/2022\/12\/lomic-elabora-un-calendari-en-el-qual-es-recorda-als-consumidors-consells-basics-a-lhora-de-realitzar-les-seues-compres\/","title":{"rendered":"L&#8217;OMIC elabora un calendari en el qual es recorda als consumidors consells b\u00e0sics a l&#8217;hora de realitzar les seues compres"},"content":{"rendered":"<div class=\"wpb-content-wrapper\"><p>[vc_row el_id=&#8221;SUBTITULAR_NOTICIA&#8221;][vc_column][vc_column_text]<\/p>\n<hr \/>\n<h4>L&#8217;edil Mariola Galiana recorda que la modificaci\u00f3 de la normativa de garanties i serveis postvenda, que va entrar en vigor des del passat 1 de gener, permet que el termini de garantia en productes nous siga de tres anys<\/h4>\n<hr \/>\n<p>[\/vc_column_text][\/vc_column][\/vc_row][vc_row type=&#8221;square&#8221; style_color=&#8221;original&#8221; style=&#8221;filled&#8221; size=&#8221;large&#8221; icon=&#8221;inherit&#8221; color=&#8221;&#8221; bg_color=&#8221;&#8221; align=&#8221;center&#8221; link=&#8221;&#8221; target=&#8221;_blank&#8221; popup=&#8221;&#8221; rel=&#8221;&#8221; id=&#8221;&#8221; class=&#8221;btndentronoticia&#8221; animation=&#8221;none&#8221; width=&#8221;&#8221; height=&#8221;&#8221; top=&#8221;small&#8221; bottom=&#8221;small&#8221; left=&#8221;huge&#8221; right=&#8221;huge&#8221;][vc_column]<a href=\"https:\/\/www.elche.es\/wp-content\/uploads\/2022\/12\/Planing-OMIC-2023.pdf\" target=\"_blank\" class=\"sc_button sc_button_square sc_button_style_filled style_original sc_button_size_large aligncenter btndentronoticia margin_top_small margin_right_huge margin_bottom_small margin_left_huge\">Fes clic ac\u00ed per a veure el calendari<\/a>[\/vc_column][\/vc_row][vc_row el_id=&#8221;TEXTO_NOTICIA&#8221;][vc_column][vc_column_text]<strong>L&#8217;Oficina Municipal d&#8217;Informaci\u00f3 al Consumidor (OMIC) d&#8217;Elx<\/strong> recorda als consumidors mitjan\u00e7ant un calendari consells b\u00e0sics a l&#8217;hora de realitzar les seues compres. La iniciativa, que es realitza per segon any consecutiu, ha sigut presentada per l&#8217;edil de l&#8217;\u00e0rea, Mariola Galiana, i pel responsable de l&#8217;OMIC il\u00b7licitana, l&#8217;inspector Torcuato Saavedra.<\/p>\n<p>L&#8217;objectiu del calendari de consum per a 2022, que es pot arreplegar <strong>gratu\u00eftament a la mateixa OMIC, a les OMAC i als Centres Socials<\/strong>, \u00e9s informar amb la condici\u00f3 d&#8217;ajudar els consumidors a reduir els problemes que puguen tindre quan adquireixen un producte o servei, a m\u00e9s de fomentar la responsabilitat entre els compradors amb l&#8217;entorn i la societat, segons ha indicat Galiana.<\/p>\n<p>D&#8217;altra banda, des de la Regidoria i l&#8217;OMIC, han insistit en les pautes recomanables en efectuar les compres durant el per\u00edode nadalenc, com ara <strong>comparar preus del mateix producte en diferents establiments, tindre un pressupost de despeses i una llista de necessitats<\/strong> per a no inc\u00f3rrer en adquisicions innecess\u00e0ries, demanar sempre el tiquet o la factura, o tindre en compte si el comer\u00e7 est\u00e0 adherit al Sistema Arbitral de Consum.[\/vc_column_text][\/vc_column][\/vc_row][vc_row el_id=&#8221;DESTACADO_NOTICIA&#8221;][vc_column][vc_column_text el_class=&#8221;cuadronoticia&#8221;]<\/p>\n<h5>Com a novetat es fa un especial esment al tema de l&#8217;electricitat, pel seu elevat cost i la necessitat de tractar de disminuir el consum energ\u00e8tic<\/h5>\n<p>[\/vc_column_text][\/vc_column][\/vc_row][vc_row el_id=&#8221;TEXTO_FIN_NOTICIA&#8221;][vc_column][vc_column_text]Enguany com a <strong>novetat es fa un especial esment al tema de l&#8217;electricitat<\/strong>, pel seu elevat cost i la necessitat de tractar de disminuir el consum energ\u00e8tic. Des de l&#8217;OMIC es pret\u00e9n promoure la moderaci\u00f3 en el consum, apostar per mesures de contenci\u00f3 de preus i suport a les fam\u00edlies vulnerables.<\/p>\n<p>L&#8217;edil ha recordat que la modificaci\u00f3 de la normativa de garanties i serveis postvenda, que va entrar en vigor des del passat 1 de gener de 2022, permet que el <strong>termini de garantia en productes nous siga de tres anys<\/strong> i el per\u00edode en el qual es presumeix que el defecte \u00e9s d&#8217;origen siga ara de dos anys.<\/p>\n<p><strong>En el cas de continguts o serveis digitals, la garantia es mant\u00e9 en dos anys<\/strong>. Els articles usats o recondicionats tenen una garantia m\u00ednima d&#8217;un any, encara que es pot pactar una duraci\u00f3 superior. \u201cEl document de garantia sempre \u00e9s la factura o tiquet\u201d, ha assenyalat Galiana.<\/p>\n<p>D&#8217;altra banda, <strong>els animals deixen d&#8217;estar subjectes a la normativa de garanties<\/strong>.<\/p>\n<p>Les vendes entre particulars tampoc estan subjectes a aquesta normativa i s&#8217;atindran a all\u00f2 que es disposa en el Codi Civil. A m\u00e9s, despr\u00e9s de deixar de fabricar el producte, el fabricant t\u00e9 obligaci\u00f3 de disposar de peces de recanvi fins a deu anys.<\/p>\n<p>Aix\u00ed mateix, Galiana ha destacat la necessitat d&#8217;informar-nos com a consumidors i usuaris <strong>\u201cde la pol\u00edtica de devolucions que puga tindre l&#8217;establiment\u201d<\/strong> i ha recordat que no existeix obligaci\u00f3 normativa d&#8217;acceptar devolucions de les compres realitzades en una botiga f\u00edsica, i, si ho fan, \u00e9s volunt\u00e0riament, de manera que poden posar les seues condicions per a aix\u00f2.<\/p>\n<p>Igualment, s&#8217;ha referit als comer\u00e7os en l\u00ednia: \u201cHem de cerciorar-nos en <strong>les compres en l\u00ednia que ens trobem en una p\u00e0gina web amb un domicili f\u00edsic a Espanya o, almenys, a la Uni\u00f3 Europea<\/strong>\u201d.<\/p>\n<h5>Al servei dels il\u00b7licitans i les il\u00b7licitanes<\/h5>\n<p>L&#8217;OMIC d&#8217;Elx, acreditada per la Generalitat Valenciana, s&#8217;empla\u00e7a a la Replaceta de l\u2019Espart, 5. <strong>La missi\u00f3 principal d&#8217;aquesta oficina municipal que obri de dilluns a divendres, de 09.00 a 14.00 hores<\/strong>, \u00e9s mediar en els conflictes que puguen sorgir entre consumidors, comer\u00e7os i prestadors de serveis, mitjan\u00e7ant la tramitaci\u00f3 dels fulls de reclamacions, entre altres labors.<\/p>\n<p>Encara que, dins de les seues compet\u00e8ncies tamb\u00e9 queden emmarcades les activitats formatives i preventives a la ciutadania o l&#8217;assessorament que ofereix a comer\u00e7os i <strong>serveis perqu\u00e8 s&#8217;exercisquen no sols amb professionalitat, sin\u00f3 que s\u2019ajusten al compliment de la normativa vigent en mat\u00e8ria de consum<\/strong>.<\/p>\n<hr \/>\n<p>&nbsp;<\/p>\n<p>[\/vc_column_text][\/vc_column][\/vc_row]<\/p>\n<\/div>","protected":false},"excerpt":{"rendered":"<p>[vc_row el_id=&#8221;SUBTITULAR_NOTICIA&#8221;][vc_column][vc_column_text] L&#8217;edil Mariola Galiana recorda que la modificaci\u00f3 de la normativa de garanties i serveis postvenda, que va entrar en vigor des del passat 1 de gener, permet que [&hellip;]<\/p>\n","protected":false},"author":131,"featured_media":230598,"comment_status":"closed","ping_status":"closed","sticky":false,"template":"","format":"standard","meta":{"footnotes":""},"categories":[2792,391,1312],"tags":[],"class_list":["post-230602","post","type-post","status-publish","format-standard","has-post-thumbnail","hentry","category-consum","category-home-va","category-noticias-va"],"_links":{"self":[{"href":"https:\/\/www.elche.es\/va\/wp-json\/wp\/v2\/posts\/230602","targetHints":{"allow":["GET"]}}],"collection":[{"href":"https:\/\/www.elche.es\/va\/wp-json\/wp\/v2\/posts"}],"about":[{"href":"https:\/\/www.elche.es\/va\/wp-json\/wp\/v2\/types\/post"}],"author":[{"embeddable":true,"href":"https:\/\/www.elche.es\/va\/wp-json\/wp\/v2\/users\/131"}],"replies":[{"embeddable":true,"href":"https:\/\/www.elche.es\/va\/wp-json\/wp\/v2\/comments?post=230602"}],"version-history":[{"count":0,"href":"https:\/\/www.elche.es\/va\/wp-json\/wp\/v2\/posts\/230602\/revisions"}],"wp:featuredmedia":[{"embeddable":true,"href":"https:\/\/www.elche.es\/va\/wp-json\/wp\/v2\/media\/230598"}],"wp:attachment":[{"href":"https:\/\/www.elche.es\/va\/wp-json\/wp\/v2\/media?parent=230602"}],"wp:term":[{"taxonomy":"category","embeddable":true,"href":"https:\/\/www.elche.es\/va\/wp-json\/wp\/v2\/categories?post=230602"},{"taxonomy":"post_tag","embeddable":true,"href":"https:\/\/www.elche.es\/va\/wp-json\/wp\/v2\/tags?post=230602"}],"curies":[{"name":"wp","href":"https:\/\/api.w.org\/{rel}","templated":true}]}}