{"id":230607,"date":"2022-12-26T12:14:09","date_gmt":"2022-12-26T11:14:09","guid":{"rendered":"https:\/\/www.elche.es\/2022\/12\/lalcalde-informa-7-500-extracomunitaris-que-poden-inscriures-abans-del-15-de-gener-al-cens-electoral-per-a-exercir-el-seu-dret-al-vot-en-les-eleccions-de-maig-2023\/"},"modified":"2022-12-26T12:14:10","modified_gmt":"2022-12-26T11:14:10","slug":"lalcalde-informa-7-500-extracomunitaris-que-poden-inscriures-abans-del-15-de-gener-al-cens-electoral-per-a-exercir-el-seu-dret-al-vot-en-les-eleccions-de-maig-2023","status":"publish","type":"post","link":"https:\/\/www.elche.es\/va\/2022\/12\/lalcalde-informa-7-500-extracomunitaris-que-poden-inscriures-abans-del-15-de-gener-al-cens-electoral-per-a-exercir-el-seu-dret-al-vot-en-les-eleccions-de-maig-2023\/","title":{"rendered":"L&#8217;alcalde informa 7.500 extracomunitaris que poden inscriure&#8217;s abans del 15 de gener al cens electoral per a exercir el seu dret al vot en les eleccions de maig 2023"},"content":{"rendered":"<div class=\"wpb-content-wrapper\"><p>[vc_row el_id=&#8221;SUBTITULAR_NOTICIA&#8221;][vc_column][vc_column_text]<\/p>\n<hr \/>\n<h4>El tr\u00e0mit es podr\u00e0 realitzar a trav\u00e9s de les diferents OMAC que es troben al municipi, o b\u00e9 sol\u00b7licitar-lo per correu postal o directament per internet, en la web de l&#8217;Oficina del Cens Electoral<\/h4>\n<hr \/>\n<p>[\/vc_column_text][\/vc_column][\/vc_row][vc_row el_id=&#8221;TEXTO_NOTICIA&#8221;][vc_column][vc_column_text]L&#8217;alcalde, Carlos Gonz\u00e1lez, ha informat per carta 7.500 persones extracomunit\u00e0ries que resideixen al municipi que per a poder exercir el seu dret al vot en les eleccions del 28 de maig 2023 han d&#8217;inscriure&#8217;s en el cens electoral. Ho podran fer, en virtut de l&#8217;acord signat amb Espanya de reciprocitat de vot en eleccions municipals, els nacionals de: <strong>Bol\u00edvia, Cap Verd, Xile, Col\u00f2mbia, Corea, l&#8217;Equador, Isl\u00e0ndia, Noruega, Nova Zelanda, Paraguai, el Per\u00fa, el Regne Unit i Trinitat i Tobago.<\/strong><\/p>\n<p>El tr\u00e0mit s&#8217;haur\u00e0 de realitzar a trav\u00e9s de les diferents OMAC que es troben al municipi, o b\u00e9 sol\u00b7licitar-lo per correu postal o directament<strong> per internet, en la web de l&#8217;Oficina del Cens Electoral.<\/strong><\/p>\n<p>En aquests comicis podran votar persones de pa\u00efsos de la Uni\u00f3 Europea i de pa\u00efsos que hagen signat amb Espanya un acord de reciprocitat de vot en eleccions municipals. <strong>Tots aquests hauran de complir amb les condicions establides en els acords de reciprocitat de vot amb tots els pa\u00efsos<\/strong>, com ara tindre l&#8217;autoritzaci\u00f3 de resid\u00e8ncia a Espanya; haver residit a Espanya, legal i ininterrompudament durant, almenys, els cinc anys anteriors a la seua sol\u00b7licitud d&#8217;inscripci\u00f3 en el cens electoral i figurar inscrit en el padr\u00f3 del municipi de la seua resid\u00e8ncia habitual que \u00e9s on podr\u00e0 exercir el dret de vot.<\/p>\n<p>Quant a les condicions fixades per als naturals del Regne Unit i de Noruega s\u00f3n les mateixes, llevat que en aquests casos han d&#8217;haver residit a Espanya, legal i ininterrompudament durant, almenys, els <strong>tres anys anteriors a la seua sol\u00b7licitud d&#8217;inscripci\u00f3 en el cens electoral.<\/strong><\/p>\n<hr \/>\n<p>&nbsp;<\/p>\n<p>[\/vc_column_text][\/vc_column][\/vc_row]<\/p>\n<\/div>","protected":false},"excerpt":{"rendered":"<p>[vc_row el_id=&#8221;SUBTITULAR_NOTICIA&#8221;][vc_column][vc_column_text] El tr\u00e0mit es podr\u00e0 realitzar a trav\u00e9s de les diferents OMAC que es troben al municipi, o b\u00e9 sol\u00b7licitar-lo per correu postal o directament per internet, en la [&hellip;]<\/p>\n","protected":false},"author":131,"featured_media":180408,"comment_status":"closed","ping_status":"closed","sticky":false,"template":"","format":"standard","meta":{"footnotes":""},"categories":[391,1312],"tags":[],"class_list":["post-230607","post","type-post","status-publish","format-standard","has-post-thumbnail","hentry","category-home-va","category-noticias-va"],"_links":{"self":[{"href":"https:\/\/www.elche.es\/va\/wp-json\/wp\/v2\/posts\/230607","targetHints":{"allow":["GET"]}}],"collection":[{"href":"https:\/\/www.elche.es\/va\/wp-json\/wp\/v2\/posts"}],"about":[{"href":"https:\/\/www.elche.es\/va\/wp-json\/wp\/v2\/types\/post"}],"author":[{"embeddable":true,"href":"https:\/\/www.elche.es\/va\/wp-json\/wp\/v2\/users\/131"}],"replies":[{"embeddable":true,"href":"https:\/\/www.elche.es\/va\/wp-json\/wp\/v2\/comments?post=230607"}],"version-history":[{"count":0,"href":"https:\/\/www.elche.es\/va\/wp-json\/wp\/v2\/posts\/230607\/revisions"}],"wp:featuredmedia":[{"embeddable":true,"href":"https:\/\/www.elche.es\/va\/wp-json\/wp\/v2\/media\/180408"}],"wp:attachment":[{"href":"https:\/\/www.elche.es\/va\/wp-json\/wp\/v2\/media?parent=230607"}],"wp:term":[{"taxonomy":"category","embeddable":true,"href":"https:\/\/www.elche.es\/va\/wp-json\/wp\/v2\/categories?post=230607"},{"taxonomy":"post_tag","embeddable":true,"href":"https:\/\/www.elche.es\/va\/wp-json\/wp\/v2\/tags?post=230607"}],"curies":[{"name":"wp","href":"https:\/\/api.w.org\/{rel}","templated":true}]}}