{"id":232257,"date":"2023-01-12T12:47:01","date_gmt":"2023-01-12T11:47:01","guid":{"rendered":"https:\/\/www.elche.es\/2023\/01\/peter-el-musical-es-representa-des-del-divendres-13-fins-al-diumenge-15-de-gener-al-gran-teatre\/"},"modified":"2023-01-12T13:57:02","modified_gmt":"2023-01-12T12:57:02","slug":"peter-el-musical-es-representa-des-del-divendres-13-fins-al-diumenge-15-de-gener-al-gran-teatre","status":"publish","type":"post","link":"https:\/\/www.elche.es\/va\/2023\/01\/peter-el-musical-es-representa-des-del-divendres-13-fins-al-diumenge-15-de-gener-al-gran-teatre\/","title":{"rendered":"Peter, el Musical es representa des del divendres 13 fins al diumenge 15 de gener al Gran Teatre"},"content":{"rendered":"<div class=\"wpb-content-wrapper\"><p>[vc_row el_id=&#8221;TEXTO_NOTICIA&#8221;][vc_column][vc_column_text]L&#8217;obra <strong><em>Peter, El Musical<\/em> es representa des del divendres 13 de gener fins al diumenge 15 de gener de 2023 al Gran Teatre<\/strong>, on es realitzaran un total de cinc passes. Aquesta producci\u00f3 espanyola, que s&#8217;ha representat en sis pa\u00efsos, ha sigut vista per m\u00e9s de cinc milions d&#8217;espectadors en els seus m\u00e9s de cinc mil representacions.<\/p>\n<p>Es tracta d&#8217;una versi\u00f3 musical del cl\u00e0ssic familiar Peter Pan, on es reviuen les aventures d&#8217;aquest personatge i els seus companys al Pa\u00eds de Mai M\u00e9s.<\/p>\n<p>Als Cinemes Od\u00e8on es projecta, des del dimecres 11 de gener fins al diumenge 15, la <strong>pel\u00b7l\u00edcula <em>Modelo 77<\/em><\/strong>, on es conta la hist\u00f2ria d&#8217;un jove empresonat. El dijous el cinef\u00f2rum comptar\u00e0 amb el film <strong><em>Mediterr\u00e1neo<\/em><\/strong>, en el qual es narra la situaci\u00f3 dels refugiats a l&#8217;illa grega de Lesbos. I el cap de setmana s&#8217;exhibir\u00e0 <strong><em>El colegio de los animales m\u00e1gicos<\/em><\/strong>, destinada als m\u00e9s xicotets.<\/p>\n<p>La Llotja presenta el divendres 13 de gener la com\u00e8dia <strong><em>Murcianos 3, el despertar de la huerta<\/em><\/strong> i el dissabte ofereix un concert de la<strong> Coral Amics Cantors.<\/strong><\/p>\n<p>A m\u00e9s, continuen les exposicions <strong><em>Ausencia<\/em><\/strong>, una mostra fotogr\u00e0fica de Romina Belda a L\u2019Escorxador; <em><strong>La Dama viatgera<\/strong><\/em> al MAHE, on es conta la hist\u00f2ria dels 125 anys de la Dama d&#8217;Elx des del seu descobriment; <strong><em>Sonrisas de \u00c1frica<\/em><\/strong>, una exposici\u00f3 fotogr\u00e0fica de Nati Pamies a Les Clarisses; i la mostra col\u00b7lectiva del concurs Primer Premi d&#8217;Art T\u00e8xtil Contemporani 2022 en l&#8217;Orde Tercer.<\/p>\n<p><strong>GRAN TEATRE<\/strong><\/p>\n<p><strong>Musical familiar: <em>Peter, El Musical<\/em><\/strong><\/p>\n<p>Divendres 13 de gener: 20.30 h<\/p>\n<p>Dissabte 14 de gener: 17.00 i 20.30 h<\/p>\n<p>Diumenge 15 de gener: 12.00 i 17.00 h<\/p>\n<p>Preu: 35, 45, 55 i 75 \u20ac<\/p>\n<p>Duraci\u00f3: 80 minuts. Venda: taquilla del Gran Teatre o <a href=\"https:\/\/instanticket.es\/colombia-mi-encanto\/?id=020123COLOMBIA\">Instanticket<\/a><\/p>\n<p>Sinopsi: una nova posada en escena amb l&#8217;\u00faltima tecnologia teatral per a recrear la m\u00e0gia d&#8217;aquesta hist\u00f2ria llegend\u00e0ria. Submergeix-te al Pa\u00eds de Mai de la vida i reviu les aventures amb tots els seus personatges.<\/p>\n<p><strong>CINES ODEON:<\/strong><\/p>\n<p><strong>Filmoteca: <em>Modelo 77<\/em><\/strong><\/p>\n<p>Del dimecres 11 al diumenge 15 de gener<\/p>\n<p>17.30 hores \/ 20.00 hores \/ 22.30 hores<\/p>\n<p>Sala A<\/p>\n<p>Venda: taquilla o Instanticket<\/p>\n<p>Sinopsi: Pres\u00f3 Model. Barcelona, 1977. Manuel, un jove comptable, empresonat i pendent de judici per cometre un desfalc, s&#8217;enfronta a una possible pena d&#8217;entre 10 i 20 anys, un c\u00e0stig desproporcionat per a la quantia del seu delicte. Prompte, al costat del seu company de cel\u00b7la, Pino, s&#8217;uneix a un grup de presos comuns que s&#8217;est\u00e0 organitzant per a exigir una amnistia.<\/p>\n<p><strong>Cinef\u00f2rum: <em>Mediterr\u00e1neo<\/em><\/strong><\/p>\n<p>Dijous 12 de gener a les 20.00 h.<\/p>\n<p>Sala B<\/p>\n<p>Entrada lliure.<\/p>\n<p>Sinopsi: Tardor de 2015. Dos socorristes, \u00d3scar i Gerard, viatgen fins a l&#8217;illa de Lesbos, a Gr\u00e8cia, impactats per la fotografia d&#8217;un xiquet ofegat a les aig\u00fces del Mediterrani. En arribar descobreixen una realitat colpidora: milers de persones arrisquen les seues vides cada dia creuant la mar en prec\u00e0ries embarcacions i fugint de conflictes armats. No obstant aix\u00f2, ning\u00fa exerceix labors de rescat.<\/p>\n<p>Informaci\u00f3: A les 19.00 h, el col\u00b7loqui estar\u00e0 a c\u00e0rrec del ponent Salvador Perell\u00f3, rescatista de l&#8217;ONG ProemAID.<\/p>\n<p>Cicle cinef\u00f2rum universitari en col\u00b7laboraci\u00f3 amb la UNED.<\/p>\n<p><strong>Cinema infantil: <em>El colegio de los animales m\u00e1gicos<\/em><\/strong><\/p>\n<p>Dissabte 14 de gener a les 17.30 i 20.00 h<\/p>\n<p>Diumenge 15 de gener a les 17.30 h<\/p>\n<p>Sala B<\/p>\n<p>Venda: taquilla o Instanticket<\/p>\n<p>Sinopsi: Anada \u00e9s nova a la ciutat i li costa molt fer amics. Un dia, la seua estranya mestra de classe, la senyoreta Cornfield, anuncia que tots a la classe prompte tindran un animal m\u00e0gic que els acompanyar\u00e0. Anada tria la rabosa Rabbat. Benni, igual que Anada tamb\u00e9 una forastera, tria la tortuga Henrietta com a nova companya. Per\u00f2 aquests animals s\u00f3n molt especials: no sols tenen habilitats m\u00e0giques, tamb\u00e9 poden parlar i desenvolupar el seu propi car\u00e0cter!<\/p>\n<p>Preus Cines Odeon<\/p>\n<p>Entrada general: 3\u20ac<\/p>\n<p>Dimecres (dia de l&#8217;espectador): 1,5\u20ac (gratis amb la targeta daurada de l&#8217;Ajuntament)<\/p>\n<p>Dijous: gratis per a estudiants de secund\u00e0ria, batxillerat i de la Universitat d&#8217;Elx (amb el carnet del centre educatiu).<\/p>\n<p>Filmoteca en VOSE: Dijous a les 20.00 i 22.30.[\/vc_column_text][\/vc_column][\/vc_row][vc_row type=&#8221;flexslider_slide&#8221; interval=&#8221;5&#8243; source=&#8221;media_library&#8221; images=&#8221;&#8221; img_size=&#8221;full&#8221; external_img_size=&#8221;&#8221; onclick=&#8221;link_image&#8221; custom_links_target=&#8221;_self&#8221; el_class=&#8221;galerianoticia&#8221; title=&#8221;&#8221; custom_srcs=&#8221;&#8221; custom_links=&#8221;&#8221;][vc_column][vc_gallery type=&#8221;flexslider_slide&#8221; interval=&#8221;5&#8243; images=&#8221;232237,232241&#8243; img_size=&#8221;full&#8221; el_class=&#8221;galerianoticia&#8221;][\/vc_column][\/vc_row][vc_row el_id=&#8221;TEXTO_FIN_NOTICIA&#8221;][vc_column][vc_column_text]<strong>LA LLOTJA<\/strong><\/p>\n<p><strong>Com\u00e8dia: <em>Murcianos 3, el Despertar de la Huerta<\/em><\/strong><\/p>\n<p>Divendres 13 de gener: 21.00 hores<\/p>\n<p>Preu: 13,20 \u20ac anticipada i 15 \u20ac en taquilla<\/p>\n<p>Venda: taquilla del Gran Teatre, taquilla de La Llotja una hora abans de l&#8217;espectacle o Instanticket<\/p>\n<p>Sinopsi: Aquests c\u00f2mics murcians tornen novament als escenaris per a oferir un espectacle \u00fanic i divertit. No esperes un xou t\u00edpic de mon\u00f2legs.<\/p>\n<p><strong>M\u00fasica: <em>Coral Amics Cantors<\/em><\/strong><\/p>\n<p>Dissabte 14 de gener: 20.00 h<\/p>\n<p>Preu: 5 \u20ac<\/p>\n<p>Venda: taquilla del Gran Teatre, taquilla de La Llotja una hora abans de l&#8217;espectacle o Instanticket<\/p>\n<p>Sinopsi: Fundada en 1987, el seu primer director va ser el Sr. Gaiet\u00e0 Sempere. S\u00f3n nombrosos els cert\u00e0mens en els quals ha participat i ha obtingut primers premis i reconeixements.<\/p>\n<p><strong>L\u2019ESCORXADOR<\/strong><\/p>\n<p><strong>Romina Belda: <em>Ausencia<\/em><\/strong><\/p>\n<p>Del divendres 16 de desembre de 2022 al diumenge 15 de gener de 2023.<\/p>\n<p>De dilluns a divendres de 17.00 a 21.00 hores. Dissabtes d&#8217;11.00 a 14.00 hores i de 17.00 a 20.00 hores. Diumenges d&#8217;11.00 a 14.00 hores.<\/p>\n<p>Exposici\u00f3<\/p>\n<p>Sala Lanart.<\/p>\n<p>Gratu\u00eft.<\/p>\n<p>Sinopsi: <em>Ausencia<\/em> \u00e9s una s\u00e8rie fotogr\u00e0fica sobre els dos entorns en els quals Romina creix i forja la seua identitat. Alguns dels espais m\u00e9s destacats s\u00f3n la terra de la seua fam\u00edlia, a la regi\u00f3 del Llevant espanyol, i la casa de la seua \u00e0via a la ciutat.<\/p>\n<p><strong>MAHE<\/strong><\/p>\n<p><strong>Exposici\u00f3 <em>La Dama Viatgera. El periple de l&#8217;escultura m\u00e9s famosa de l&#8217;art ib\u00e8ric<\/em><\/strong><\/p>\n<p>Del divendres 25 de novembre de 2022 al 30 d&#8217;abril de 2023<\/p>\n<p>Dilluns a dissabte de 10.00 a 18.00 hores i diumenges i festius de 10.00 a 15.00 hores<\/p>\n<p>Exposici\u00f3 gratu\u00efta<\/p>\n<p>Sala d&#8217;exposicions temporals del MAHE<\/p>\n<p>Informaci\u00f3: exposici\u00f3 gr\u00e0fica i audiovisual que recorre a trav\u00e9s de 10 estands el periple que va conduir a la Dama D\u2019Elx des del seu descobriment a L&#8217;Alc\u00fadia fa 125 anys, passant per la seua arribada fins al Museu del Louvre i acabant fins al segon pr\u00e9stec a Elx en 2006.<\/p>\n<p>Visites guiades a l&#8217;exposici\u00f3 temporal <em>La Dama Viatgera<\/em><\/p>\n<p>Dissabtes i diumenges a la 13.00 hores<\/p>\n<p>Sala d&#8217;exposicions temporals del MAHE<\/p>\n<p>M\u00e9s informaci\u00f3 i reserves: tel\u00e8fon 966 658 203 (servei disponible de dilluns a dissabte de 10.00 a 18.00 h).<\/p>\n<p>Visites guiades a l&#8217;exposici\u00f3 permanent del MAHE<\/p>\n<p>Dissabtes i diumenges a les 11.30 hores<\/p>\n<p>Sala d&#8217;Exposicions MAHE<\/p>\n<p>M\u00e9s informaci\u00f3 i reserves: tel\u00e8fon 966 658 203 (servei disponible de dilluns a dissabte de 10.00 a 18.00 h).<\/p>\n<p><strong>BIBLIOTEQUES<\/strong><\/p>\n<p>Sala de pr\u00e9stec de la Biblioteca Pere Ibarra<\/p>\n<p><strong>Exposici\u00f3 \u201c60 Anys d\u2019un Diccionari\u201d<\/strong><\/p>\n<p>Del 19 d&#8217;octubre de 2022 al 14 de gener de 2023<\/p>\n<p>Horari: de dilluns a divendres de 9.00 a 21.00 hores. Dissabtes de 9.00 a 13.00 hores.<\/p>\n<p>Informaci\u00f3: Seixanta aniversari de la finalitzaci\u00f3 del Diccionari catal\u00e0-valenci\u00e0-balear, 1962-2022.<\/p>\n<p><strong>Cicle Po\u00e8tic Musical: <em>Euterpe i Cal\u00edope<\/em><\/strong><\/p>\n<p>Claustre alt de la Biblioteca Pere Ibarra<\/p>\n<p>Dijous 12 de gener<\/p>\n<p>19.00 hores<\/p>\n<p>Entrada lliure<\/p>\n<p>Informaci\u00f3: Txus Amat presenta el seu nou disc <em>El primer d\u00eda del mundo.<\/em> Interv\u00e9 tamb\u00e9 el poeta Jos\u00e9 Iniesta amb el seu llibre <em>Cantar la vida.<\/em><\/p>\n<p><strong>CAPELLA DE LES CLARISSES<\/strong><\/p>\n<p><strong>Exposici\u00f3: <em>Sonrisas de \u00c1frica<\/em> de Nati Pamies<\/strong><\/p>\n<p>Del 21 de desembre al 22 de gener<\/p>\n<p>Informaci\u00f3: pintures basades en les fotografies relacionades amb persones d&#8217;\u00c0frica. \u00c9s un xicotet homenatge a tots els que d&#8217;alguna forma fan somriure als xiquets.<\/p>\n<p><strong>ORDE TERCERA<\/strong><\/p>\n<p><strong>Exposici\u00f3 col\u00b7lectiva del concurs \u201cPrimer Premi d&#8217;Art T\u00e8xtil Contemporani 2022\u201d<\/strong><\/p>\n<p>Del 22 de novembre de 2022 al 26 de febrer de 2023<\/p>\n<p>De dimarts a dissabtes de 10.00 a 14.00 hores i de 15.00 a 18.00 hores \/ Diumenges i festius de 10.00 a 14.00 hores<\/p>\n<p>Gratu\u00efta<\/p>\n<p>Informaci\u00f3: la Regidoria de Cultura col\u00b7labora amb l&#8217;Institut Alacant\u00ed de Cultura Juan Gil-Albert, que \u00e9s el creador del Premi Art T\u00e8xtil Contemporani. L&#8217;exposici\u00f3 consta de 21 obres guardonades i els premis arriben a 12.000 euros.<\/p>\n<hr \/>\n<p>&nbsp;<\/p>\n<p>[\/vc_column_text][\/vc_column][\/vc_row]<\/p>\n<\/div>","protected":false},"excerpt":{"rendered":"<p>[vc_row el_id=&#8221;TEXTO_NOTICIA&#8221;][vc_column][vc_column_text]L&#8217;obra Peter, El Musical es representa des del divendres 13 de gener fins al diumenge 15 de gener de 2023 al Gran Teatre, on es realitzaran un total de [&hellip;]<\/p>\n","protected":false},"author":131,"featured_media":232240,"comment_status":"closed","ping_status":"closed","sticky":false,"template":"","format":"standard","meta":{"footnotes":""},"categories":[193,391,1312],"tags":[],"class_list":["post-232257","post","type-post","status-publish","format-standard","has-post-thumbnail","hentry","category-cultura-va","category-home-va","category-noticias-va"],"_links":{"self":[{"href":"https:\/\/www.elche.es\/va\/wp-json\/wp\/v2\/posts\/232257","targetHints":{"allow":["GET"]}}],"collection":[{"href":"https:\/\/www.elche.es\/va\/wp-json\/wp\/v2\/posts"}],"about":[{"href":"https:\/\/www.elche.es\/va\/wp-json\/wp\/v2\/types\/post"}],"author":[{"embeddable":true,"href":"https:\/\/www.elche.es\/va\/wp-json\/wp\/v2\/users\/131"}],"replies":[{"embeddable":true,"href":"https:\/\/www.elche.es\/va\/wp-json\/wp\/v2\/comments?post=232257"}],"version-history":[{"count":0,"href":"https:\/\/www.elche.es\/va\/wp-json\/wp\/v2\/posts\/232257\/revisions"}],"wp:featuredmedia":[{"embeddable":true,"href":"https:\/\/www.elche.es\/va\/wp-json\/wp\/v2\/media\/232240"}],"wp:attachment":[{"href":"https:\/\/www.elche.es\/va\/wp-json\/wp\/v2\/media?parent=232257"}],"wp:term":[{"taxonomy":"category","embeddable":true,"href":"https:\/\/www.elche.es\/va\/wp-json\/wp\/v2\/categories?post=232257"},{"taxonomy":"post_tag","embeddable":true,"href":"https:\/\/www.elche.es\/va\/wp-json\/wp\/v2\/tags?post=232257"}],"curies":[{"name":"wp","href":"https:\/\/api.w.org\/{rel}","templated":true}]}}