{"id":232760,"date":"2023-01-17T13:10:21","date_gmt":"2023-01-17T12:10:21","guid":{"rendered":"https:\/\/www.elche.es\/2023\/01\/detingut-despres-duna-persecucio-per-conduir-de-manera-temeraria-i-sense-carnet\/"},"modified":"2023-01-17T13:10:21","modified_gmt":"2023-01-17T12:10:21","slug":"detingut-despres-duna-persecucio-per-conduir-de-manera-temeraria-i-sense-carnet","status":"publish","type":"post","link":"https:\/\/www.elche.es\/va\/2023\/01\/detingut-despres-duna-persecucio-per-conduir-de-manera-temeraria-i-sense-carnet\/","title":{"rendered":"Detingut despr\u00e9s d&#8217;una persecuci\u00f3 per conduir de manera temer\u00e0ria i sense carnet"},"content":{"rendered":"<div class=\"wpb-content-wrapper\"><p>[vc_row el_id=&#8221;SUBTITULAR_NOTICIA&#8221;][vc_column][vc_column_text]<\/p>\n<hr \/>\n<h4>L&#8217;home, de 36 anys, va emprendre la fugida en adonar-se de la pres\u00e8ncia policial, es va saltar sem\u00e0fors en roig i va envair el carril contrari en repetides ocasions<\/h4>\n<hr \/>\n<p>[\/vc_column_text][\/vc_column][\/vc_row][vc_row el_id=&#8221;TEXTO_NOTICIA&#8221;][vc_column][vc_column_text]La Policia Local d&#8217;Elx va detindre el divendres 13 de gener un home de 36 anys per <strong>delictes contra la seguretat vi\u00e0ria, en conduir un turisme sense carnet i de manera temer\u00e0ria<\/strong>. Sobre la una de la matinada, una dotaci\u00f3 del cos de seguretat municipal va observar com un vehicle que circulava pel carrer Manuel Campello Ruiz va fer una frenada brusca en adonar-se de la pres\u00e8ncia policial i va escapar a tota velocitat.<\/p>\n<p>D&#8217;aquesta manera, es va iniciar una persecuci\u00f3 coordinada amb la resta de patrulles de l&#8217;\u00e0rea. El fugit <strong>es va saltar diversos sem\u00e0fors en roig fins arribar a l&#8217;autovia, i va ser seguit fins a l&#8217;eixida d&#8217;Asp<\/strong>. Posteriorment, i tractant d&#8217;esquivar l&#8217;acci\u00f3 de la just\u00edcia en tot moment, va tractar d&#8217;esquivar a les unitats policials en les vies interurbanes pr\u00f2ximes i va realitzar una evident conducci\u00f3 temer\u00e0ria per les cont\u00ednues invasions del carril contrari.[\/vc_column_text][\/vc_column][\/vc_row][vc_row el_id=&#8221;DESTACADO_NOTICIA&#8221;][vc_column][vc_column_text el_class=&#8221;cuadronoticia&#8221;]<\/p>\n<h5>L&#8217;implicat, que posteriorment es va saber que estava sota els efectes de diverses drogues, es va resistir a la detenci\u00f3 i va provocar ferides lleus a dos agents de la Policia Local<\/h5>\n<p>[\/vc_column_text][\/vc_column][\/vc_row][vc_row el_id=&#8221;TEXTO_FIN_NOTICIA&#8221;][vc_column][vc_column_text]Finalment, quan es va veure acorralat, va optar per <strong>abandonar el cotxe i continuar a peu i va saltar un clos pr\u00f2xim<\/strong>. Aix\u00ed i tot, els agents van poder donar-li abast i reduir-lo. Encara que va oferir una violenta resist\u00e8ncia que va deixar dos agents ferits de levitat.<\/p>\n<p>L&#8217;home va ser detingut i traslladat a depend\u00e8ncies policials i el vehicle va ser immobilitzat en el Dep\u00f2sit Municipal. Segons va poder comprovar-se despr\u00e9s de la seua identificaci\u00f3, <strong>el subjecte mancava de perm\u00eds de conduir i va donar positiu en el test d&#8217;estupefaents<\/strong> per pres\u00e8ncia en el seu organisme de c\u00e0nnabis, metamfetamines i coca\u00efna. De fet, segons es va esbrinar, comptava amb diversos antecedents per delictes contra la salut p\u00fablica.<\/p>\n<hr \/>\n<p>&nbsp;<\/p>\n<p>[\/vc_column_text][\/vc_column][\/vc_row]<\/p>\n<\/div>","protected":false},"excerpt":{"rendered":"<p>[vc_row el_id=&#8221;SUBTITULAR_NOTICIA&#8221;][vc_column][vc_column_text] L&#8217;home, de 36 anys, va emprendre la fugida en adonar-se de la pres\u00e8ncia policial, es va saltar sem\u00e0fors en roig i va envair el carril contrari en repetides [&hellip;]<\/p>\n","protected":false},"author":131,"featured_media":187376,"comment_status":"closed","ping_status":"closed","sticky":false,"template":"","format":"standard","meta":{"footnotes":""},"categories":[2864,238],"tags":[],"class_list":["post-232760","post","type-post","status-publish","format-standard","has-post-thumbnail","hentry","category-breus","category-policia-local-va"],"_links":{"self":[{"href":"https:\/\/www.elche.es\/va\/wp-json\/wp\/v2\/posts\/232760","targetHints":{"allow":["GET"]}}],"collection":[{"href":"https:\/\/www.elche.es\/va\/wp-json\/wp\/v2\/posts"}],"about":[{"href":"https:\/\/www.elche.es\/va\/wp-json\/wp\/v2\/types\/post"}],"author":[{"embeddable":true,"href":"https:\/\/www.elche.es\/va\/wp-json\/wp\/v2\/users\/131"}],"replies":[{"embeddable":true,"href":"https:\/\/www.elche.es\/va\/wp-json\/wp\/v2\/comments?post=232760"}],"version-history":[{"count":0,"href":"https:\/\/www.elche.es\/va\/wp-json\/wp\/v2\/posts\/232760\/revisions"}],"wp:featuredmedia":[{"embeddable":true,"href":"https:\/\/www.elche.es\/va\/wp-json\/wp\/v2\/media\/187376"}],"wp:attachment":[{"href":"https:\/\/www.elche.es\/va\/wp-json\/wp\/v2\/media?parent=232760"}],"wp:term":[{"taxonomy":"category","embeddable":true,"href":"https:\/\/www.elche.es\/va\/wp-json\/wp\/v2\/categories?post=232760"},{"taxonomy":"post_tag","embeddable":true,"href":"https:\/\/www.elche.es\/va\/wp-json\/wp\/v2\/tags?post=232760"}],"curies":[{"name":"wp","href":"https:\/\/api.w.org\/{rel}","templated":true}]}}