{"id":233008,"date":"2023-01-18T15:49:16","date_gmt":"2023-01-18T14:49:16","guid":{"rendered":"https:\/\/www.elche.es\/2023\/01\/elx-estrena-marca-propia-en-fitur-amb-la-presencia-dels-reis-despanya-el-dia-de-la-inauguracio-de-la-fira-de-turisme-a-madrid\/"},"modified":"2023-01-18T15:49:16","modified_gmt":"2023-01-18T14:49:16","slug":"elx-estrena-marca-propia-en-fitur-amb-la-presencia-dels-reis-despanya-el-dia-de-la-inauguracio-de-la-fira-de-turisme-a-madrid","status":"publish","type":"post","link":"https:\/\/www.elche.es\/va\/2023\/01\/elx-estrena-marca-propia-en-fitur-amb-la-presencia-dels-reis-despanya-el-dia-de-la-inauguracio-de-la-fira-de-turisme-a-madrid\/","title":{"rendered":"Elx estrena marca pr\u00f2pia en Fitur amb la pres\u00e8ncia dels Reis d&#8217;Espanya el dia de la inauguraci\u00f3 de la Fira de Turisme a Madrid"},"content":{"rendered":"<div class=\"wpb-content-wrapper\"><p>[vc_row el_id=&#8221;SUBTITULAR_NOTICIA&#8221;][vc_column][vc_column_text]<\/p>\n<hr \/>\n<p>L&#8217;edil de Turisme, Carles Molina, acompanyat per la Reina de les Festes i les seues dames, i la regidora de Cultura, Marga Ant\u00f3n, entrega a Felipe i Leticia reproduccions en miniatura de la Dama d&#8217;Elx que s&#8217;ofereixen als visitants<\/p>\n<hr \/>\n<p>[\/vc_column_text][\/vc_column][\/vc_row][vc_row el_id=&#8221;TEXTO_NOTICIA&#8221;][vc_column][vc_column_text]Elx ha estrenat estand propi en FITUR amb una vista excepcional. Una hora despr\u00e9s que la Fira Internacional de Turisme haja obert les seues portes aquest dimecres, 18 de gener, <strong>els Reis d&#8217;Espanya Felipe i Leticia s&#8217;han parat a l&#8217;espai expositiu que Visitelche ha muntat<\/strong>. L&#8217;edil de Turisme, Carles Molina, acompanyat per la Reina de les Festes i les seues dames, i la regidora de Cultura, Marga Ant\u00f3n, han entregat al senyor Felipe i a la senyora Leticia reproduccions en miniatura de la Dama d&#8217;Elx que s&#8217;ofereixen als visitants.[\/vc_column_text][\/vc_column][\/vc_row][vc_row link=&#8221;https:\/\/vimeo.com\/51589652&#8243; el_width=&#8221;100&#8243; el_aspect=&#8221;169&#8243; align=&#8221;left&#8221; el_class=&#8221;videonoticia&#8221; title=&#8221;&#8221;][vc_column][vc_video link=&#8221;https:\/\/youtu.be\/H1dnkziHJpo&#8221; el_class=&#8221;videonoticia&#8221;][\/vc_column][\/vc_row][vc_row][vc_column][vc_column_text]&#8221;Ha sigut tot un honor per a nosaltres rebre la visita dels Reis d&#8217;Espanya&#8221;, ha dit l&#8217;edil de Turisme, que ha afegit que <strong>&#8220;per primera vegada Elx \u00e9s present com a marca pr\u00f2pia en aquesta fira internacional i no hem pogut tindre una millor estrena&#8221;.<\/strong>[\/vc_column_text][\/vc_column][\/vc_row][vc_row type=&#8221;flexslider_slide&#8221; interval=&#8221;5&#8243; source=&#8221;media_library&#8221; images=&#8221;&#8221; img_size=&#8221;full&#8221; external_img_size=&#8221;&#8221; onclick=&#8221;link_image&#8221; custom_links_target=&#8221;_self&#8221; el_class=&#8221;galerianoticia&#8221; title=&#8221;&#8221; custom_srcs=&#8221;&#8221; custom_links=&#8221;&#8221;][vc_column][vc_gallery type=&#8221;flexslider_slide&#8221; interval=&#8221;5&#8243; images=&#8221;232985,232987&#8243; img_size=&#8221;full&#8221; el_class=&#8221;galerianoticia&#8221;][\/vc_column][\/vc_row][vc_row el_id=&#8221;TEXTO_FIN_NOTICIA&#8221;][vc_column][vc_column_text]L&#8217;edil ha assegurat que &#8220;en aquestes primeres hores de fira <strong>han sigut moltes les persones que s&#8217;han acostat a l&#8217;estand atretes per la imatge del Palmerar<\/strong>, que capitalitza el taulell, aix\u00ed com per a degustar els productes il\u00b7licitans que s&#8217;ofereixen, com \u00e9s el cas de la magrana mollar i els d\u00e0tils frescos&#8221;.<\/p>\n<h5>Assemblea Ordin\u00e0ria de la xarxa de Ciutats AVE<\/h5>\n<p>Elx ha sigut present en l&#8217;Assemblea Ordin\u00e0ria de la xarxa de Ciutats AVE, una trobada en el marc de FITUR, en qu\u00e8 <strong>s&#8217;han abordat estrat\u00e8gies de futur per a les ciutats que formen part d&#8217;aquesta entitat<\/strong>. Cal recordar que Elx \u00e9s soci de ple dret d&#8217;aquesta entitat des de 2021, que coincideix amb l&#8217;arribada de l&#8217;alta velocitat al municipi.<\/p>\n<p>Tal com ha explicat l&#8217;edil de Turisme, Carles Molina, &#8220;ha sigut una interessant trobada en qu\u00e8 s&#8217;ha presentat el pla d&#8217;actuaci\u00f3 previst per a enguany, centrat en les <strong>accions de promoci\u00f3 i comercialitzaci\u00f3 de productes tur\u00edstics i experi\u00e8ncies dels destins adherits a aquesta xarxa<\/strong>, m\u00e9s d&#8217;una trentena de municipis de tota Espanya&#8221;.<\/p>\n<p>Segons Molina, aquest pla permetr\u00e0 a Elx <strong>donar m\u00e9s visibilitat a tota l&#8217;oferta tur\u00edstica que ofereix el municipi<\/strong>. &#8220;Es tracta un nou aparador en el qual col\u00b7locar tota l&#8217;oferta tur\u00edstica amb la qual comptem\u201d.<\/p>\n<p>D&#8217;aquesta manera, es donar\u00e0 <strong>major visibilitat als atractius tur\u00edstics amb els quals comptem, com \u00e9s el cas dels nostres Patrimonis de la Humanitat<\/strong>, els nostres espais naturals o la nostra gastronomia, a trav\u00e9s dels nostres paquets d&#8217;experi\u00e8ncies, que ja es troben en el portal tur\u00edstic de Visitelche.com.<\/p>\n<hr \/>\n<p>&nbsp;<\/p>\n<p>[\/vc_column_text][\/vc_column][\/vc_row][vc_row][vc_column width=&#8221;1\/6&#8243;][\/vc_column][vc_column width=&#8221;2\/3&#8243;]<audio class=\"sc_audio\" src=\"https:\/\/soundcloud.com\/ayuntamiento-de-elche\/inauguracion-de-fitur-2023?si=b7156bd7f3324cc0a05129fa3692a94d&#038;utm_source=clipboard&#038;utm_medium=text&#038;utm_campaign=social_sharing\" width=\"\" height=\"\"><\/audio>[\/vc_column][vc_column width=&#8221;1\/6&#8243;][\/vc_column][\/vc_row]<\/p>\n<\/div>","protected":false},"excerpt":{"rendered":"<p>[vc_row el_id=&#8221;SUBTITULAR_NOTICIA&#8221;][vc_column][vc_column_text] L&#8217;edil de Turisme, Carles Molina, acompanyat per la Reina de les Festes i les seues dames, i la regidora de Cultura, Marga Ant\u00f3n, entrega a Felipe i Leticia [&hellip;]<\/p>\n","protected":false},"author":131,"featured_media":232990,"comment_status":"closed","ping_status":"closed","sticky":false,"template":"","format":"standard","meta":{"footnotes":""},"categories":[391,1312,228],"tags":[],"class_list":["post-233008","post","type-post","status-publish","format-standard","has-post-thumbnail","hentry","category-home-va","category-noticias-va","category-turisme-va"],"_links":{"self":[{"href":"https:\/\/www.elche.es\/va\/wp-json\/wp\/v2\/posts\/233008","targetHints":{"allow":["GET"]}}],"collection":[{"href":"https:\/\/www.elche.es\/va\/wp-json\/wp\/v2\/posts"}],"about":[{"href":"https:\/\/www.elche.es\/va\/wp-json\/wp\/v2\/types\/post"}],"author":[{"embeddable":true,"href":"https:\/\/www.elche.es\/va\/wp-json\/wp\/v2\/users\/131"}],"replies":[{"embeddable":true,"href":"https:\/\/www.elche.es\/va\/wp-json\/wp\/v2\/comments?post=233008"}],"version-history":[{"count":0,"href":"https:\/\/www.elche.es\/va\/wp-json\/wp\/v2\/posts\/233008\/revisions"}],"wp:featuredmedia":[{"embeddable":true,"href":"https:\/\/www.elche.es\/va\/wp-json\/wp\/v2\/media\/232990"}],"wp:attachment":[{"href":"https:\/\/www.elche.es\/va\/wp-json\/wp\/v2\/media?parent=233008"}],"wp:term":[{"taxonomy":"category","embeddable":true,"href":"https:\/\/www.elche.es\/va\/wp-json\/wp\/v2\/categories?post=233008"},{"taxonomy":"post_tag","embeddable":true,"href":"https:\/\/www.elche.es\/va\/wp-json\/wp\/v2\/tags?post=233008"}],"curies":[{"name":"wp","href":"https:\/\/api.w.org\/{rel}","templated":true}]}}