{"id":233104,"date":"2023-01-19T13:48:48","date_gmt":"2023-01-19T12:48:48","guid":{"rendered":"https:\/\/www.elche.es\/2023\/01\/desenvolupament-rural-i-baia-jovens-donen-a-coneixer-el-camp-delx-de-manera-sostenible-mitjancant-un-servei-de-bicicletes-electriques-i-tricicles-per-a-persones-amb-mobilitat-reduida\/"},"modified":"2023-01-19T16:36:29","modified_gmt":"2023-01-19T15:36:29","slug":"desenvolupament-rural-i-baia-jovens-donen-a-coneixer-el-camp-delx-de-manera-sostenible-mitjancant-un-servei-de-bicicletes-electriques-i-tricicles-per-a-persones-amb-mobilitat-reduida","status":"publish","type":"post","link":"https:\/\/www.elche.es\/va\/2023\/01\/desenvolupament-rural-i-baia-jovens-donen-a-coneixer-el-camp-delx-de-manera-sostenible-mitjancant-un-servei-de-bicicletes-electriques-i-tricicles-per-a-persones-amb-mobilitat-reduida\/","title":{"rendered":"Desenvolupament Rural i Baia Jovens donen a con\u00e9ixer el Camp d\u2019Elx de manera sostenible mitjan\u00e7ant un servei de bicicletes el\u00e8ctriques i tricicles per a persones amb mobilitat redu\u00efda"},"content":{"rendered":"<div class=\"wpb-content-wrapper\"><p>[vc_row el_id=&#8221;SUBTITULAR_NOTICIA&#8221;][vc_column][vc_column_text]<\/p>\n<hr \/>\n<h4>El regidor de l&#8217;\u00e0rea, Felip S\u00e0nchez, presenta aquest projecte de dinamitzaci\u00f3 en la pedania de las Baia que conjumina la sostenibilitat i la inclusi\u00f3 amb la promoci\u00f3 dels valors mediambientals, naturals, culturals i socials del medi rural il\u00b7licit\u00e0<\/h4>\n<hr \/>\n<p>[\/vc_column_text][\/vc_column][\/vc_row][vc_row el_id=&#8221;TEXTO_NOTICIA&#8221;][vc_column][vc_column_text]La Regidoria de Desenvolupament Rural de l&#8217;Ajuntament d&#8217;Elx en col\u00b7laboraci\u00f3 de l&#8217;Associaci\u00f3 Baia Jovens ha posat en marxa un <strong>projecte de dinamitzaci\u00f3 que permetr\u00e0 donar a con\u00e9ixer els valors del Camp d\u2019Elx de manera sostenible mitjan\u00e7ant rutes amb bicicletes el\u00e8ctriques i tricicles per a persones amb mobilitat redu\u00efda<\/strong>. L&#8217;edil de l&#8217;\u00e0rea, Felip S\u00e0nchez, acompanyat pel president de l&#8217;entitat, Vicent Soler, ha presentat la iniciativa a la pedania de la Baia que compta amb una subvenci\u00f3 del programa LEADER ( Liaison Entre Actions de D\u00e9veloppement de l\u2019\u00c9conomie Rurale) amb la qual el Consistori ha comprat les bicicletes el\u00e8ctriques per un valor de 9.000 euros i s&#8217;ha fet c\u00e0rrec de la instal\u00b7laci\u00f3 per a la rec\u00e0rrega i l\u2019emmagatzematge d\u2019aquestes per un import de 7.600 euros.[\/vc_column_text][\/vc_column][\/vc_row][vc_row type=&#8221;flexslider_slide&#8221; interval=&#8221;5&#8243; source=&#8221;media_library&#8221; images=&#8221;&#8221; img_size=&#8221;full&#8221; external_img_size=&#8221;&#8221; onclick=&#8221;link_image&#8221; custom_links_target=&#8221;_self&#8221; el_class=&#8221;galerianoticia&#8221; title=&#8221;&#8221; custom_srcs=&#8221;&#8221; custom_links=&#8221;&#8221;][vc_column][vc_gallery type=&#8221;flexslider_slide&#8221; interval=&#8221;5&#8243; images=&#8221;233064,233066,233068,233070,233072&#8243; img_size=&#8221;full&#8221; el_class=&#8221;galerianoticia&#8221;][\/vc_column][\/vc_row][vc_row][vc_column][vc_column_text]S\u00e0nchez ha posat l&#8217;accent en el fet que el projecte sota el t\u00edtol \u2018Bici-rural\u2019<strong> conjumina la sostenibilitat i la inclusi\u00f3 amb donar a con\u00e9ixer els valors mediambientals, naturals, culturals i socials<\/strong> del medi rural il\u00b7licit\u00e0.<\/p>\n<p>A causa de l&#8217;increment de l&#8217;\u00fas de la bicicleta entre els ve\u00efns del Camp d\u2019Elx, Soler considera que aquesta iniciativa \u00e9s una manera <strong>sostenible, participativa i promotora del voluntariat<\/strong> en projectes saludables i inclusius per a la comunitat.<\/p>\n<p>Aix\u00ed mateix, Soler ha indicat que es realitzaran tallers per a la reparaci\u00f3 de bicicletes, activitats d&#8217;educaci\u00f3 vi\u00e0ria, a m\u00e9s de rutes pels<strong> carrils bici o pels paratges naturals com ara el Fondo, el Clot de Galvany, la Marina, entre altres<\/strong>.[\/vc_column_text][\/vc_column][\/vc_row][vc_row el_id=&#8221;DESTACADO_NOTICIA&#8221;][vc_column][vc_column_text el_class=&#8221;cuadronoticia&#8221;]<\/p>\n<h5>Es realitzaran tallers per a la reparaci\u00f3 de bicicletes, activitats d&#8217;educaci\u00f3 vi\u00e0ria, a m\u00e9s de rutes pels carrils bici o pels paratges naturals com el Fodo, el Clot de Galvany, la Marina, entre altres<\/h5>\n<p>[\/vc_column_text][\/vc_column][\/vc_row][vc_row el_id=&#8221;TEXTO_FIN_NOTICIA&#8221;][vc_column][vc_column_text]Les bicicletes estaran a la disposici\u00f3 dels sol\u00b7licitants en el Centre Social de la Baia, on tamb\u00e9 les podran recarregar i emmagatzemar. De moment <strong>hi ha cinc bicicletes i un tricicle, per\u00f2 segons ha assenyalat S\u00e0nchez, s&#8217;aniran sumant m\u00e9s persones a les eixides a mesura que es vaja implementant aquest servei<\/strong> que busca satisfer necessitats d&#8217;inter\u00e9s p\u00fablic de car\u00e0cter ambiental, social, comunitari, educatiu, saludable, d&#8217;identitat i sentit de pertinen\u00e7a de la ciutadania, en el marc dels objectius plasmats, entre altres, en la planificaci\u00f3 estrat\u00e8gica de Desenvolupament Urb\u00e0 Sostenible Integrat Elx-2030, en el Pla Estrat\u00e8gic ELX2030 i els Objectius de Desenvolupament Sostenible.<\/p>\n<hr \/>\n<p>&nbsp;<\/p>\n<p>[\/vc_column_text][\/vc_column][\/vc_row][vc_row][vc_column width=&#8221;1\/6&#8243;][\/vc_column][vc_column width=&#8221;2\/3&#8243;]<audio class=\"sc_audio\" src=\"https:\/\/soundcloud.com\/ayuntamiento-de-elche\/presentacion-del-servicio-de-bicicleta-electrica-para-el-camp-delx?si=4f6e4da0d47c41fc92a8b589e8fd4870&#038;utm_source=clipboard&#038;utm_medium=text&#038;utm_campaign=social_sharing\" width=\"\" height=\"\"><\/audio>[\/vc_column][vc_column width=&#8221;1\/6&#8243;][\/vc_column][\/vc_row]<\/p>\n<\/div>","protected":false},"excerpt":{"rendered":"<p>[vc_row el_id=&#8221;SUBTITULAR_NOTICIA&#8221;][vc_column][vc_column_text] El regidor de l&#8217;\u00e0rea, Felip S\u00e0nchez, presenta aquest projecte de dinamitzaci\u00f3 en la pedania de las Baia que conjumina la sostenibilitat i la inclusi\u00f3 amb la promoci\u00f3 dels [&hellip;]<\/p>\n","protected":false},"author":131,"featured_media":233075,"comment_status":"closed","ping_status":"closed","sticky":false,"template":"","format":"standard","meta":{"footnotes":""},"categories":[2716,391,1312],"tags":[],"class_list":["post-233104","post","type-post","status-publish","format-standard","has-post-thumbnail","hentry","category-desenvolupament-rural-va","category-home-va","category-noticias-va"],"_links":{"self":[{"href":"https:\/\/www.elche.es\/va\/wp-json\/wp\/v2\/posts\/233104","targetHints":{"allow":["GET"]}}],"collection":[{"href":"https:\/\/www.elche.es\/va\/wp-json\/wp\/v2\/posts"}],"about":[{"href":"https:\/\/www.elche.es\/va\/wp-json\/wp\/v2\/types\/post"}],"author":[{"embeddable":true,"href":"https:\/\/www.elche.es\/va\/wp-json\/wp\/v2\/users\/131"}],"replies":[{"embeddable":true,"href":"https:\/\/www.elche.es\/va\/wp-json\/wp\/v2\/comments?post=233104"}],"version-history":[{"count":0,"href":"https:\/\/www.elche.es\/va\/wp-json\/wp\/v2\/posts\/233104\/revisions"}],"wp:featuredmedia":[{"embeddable":true,"href":"https:\/\/www.elche.es\/va\/wp-json\/wp\/v2\/media\/233075"}],"wp:attachment":[{"href":"https:\/\/www.elche.es\/va\/wp-json\/wp\/v2\/media?parent=233104"}],"wp:term":[{"taxonomy":"category","embeddable":true,"href":"https:\/\/www.elche.es\/va\/wp-json\/wp\/v2\/categories?post=233104"},{"taxonomy":"post_tag","embeddable":true,"href":"https:\/\/www.elche.es\/va\/wp-json\/wp\/v2\/tags?post=233104"}],"curies":[{"name":"wp","href":"https:\/\/api.w.org\/{rel}","templated":true}]}}