{"id":233163,"date":"2023-01-19T14:51:31","date_gmt":"2023-01-19T13:51:31","guid":{"rendered":"https:\/\/www.elche.es\/2023\/01\/el-consorcio-interpreta-els-seus-grans-exits-el-divendres-al-gran-teatre\/"},"modified":"2023-01-19T14:51:31","modified_gmt":"2023-01-19T13:51:31","slug":"el-consorcio-interpreta-els-seus-grans-exits-el-divendres-al-gran-teatre","status":"publish","type":"post","link":"https:\/\/www.elche.es\/va\/2023\/01\/el-consorcio-interpreta-els-seus-grans-exits-el-divendres-al-gran-teatre\/","title":{"rendered":"El Consorcio interpreta els seus grans \u00e8xits el divendres al Gran Teatre"},"content":{"rendered":"<div class=\"wpb-content-wrapper\"><p>[vc_row el_id=&#8221;SUBTITULAR_NOTICIA&#8221;][vc_column][vc_column_text]<\/p>\n<hr \/>\n<h4>Els humoristes Pepe C\u00e9spedes, Kalderas, David Dom\u00ednguez i Rub\u00e9n Serrano actuen a La Llotja amb l&#8217;espectacle <em>Mon\u00f2legs a la Carta<\/em><\/h4>\n<hr \/>\n<p>[\/vc_column_text][\/vc_column][\/vc_row][vc_row el_id=&#8221;TEXTO_NOTICIA&#8221;][vc_column][vc_column_text]El grup musical <strong>El Consorcio<\/strong> actua el divendres 20 de gener al Gran Teatre interpretant, on interpretar\u00e0 els seus grans \u00e8xits, entre els quals destaquen nombroses can\u00e7ons de la seua etapa com a Mocedades i que s\u00f3n molt conegudes pel p\u00fablic. El concert, que tindr\u00e0 lloc a les 20.30 hores, s&#8217;emmarca dins de la seua gira <strong><em>Toda una vida<\/em><\/strong>.<\/p>\n<p>El Consorcio est\u00e0 format per Amaya Uranga, Est\u00edbaliz Uranga, I\u00f1aki Uranga, i Carlos Zubiaga. \u00c9s l&#8217;\u00fanica formaci\u00f3 hispana que ha venut m\u00e9s d&#8217;un mili\u00f3 de c\u00f2pies d&#8217;un senzill cantat \u00edntegrament en castell\u00e0. I en 2016 van obtindre un Grammy Llat\u00ed.<\/p>\n<p>Tamb\u00e9 el divendres, per\u00f2 a les 21.00 hores i a La Llotja, tindr\u00e0 lloc l&#8217;espectacle d&#8217;humor <strong><em>Mon\u00f2legs a la Carta<\/em><\/strong>, que compta amb la participaci\u00f3 dels c\u00f2mics Pepe C\u00e9spedes, Kalderas, David Dom\u00ednguez i Rub\u00e9n Serrano.<\/p>\n<p>El dissabte a les 22.00 hores, a la Llotja, debuta el conjunt musical <strong>Ra\u00edces Latinas<\/strong>, que interpretar\u00e0 un ampli repertori de boleros i m\u00fasica llatinoamericana.<\/p>\n<p>Els cines Odeon ofereixen aquesta setmana, de dimecres a diumenge el drama franc\u00e9s <em><strong>El acusado<\/strong>,<\/em> que narra una hist\u00f2ria sobre una den\u00fancia per violaci\u00f3 i les seues conseq\u00fc\u00e8ncies jur\u00eddiques i medi\u00e0tiques. I en la sessi\u00f3 infantil, aquest cap de setmana es projecta el film <strong><em>Padre no hay m\u00e1s que uno 3<\/em><\/strong>.<\/p>\n<p>A la Tramoia, el dissabte i el diumenge a les 12.00 hores, comen\u00e7ar\u00e0 el taller familiar <strong><em>Laboratori Crom\u00e0tic<\/em><\/strong>. Es tracta d&#8217;un espai de joc, experimentaci\u00f3 i observaci\u00f3 que est\u00e0 orientat a xiquets i xiquetes d&#8217;entre 2 i 6 anys que vagen acompanyats d&#8217;una persona adulta.<\/p>\n<p>A la Calaforra, des del 18 de gener fins al 6 de febrer es realitza l&#8217;exposici\u00f3 <em><strong>Cartells, fotografia i dibuix infantil<\/strong><\/em> de l&#8217;Associaci\u00f3 Festera de Moros i Cristians d&#8217;Elx.[\/vc_column_text][\/vc_column][\/vc_row][vc_row el_id=&#8221;DESTACADO_NOTICIA&#8221;][vc_column][vc_single_image image=&#8221;233145&#8243; img_size=&#8221;full&#8221; onclick=&#8221;link_image&#8221; el_class=&#8221;fotounicanoticia&#8221;][\/vc_column][\/vc_row][vc_row el_id=&#8221;TEXTO_FIN_NOTICIA&#8221;][vc_column][vc_column_text]<strong>GRAN TEATRE<\/strong><\/p>\n<p>Musica: <strong><em>Toda una vida<\/em>, amb El Consorcio<\/strong>.<\/p>\n<p>Divendres 20 de gener: 20.30 h<\/p>\n<p>Preu: 25, 30 i 35 \u20ac<\/p>\n<p>Duraci\u00f3: 110 minuts. Venda: taquilla del Gran Teatre o\u00a0<strong><a href=\"https:\/\/instanticket.es\/el-consorcio,-toda-una-vida\" target=\"_blank\" rel=\"noopener\">Instanticket<\/a><\/strong><\/p>\n<p>Informaci\u00f3: per a parlar d\u2019El Consorcio \u00e9s inevitable remetre&#8217;s a Mocedades, ja que tots els seus integrants van pert\u00e0nyer a aquell grup, l&#8217;\u00fanica formaci\u00f3 hispana que ha venut m\u00e9s d&#8217;un mili\u00f3 de c\u00f2pies d&#8217;un senzill cantant \u00edntegrament en castell\u00e0. En aquesta gira podrem escoltar una selecci\u00f3 dels seus 50 millors \u00e8xits.<\/p>\n<p><strong>CINES ODEON:<\/strong><\/p>\n<p>Filmoteca:<em><strong> El acusado<\/strong><\/em><\/p>\n<p>Del dimecres 18 al diumenge 22 de gener<\/p>\n<p>17.30 i 20.30 hores<\/p>\n<p>Sala A<\/p>\n<p>Venda: taquilla o <strong><a href=\"https:\/\/instanticket.es\/el-acusado\" target=\"_blank\" rel=\"noopener\">Instanticket<\/a><\/strong><\/p>\n<p>Sinopsi: Els Farel s\u00f3n una parella poderosa: Jean \u00e9s un destacat expert franc\u00e9s i la seua esposa Caire una assagista coneguda pel seu feminisme radical. Junts tenen un fill exemplar, que estudia en una prestigiosa universitat. Durant una breu visita a Par\u00eds, Alexandre coneix Mila, la filla de la nova parella de la seua mare, i la convida a una festa. L&#8217;endem\u00e0, Mila presenta una den\u00fancia contra Alexandre per violaci\u00f3 que destrueix l&#8217;harmonia familiar i posa en marxa una inextricable m\u00e0quina judicial i medi\u00e0tica que confronta versions oposades.<\/p>\n<p>Cinema infantil: <strong><em>Padre no hay m\u00e1s que uno 3<\/em><\/strong><\/p>\n<p>Dissabte 21 de gener a les 17.30 i 20.00 h<\/p>\n<p>Diumenge 22 de gener a les 17.30 h<\/p>\n<p>Sala B<\/p>\n<p>Venda: taquilla o Instanticket<\/p>\n<p>Sinopsi: S&#8217;acosta el Nadal. Els xiquets trenquen accidentalment una figureta del Betlem de col\u00b7lecci\u00f3 del seu pare i han d&#8217;aconseguir per tots els mitjans una igual; el problema \u00e9s que \u00e9s una pe\u00e7a \u00fanica d&#8217;antiquari.<\/p>\n<p>Preus Cines Odeon<\/p>\n<p>Entrada general: 3\u20ac<\/p>\n<p>Dimecres (dia de l&#8217;espectador): 1,5\u20ac (gratis amb la targeta daurada de l&#8217;Ajuntament)<\/p>\n<p>Dijous: Gratis per a estudiants de secund\u00e0ria, batxillerat i de la Universitat d&#8217;Elx (amb el carnet del centre educatiu).<\/p>\n<p>Filmoteca en VOSE: Dijous a les 20.00 i 22.30.<\/p>\n<p><strong>LA LLOTJA<\/strong><\/p>\n<p>Com\u00e8dia:<strong> <em>Mon\u00f2legs a la Carta<\/em>, amb Pepe C\u00e9spedes, Kalderas, David Dom\u00ednguez i Rub\u00e9n Serrano<\/strong><\/p>\n<p>Divendres 20 de gener: 21.00 h<\/p>\n<p>Preu: 16,20 \u20ac anticipada i 18 \u20ac en taquilla<\/p>\n<p>Venda: <strong><a href=\"https:\/\/zetaefeproducciones.compralaentrada.com\/aviso-de-privacidad\" target=\"_blank\" rel=\"noopener\">https:\/\/zetaefeproducciones.compralaentrada.com\/aviso-de-privacidad<\/a><\/strong><\/p>\n<p>Informaci\u00f3: Espectacle d&#8217;humor en qu\u00e8 s&#8217;ofereixen grans plats a degustar per l&#8217;espectador. Cada plat generar\u00e0 un mili\u00f3 de sensacions que faran riure i gaudir d&#8217;una vetlada inoblidable.<\/p>\n<p>M\u00fasica:<strong> Ra\u00edces Latinas<\/strong><\/p>\n<p>Dissabte 21 de gener: 22.00 h<\/p>\n<p>Preu: 10 \u20ac a benefici de diferents ONG<\/p>\n<p>Venda: taquilla del Gran Teatre, taquilla de La Llotja una hora abans de l&#8217;espectacle o <strong><a href=\"https:\/\/instanticket.es\/raices-latinas\" target=\"_blank\" rel=\"noopener\">Instanticket<\/a><\/strong><\/p>\n<p>Informaci\u00f3: Debut del conjunt musical Ra\u00edces Latinas, que interpreta de manera atrevida i amb estil propi, boleros de tota la vida i s\u2019endinsa a la m\u00fasica llatinoamericana, amb un repertori del gust de tot el p\u00fablic.<\/p>\n<p><strong>MAHE<\/strong><\/p>\n<p>Exposici\u00f3 <strong><em>La Dama Viatgera. El periple de l&#8217;escultura m\u00e9s famosa de l&#8217;art ib\u00e8ric<\/em><\/strong><\/p>\n<p>Del divendres 25 de novembre de 2022 al 30 d&#8217;abril de 2023<\/p>\n<p>Dilluns a dissabte de 10.00 a 18.00 hores i diumenges i festius de 10.00 a 15.00 hores<\/p>\n<p>Exposici\u00f3 gratu\u00efta<\/p>\n<p>Sala d&#8217;exposicions temporals del MAHE<\/p>\n<p>Informaci\u00f3: exposici\u00f3 gr\u00e0fica i audiovisual que recorre a trav\u00e9s de 10 estands el periple que va conduir a la Dama D\u2019Elx des del seu descobriment a L&#8217;Alc\u00fadia fa 125 anys, passant per la seua arribada fins al Museu del Louvre i acabant fins al segon pr\u00e9stec a Elx en 2006.<\/p>\n<p>Visites guiades a l&#8217;exposici\u00f3 temporal <em>La Dama Viatgera<\/em><\/p>\n<p>Dissabtes i diumenges a les 13.00 hores<\/p>\n<p>Sala d&#8217;exposicions temporals del MAHE<\/p>\n<p>M\u00e9s informaci\u00f3 i reserves: tel\u00e8fon 966 658 203 (servei disponible de dilluns a dissabte de 10.00 a 18.00 h).<\/p>\n<p>Visites guiades a l&#8217;exposici\u00f3 permanent del MAHE<\/p>\n<p>Dissabtes i diumenges a la 11.30 hores<\/p>\n<p>Sala d&#8217;Exposicions MAHE<\/p>\n<p>M\u00e9s informaci\u00f3 i reserves: tel\u00e8fon 966 658 203 (servei disponible de dilluns a dissabte de 10.00 a 18.00 h).<\/p>\n<p><strong>BIBLIOTEQUES<\/strong><\/p>\n<p>Activitat <strong><em>La Hora del Cuento<\/em> i Taller Polseres de l&#8217;Amista<\/strong><\/p>\n<p><span style=\"text-decoration: underline;\">Biblioteca Mestre Pep Sempere<\/span><\/p>\n<p>Dimarts 17 de gener<\/p>\n<p>De 17.30 a 18.30 hores<\/p>\n<p>Entrada limitada a l&#8217;aforament pr\u00e8via reserva<\/p>\n<p>Informaci\u00f3: per a l&#8217;activitat s&#8217;ha triat el conte <em>Juntos<\/em>, d&#8217;Eloy Moreno.<\/p>\n<p>Activitat <em>La Hora del Cuento<\/em> i taller Polseres de l&#8217;Amistat<\/p>\n<p><span style=\"text-decoration: underline;\">Biblioteca Gloria Fuertes<\/span><\/p>\n<p>Dijous 19 de gener<\/p>\n<p>De 17.30 a 18.30 hores<\/p>\n<p>Entrada limitada a l&#8217;aforament pr\u00e8via reserva<\/p>\n<p>Informaci\u00f3: per a l&#8217;activitat s&#8217;ha triat el conte <em>Juntos<\/em>, d&#8217;Eloy Moreno.<\/p>\n<p>Taller infantil: <em>Juguem amb els paraules<\/em>, realitzat per Joan Fabrellas<\/p>\n<p>Dissabtes 21 i 28 de gener<\/p>\n<p>Sala Infantil i Juvenil de la Biblioteca Pere Ibarra<\/p>\n<p>11.00 h<\/p>\n<p>Informaci\u00f3: la hist\u00f2ria de les paraules. Tamb\u00e9 les farem, les buscarem i jugarem amb elles. Dirigit a xiquets d&#8217;entre 6 i 12 anys.<\/p>\n<p><strong>CAPELLA DE LES CLARISSES<\/strong><\/p>\n<p>Exposici\u00f3: <em>Sonrisas de \u00c1frica<\/em> de Nati Pamies<\/p>\n<p>Del 21 de desembre al 22 de gener<\/p>\n<p>Informaci\u00f3: pintures basades en les fotografies relacionades amb persones d&#8217;\u00c0frica. \u00c9s un xicotet homenatge a tots els que d&#8217;alguna forma fan somriure als xiquets.<\/p>\n<p><strong>ORDE TERCER<\/strong><\/p>\n<p>Exposici\u00f3 col\u00b7lectiva del concurs <em><strong>Primer Premi d&#8217;Art T\u00e8xtil Contemporani 2022<\/strong><\/em><\/p>\n<p>Del 22 de novembre de 2022 al 26 de febrer de 2023<\/p>\n<p>De dimarts a dissabtes de 10.00 a 14.00 hores i de 15.00 a 18.00 hores \/ Diumenges i festius de 10.00 a 14.00 hores<\/p>\n<p>Gratu\u00efta<\/p>\n<p>Informaci\u00f3: la Regidoria de Cultura col\u00b7labora amb l&#8217;Institut Alacant\u00ed de Cultura Juan Gil-Albert, que \u00e9s el creador del Premi Art T\u00e8xtil Contemporani. L&#8217;exposici\u00f3 consta de 21 obres guardonades i els premis arriben a 12.000 euros.<\/p>\n<p><strong>LA CALAFORRA<\/strong><\/p>\n<p>Exposici\u00f3: <em><strong>Cartells, fotografies i dibuix infantil<\/strong><\/em><\/p>\n<p>Del 18 de gener al 6 de febrer<\/p>\n<p>Informaci\u00f3: cessi\u00f3 a la Regidoria de Festes a petici\u00f3 de l&#8217;Associaci\u00f3 Festera de Moros i Cristians d&#8217;Elx.<\/p>\n<p><strong>LA TRAMOIA<\/strong><\/p>\n<p>Taller familiar: <strong><em>Laboratorio Crom\u00e1tico<\/em><\/strong><em>, <\/em>coordinat per<strong> NSM Teatre<\/strong><\/p>\n<p>Dissabte 21 i diumenge 22 de gener<\/p>\n<p>De 12.00 a 13.30 hores<\/p>\n<p>Informaci\u00f3 i reserves: 605 199 138<\/p>\n<p>Informaci\u00f3: espai de joc, experimentaci\u00f3 i observaci\u00f3. Dirigit a xiquets i xiquetes d&#8217;entre 2 i 6 anys, acompanyats d&#8217;un adult. La vida est\u00e0 plena de colors, de moments, d&#8217;experi\u00e8ncies\u2026 Per aquesta ra\u00f3, aquest Laboratori comen\u00e7a en \u201cblanc\u201d, perqu\u00e8 siguen els participants els encarregats d&#8217;acolorir, embolicar i creuar els seus camins en l&#8217;espai, com en la vida real\u2026<\/p>\n<hr \/>\n<p>&nbsp;[\/vc_column_text][\/vc_column][\/vc_row]<\/p>\n<\/div>","protected":false},"excerpt":{"rendered":"<p>[vc_row el_id=&#8221;SUBTITULAR_NOTICIA&#8221;][vc_column][vc_column_text] Els humoristes Pepe C\u00e9spedes, Kalderas, David Dom\u00ednguez i Rub\u00e9n Serrano actuen a La Llotja amb l&#8217;espectacle Mon\u00f2legs a la Carta [\/vc_column_text][\/vc_column][\/vc_row][vc_row el_id=&#8221;TEXTO_NOTICIA&#8221;][vc_column][vc_column_text]El grup musical El Consorcio actua el [&hellip;]<\/p>\n","protected":false},"author":131,"featured_media":233143,"comment_status":"closed","ping_status":"closed","sticky":false,"template":"","format":"standard","meta":{"footnotes":""},"categories":[193,391,1312],"tags":[],"class_list":["post-233163","post","type-post","status-publish","format-standard","has-post-thumbnail","hentry","category-cultura-va","category-home-va","category-noticias-va"],"_links":{"self":[{"href":"https:\/\/www.elche.es\/va\/wp-json\/wp\/v2\/posts\/233163","targetHints":{"allow":["GET"]}}],"collection":[{"href":"https:\/\/www.elche.es\/va\/wp-json\/wp\/v2\/posts"}],"about":[{"href":"https:\/\/www.elche.es\/va\/wp-json\/wp\/v2\/types\/post"}],"author":[{"embeddable":true,"href":"https:\/\/www.elche.es\/va\/wp-json\/wp\/v2\/users\/131"}],"replies":[{"embeddable":true,"href":"https:\/\/www.elche.es\/va\/wp-json\/wp\/v2\/comments?post=233163"}],"version-history":[{"count":0,"href":"https:\/\/www.elche.es\/va\/wp-json\/wp\/v2\/posts\/233163\/revisions"}],"wp:featuredmedia":[{"embeddable":true,"href":"https:\/\/www.elche.es\/va\/wp-json\/wp\/v2\/media\/233143"}],"wp:attachment":[{"href":"https:\/\/www.elche.es\/va\/wp-json\/wp\/v2\/media?parent=233163"}],"wp:term":[{"taxonomy":"category","embeddable":true,"href":"https:\/\/www.elche.es\/va\/wp-json\/wp\/v2\/categories?post=233163"},{"taxonomy":"post_tag","embeddable":true,"href":"https:\/\/www.elche.es\/va\/wp-json\/wp\/v2\/tags?post=233163"}],"curies":[{"name":"wp","href":"https:\/\/api.w.org\/{rel}","templated":true}]}}